{"id":2621,"name":"Daniel Armando Barrios Ostos","url":"http:\/\/www.sav.org.ve","description":"Social-dem\u00f3crata, estudiante de Educaci\u00f3n de la UCV, ateo y esc\u00e9ptico con cierto sarcasmo intr\u00ednseco.","link":"https:\/\/www.panfletonegro.com\/v\/author\/daniel-armando-barrios-ostos\/","slug":"daniel-armando-barrios-ostos","avatar_urls":{"24":"https:\/\/secure.gravatar.com\/avatar\/c8ed50e0873cc22498d4a3c4c7e9bf732df1a75749c07a6d70cd8a2595989910?s=24&d=mm&r=x","48":"https:\/\/secure.gravatar.com\/avatar\/c8ed50e0873cc22498d4a3c4c7e9bf732df1a75749c07a6d70cd8a2595989910?s=48&d=mm&r=x","96":"https:\/\/secure.gravatar.com\/avatar\/c8ed50e0873cc22498d4a3c4c7e9bf732df1a75749c07a6d70cd8a2595989910?s=96&d=mm&r=x"},"meta":{"jetpack_donation_warning_dismissed":false},"_links":{"self":[{"href":"https:\/\/www.panfletonegro.com\/v\/wp-json\/wp\/v2\/users\/2621","targetHints":{"allow":["GET"]}}],"collection":[{"href":"https:\/\/www.panfletonegro.com\/v\/wp-json\/wp\/v2\/users"}]}}