{"id":898,"date":"2007-11-04T14:23:39","date_gmt":"2007-11-04T18:23:39","guid":{"rendered":"http:\/\/www.panfletonegro.com\/v\/2007\/11\/04\/el-poder-segun-platanoverde\/"},"modified":"2007-11-04T14:33:16","modified_gmt":"2007-11-04T18:33:16","slug":"el-poder-segun-platanoverde","status":"publish","type":"post","link":"https:\/\/www.panfletonegro.com\/v\/2007\/11\/04\/el-poder-segun-platanoverde\/","title":{"rendered":"El Poder seg\u00fan Platanoverde"},"content":{"rendered":"<p><a href=\"https:\/\/i0.wp.com\/www.panfletonegro.com\/v\/wp-content\/uploads\/2007\/11\/noesunplatano3.jpg\" title='noesunplatano3.jpg'><img data-recalc-dims=\"1\" src=\"https:\/\/i0.wp.com\/www.panfletonegro.com\/v\/wp-content\/uploads\/2007\/11\/noesunplatano3.jpg?w=696\" alt='noesunplatano3.jpg' \/><\/a><br \/>\nNo voy a personalizar esto, y lo voy a escribir con suma cautela para no caer en una binaria y necia discusi\u00f3n de yo contra Leo. Y no lo voy a personalizar porque creo que el tono de la discusi\u00f3n con los panas de platano, ya trascendi\u00f3 del plano despectivo de las botellas, los insultos y las descalificaciones ad hominem por la web.<\/p>\n<p>Y no la voy a personalizar porque en el \u00faltimo n\u00famero de platano colaboran periodistas y personas a las que tengo en alta estima, empezando por H\u00e9ctor Bujanda y terminado por Cherry Adam, con la cual he compartido diversos espacios editoriales.Y no lo voy a personalizar porque , adem\u00e1s, valoro el trabajo que significa publicar una revista como platanoverde en un pa\u00eds como Venezuela, donde todo est\u00e1 cuesta arriba para el desarrollo de cualquier iniciativa que no involucre chicas urbe bikini y portadas faranduleras en el plan de rodaje. As\u00ed que la cosa, al menos directamente, no es con ustedes, plataneros. La cosa es con el enfoque del \u00faltimo de n\u00famero. La cosa es , sobre todo, con el desarrollo del tema central.<\/p>\n<p> Platanoverde plantea una revisi\u00f3n del tema del poder, lo cual resulta de completa vigencia. El problema es que pareciera que hay fuerzas, objetivas y subjetivas, que impiden que el tema se aborde con mayor fuerza, con mayor gu\u00e1ramo, pues. Y esas fuerzas son , para empezar, las de la propia publicidad de la revista. Me explico. Es muy contradictorio hablar del Poder, por un lado, y por el otro recibir el apoyo mercadot\u00e9cnico de m\u00faltiples formas de poder pol\u00edtico y econ\u00f3mico. En dos platos, hay un  elocuente choque de intereses cuando queremos deconstruir el tema del poder, desde una plataforma no s\u00f3lo devenida en plataforma de poder,la de platano, sino alimentada por los tent\u00e1culos del poder en ejercicio a trav\u00e9s de p\u00e1ginas y anuncios pagados por el estado. <\/p>\n<p>Espec\u00edficamente, cinco p\u00e1ginas sufragadas por la Alcald\u00eda Mayor de Juan Barreto vienen a echar por tierra el esfuerzo de platanoverde por desmontar el tema del poder, sin mencionar el respaldo propagand\u00edstico de la Mega Estaci\u00f3n y Avila TV. Cinco p\u00e1ginas consagradas a glorificar la \u00e9pica restauradora y alternativa de la revoluci\u00f3n bonita, por v\u00eda de la exaltaci\u00f3n de proyectos cuestionables como la remodelaci\u00f3n, roja rojita, del Nuevo Circo, coronada por el eslogan platanero Esto no es cualquier circo, y el negocio contracultural de Tiuna el Fuerte, donde organizan cine foros antimperialistas con pel\u00edculas  blockbuster como Truman Show, por se\u00f1alar apenas una de tantas paradojas. <\/p>\n<p>Ello, naturalmente, tiende a condicionar el irregular, desigual y hasta decepcionante tratamiento anal\u00edtico del t\u00f3pico del poder, en funci\u00f3n de ideas y categor\u00edas manoseadas. Nada nuevo hay detr\u00e1s del an\u00e1lisis platanero sobre el poder, y llama poderosamente la atenci\u00f3n la asepsia, la neutralidad,el decoro, el respeto y la resignaci\u00f3n con que se asumen ciertos debates en torno al poder, como si hubiese miedo de decir las cosas, como si hubiese temor de llamar a las cosas por su nombre.Miedo a desafiar al poder establecido. <\/p>\n<p>As\u00ed, el retrato del poder medi\u00e1tico representa el eslab\u00f3n m\u00e1s d\u00e9bil de la cadena, en su incapacidad, voluntaria, por desnudar el verdadero perfil apocal\u00edptico del asunto.Nada se dice de la actual guerra medi\u00e1tica entre los canales privados, nada se dice de la irresponsabilidad comunicacional del gobierno en materia de aprovechamiento proselitista de la se\u00f1al abierta. Nada se dice realmente sobre nada. Y lo mismo aplica para el art\u00edculo, fofo y lugarcomunero, de Clodovaldo acerca de La Hojilla y Al\u00f3 Ciudadano, lleno de informaciones y conceptos refritos. Un verdadero caliche. <\/p>\n<p>Igualmente pasa con el texto de Jes\u00fas Ernesto sobre poder militar, cuyo aporte se restringe a lo estrictamente literario, porque en lo dem\u00e1s peca de trillado. No hace falta leerlo para enterarse del absurdo que impera en el nuevo estamento castrense. En cuanto a Leo, comprendo la inquietud por el poder de las secretarias, pero creo que me inquieta m\u00e1s el poder de los patrones de las secretarias. <\/p>\n<p>Finalmente , se siente un abismo entre este tipo de propuestas en clave reporteril y propuestas menos anecd\u00f3ticas como las de H\u00e9ctor, el \u00fanico del grupo que supera el handicap general de croniquilla resignada a golpe de titulares recalentados, memes de baja definici\u00f3n y peri\u00f3dicos de ayer. <\/p>\n<p>En suma, el pl\u00e1tano se queda corto en su mirada hacia el poder, mientras sigue reforz\u00e1ndose como patr\u00f3n medi\u00e1tico de poder para decidir qu\u00e9 va y qu\u00e9 no va dentro de su esquema est\u00e9tico, sustentado por avisos del poder reinante. Una vez m\u00e1s, rebelarse vende pero tambi\u00e9n cuesta caro. <\/p>\n<p>Platanoverde tiene poder para conseguir editores de lujo y para lograr que escritores como Salvador Flej\u00e1n le dediquen paneg\u00edricos de dudoso origen. Platanoverde tiene el poder de convocar a Vasco para que le confiera m\u00e1s poder medi\u00e1tico a las no bandas de este pa\u00eds. Platanoverde est\u00e1 con el poder y por eso se le dificulta escribir contra el poder. L\u00e1stima.        <\/p>\n","protected":false},"excerpt":{"rendered":"<p>No voy a personalizar esto, y lo voy a escribir con suma cautela para no caer en una binaria y necia discusi\u00f3n de yo contra Leo. Y no lo voy a personalizar porque creo que el tono de la discusi\u00f3n con los panas de platano, ya trascendi\u00f3 del plano despectivo de las botellas, los insultos [&hellip;]<\/p>\n","protected":false},"author":76,"featured_media":0,"comment_status":"open","ping_status":"open","sticky":false,"template":"","format":"standard","meta":{"jetpack_post_was_ever_published":false,"_jetpack_newsletter_access":"","_jetpack_dont_email_post_to_subs":false,"_jetpack_newsletter_tier_id":0,"_jetpack_memberships_contains_paywalled_content":false,"_jetpack_memberships_contains_paid_content":false,"footnotes":"","jetpack_publicize_message":"","jetpack_publicize_feature_enabled":true,"jetpack_social_post_already_shared":false,"jetpack_social_options":{"image_generator_settings":{"template":"highway","default_image_id":0,"font":"","enabled":false},"version":2}},"categories":[3],"tags":[],"class_list":{"0":"post-898","1":"post","2":"type-post","3":"status-publish","4":"format-standard","6":"category-descontento"},"jetpack_publicize_connections":[],"jetpack_featured_media_url":"","jetpack_shortlink":"https:\/\/wp.me\/pfpCD-eu","jetpack_sharing_enabled":true,"_links":{"self":[{"href":"https:\/\/www.panfletonegro.com\/v\/wp-json\/wp\/v2\/posts\/898","targetHints":{"allow":["GET"]}}],"collection":[{"href":"https:\/\/www.panfletonegro.com\/v\/wp-json\/wp\/v2\/posts"}],"about":[{"href":"https:\/\/www.panfletonegro.com\/v\/wp-json\/wp\/v2\/types\/post"}],"author":[{"embeddable":true,"href":"https:\/\/www.panfletonegro.com\/v\/wp-json\/wp\/v2\/users\/76"}],"replies":[{"embeddable":true,"href":"https:\/\/www.panfletonegro.com\/v\/wp-json\/wp\/v2\/comments?post=898"}],"version-history":[{"count":0,"href":"https:\/\/www.panfletonegro.com\/v\/wp-json\/wp\/v2\/posts\/898\/revisions"}],"wp:attachment":[{"href":"https:\/\/www.panfletonegro.com\/v\/wp-json\/wp\/v2\/media?parent=898"}],"wp:term":[{"taxonomy":"category","embeddable":true,"href":"https:\/\/www.panfletonegro.com\/v\/wp-json\/wp\/v2\/categories?post=898"},{"taxonomy":"post_tag","embeddable":true,"href":"https:\/\/www.panfletonegro.com\/v\/wp-json\/wp\/v2\/tags?post=898"}],"curies":[{"name":"wp","href":"https:\/\/api.w.org\/{rel}","templated":true}]}}