{"id":8558,"date":"2010-07-14T17:12:38","date_gmt":"2010-07-14T21:42:38","guid":{"rendered":"http:\/\/www.panfletonegro.com\/v\/2010\/07\/14\/canto-popular-a-espaa\/"},"modified":"2010-07-14T17:12:38","modified_gmt":"2010-07-14T21:42:38","slug":"canto-popular-a-espaa","status":"publish","type":"post","link":"https:\/\/www.panfletonegro.com\/v\/2010\/07\/14\/canto-popular-a-espaa\/","title":{"rendered":"Canto Popular a Espa&ntilde;a"},"content":{"rendered":"<p><b>Canto Popular a Espa\u00f1a<\/b><\/p>\n<p>I<\/p>\n<p>Sentir el triunfo de Espa\u00f1a<\/p>\n<p>igual que si fuera el nuestro<\/p>\n<p>es un recuerdo maestro<\/p>\n<p>y el ojo se nos empa\u00f1a;<\/p>\n<p>no es adulaci\u00f3n, ni es ma\u00f1a<\/p>\n<p>es un sentir muy bonito,<\/p>\n<p>es algo que necesito<\/p>\n<p>sacarlo de bien adentro<\/p>\n<p>y convertirlo en el centro<\/p>\n<p>de mi expresi\u00f3n con un grito.<\/p>\n<p> II<\/p>\n<p>Comenc\u00e9 aupando a Argentina<\/p>\n<p>que ten\u00eda por pie un fusil<\/p>\n<p>ligu\u00e9 a Uruguay y a Brasil<\/p>\n<p>con mis pasiones m\u00e1s finas;<\/p>\n<p>toda Am\u00e9rica Latina<\/p>\n<p>me sali\u00f3 por los costados;<\/p>\n<p>sent\u00ed rabia, sent\u00ed enfado<\/p>\n<p>cuando perdi\u00f3 Paraguay<\/p>\n<p>pero despu\u00e9s de ese \u00a1Ay!&#8230;<\/p>\n<p>me tuvo Espa\u00f1a a su lado.<\/p>\n<p>III<\/p>\n<p>La gloria de Espa\u00f1a uni\u00f3<\/p>\n<p>la Am\u00e9rica vieja y nueva<\/p>\n<p>-ser un siervo de la gleba<\/p>\n<p>de pronto se me olvid\u00f3-.<\/p>\n<p>en el alma me naci\u00f3<\/p>\n<p>un gentilicio perdido<\/p>\n<p>aturdido y conmovido<\/p>\n<p>me pregunt\u00e9:: \u00bfpor qu\u00e9 no?<\/p>\n<p>Y el \u00bfpor qu\u00e9? Me sacudi\u00f3<\/p>\n<p>porque me qued\u00e9 sin ruidos.<\/p>\n<p> IV<\/p>\n<p>La revoluci\u00f3n sin peros<\/p>\n<p>me dijo en muy buena ley<\/p>\n<p>\u00a1Anda, felicita al Rey<\/p>\n<p>y a Rodr\u00edguez Zapatero!<\/p>\n<p>\u00a1Dale un abrazo sincero<\/p>\n<p>al canciller Moratinos!<\/p>\n<p>\u00a1Olv\u00eddate del destino<\/p>\n<p>y junta izquierda y derecha<\/p>\n<p>que \u00e9sta fecha es una fecha<\/p>\n<p>para brindar con un buen vino!<\/p>\n<p>&#160;<\/p>\n<p>Antes de que me pateen el trasero, cumplo con otorgarle los cr\u00e9ditos de tan brillante trabajo a su autor original, <b>Juli\u00e1n Isa\u00edas Rodr\u00edguez D\u00edaz<\/b>. Pueden ver el original <a href=\"http:\/\/www.consulado-madrid.gob.ve\/\">aqu\u00ed<\/a>.<\/p>\n","protected":false},"excerpt":{"rendered":"<p>Canto Popular a Espa\u00f1a I Sentir el triunfo de Espa\u00f1a igual que si fuera el nuestro es un recuerdo maestro y el ojo se nos empa\u00f1a; no es adulaci\u00f3n, ni es ma\u00f1a es un sentir muy bonito, es algo que necesito sacarlo de bien adentro y convertirlo en el centro de mi expresi\u00f3n con un [&hellip;]<\/p>\n","protected":false},"author":1105,"featured_media":0,"comment_status":"open","ping_status":"open","sticky":false,"template":"","format":"standard","meta":{"jetpack_post_was_ever_published":false,"_jetpack_newsletter_access":"","_jetpack_dont_email_post_to_subs":false,"_jetpack_newsletter_tier_id":0,"_jetpack_memberships_contains_paywalled_content":false,"_jetpack_memberships_contains_paid_content":false,"footnotes":"","jetpack_publicize_message":"","jetpack_publicize_feature_enabled":true,"jetpack_social_post_already_shared":false,"jetpack_social_options":{"image_generator_settings":{"template":"highway","default_image_id":0,"font":"","enabled":false},"version":2}},"categories":[1],"tags":[],"class_list":{"0":"post-8558","1":"post","2":"type-post","3":"status-publish","4":"format-standard","6":"category-azares"},"jetpack_publicize_connections":[],"jetpack_featured_media_url":"","jetpack_shortlink":"https:\/\/wp.me\/pfpCD-2e2","jetpack_sharing_enabled":true,"_links":{"self":[{"href":"https:\/\/www.panfletonegro.com\/v\/wp-json\/wp\/v2\/posts\/8558","targetHints":{"allow":["GET"]}}],"collection":[{"href":"https:\/\/www.panfletonegro.com\/v\/wp-json\/wp\/v2\/posts"}],"about":[{"href":"https:\/\/www.panfletonegro.com\/v\/wp-json\/wp\/v2\/types\/post"}],"author":[{"embeddable":true,"href":"https:\/\/www.panfletonegro.com\/v\/wp-json\/wp\/v2\/users\/1105"}],"replies":[{"embeddable":true,"href":"https:\/\/www.panfletonegro.com\/v\/wp-json\/wp\/v2\/comments?post=8558"}],"version-history":[{"count":0,"href":"https:\/\/www.panfletonegro.com\/v\/wp-json\/wp\/v2\/posts\/8558\/revisions"}],"wp:attachment":[{"href":"https:\/\/www.panfletonegro.com\/v\/wp-json\/wp\/v2\/media?parent=8558"}],"wp:term":[{"taxonomy":"category","embeddable":true,"href":"https:\/\/www.panfletonegro.com\/v\/wp-json\/wp\/v2\/categories?post=8558"},{"taxonomy":"post_tag","embeddable":true,"href":"https:\/\/www.panfletonegro.com\/v\/wp-json\/wp\/v2\/tags?post=8558"}],"curies":[{"name":"wp","href":"https:\/\/api.w.org\/{rel}","templated":true}]}}