{"id":8050,"date":"2010-06-09T23:37:32","date_gmt":"2010-06-10T04:07:32","guid":{"rendered":"http:\/\/www.panfletonegro.com\/v\/2010\/06\/09\/carta-bohemi-a-cademica\/"},"modified":"2010-06-09T23:37:32","modified_gmt":"2010-06-10T04:07:32","slug":"carta-bohemi-a-cademica","status":"publish","type":"post","link":"https:\/\/www.panfletonegro.com\/v\/2010\/06\/09\/carta-bohemi-a-cademica\/","title":{"rendered":"Carta bohemi.a.cad\u00e9mica"},"content":{"rendered":"<p>Venezuela, cualquier d\u00eda m\u00e1s.<\/p>\n<p>Pana,<br \/>\nSe que mi carta deber\u00eda hablarte de mi nueva vida, de las letras para las canciones de la banda, del clima de esta ciudad, de mi despecho, y esas cosas de las que siempre suelo hablar, pero no, lo siento\u2026<br \/>\nTengo media noche pensando en mi desgracia de pertenecer al proletariado, es que andar amargado est\u00e1 m\u00e1s de moda que Calle 13. No soy el mismo, ya no disfruto montarme en un transporte p\u00fablico y dar gracias porque al menos tengo para el pasaje, de tener tres quilos de grasa en mi cara de tanto caminar por no tener para pagar un maldito taxi y pensar en las personas que no pueden caminar; de rechazar ofertas indecentes que me proporcionar\u00e1n dinero s\u00f3lo por ser \u201cdecente\u201d. \u00a1Abajo la autoayuda! La culpa no es de la vaca, es toda m\u00eda por no haber estudiado petroqu\u00edmica o ser buhonero, herrero, o taxista. No soy ning\u00fan monje, ni tengo Ferrari. Mi armadura est\u00e1 oxidada, s\u00ed, tendr\u00e9 que esperar al chatarrero a ver si me la compra. Ya todos los sabemos, esto de escribir no da plata, a no ser que me llame Pablo Cohelo.<br \/>\nEl cosmos colabora con la inmortalidad de los d\u00e9biles.<br \/>\nHe estado pensando si escribo algo para el concurso literario del estado, el premio, aunque no es mucho, no me cae mal. Ahora, \u00bfqu\u00e9 escribo? Hay espacio para ensayos, poemas y cuentos. Cuentos, eliminado, yo soy tan buen cuentista como Obama merecedor del Nobel a la Paz. Ensayo, no se, ahora hay muchas querellas con eso de la cr\u00edtica, los poetas escriben pero se arrechan si alg\u00fan letrado incircunciso tiene la osad\u00eda de examinar los poemas, seg\u00fan ellos las escuelas de letras son morgues, y yo\u2026 pues no creo ser el mejor forense. Me parece que tiene algo de sentido que piensen eso, quiz\u00e1s les moleste que algunas opiniones est\u00e9n movidas por la pluma de personas que critican lo que no saben hacer. Y tiene sentido, al parecer se necesita una vida para encontrar las palabras perfectas de un buen poema, entonces, sentar en la silla el\u00e9ctrica a uno que ha vivido para encontrar esas palabras, pues debe causar presi\u00f3n.<br \/>\nAhora, de ah\u00ed a que tales poetas est\u00e9n vociferando chismes literarios a todo aquel que se encuentren, pues no se si ser\u00e1 justo. Ayer, estaba con unos diez compa\u00f1eros de la universidad, conversando con uno de estos poetas anti-academia sobre la estatura de Cort\u00e1zar, los mil quinientos poetas que \u00e9l hab\u00eda conocido en Espa\u00f1a y su vida bohemia dentro de esta ciudad patas de cabra. Cuando de pronto, el poeta cae en el terreno de criticar a los profesores, evocando a BUKOSQUI como excusa, dijo que lo peor que le puede pasar a un poeta es ser profesor en la universidad, y mientras yo analizaba esa teor\u00eda continu\u00f3 expresando su animadversi\u00f3n en contra de algunos profesores \u201dburguesitos\u201d que pretendieron humillarlo alg\u00fan d\u00eda, ese no es el asunto, lo cumbre es que termin\u00f3 diciendo: \u201csi yo me coj\u00ed a la hija de \u2026\u201d fulanito,  un profesor de letras bastante reconocido. Yo, sal\u00ed un momento de mi estupor y medit\u00e9, \u00bfser\u00e1 que las vaginas tambi\u00e9n est\u00e1n etiquetadas, bohemias y acad\u00e9micas?  \u00bfeste tipo es poeta o marico? Lo siento pero si quiere imitar la pedanter\u00eda de Borges\u2026 est\u00e1 \u201cmeando fuera de pote\u201d. Pero lo dijo con tanto orgullo que yo, pues tambi\u00e9n me llev\u00e9 mi gloria pensando en la vez que le vomit\u00e9 el ba\u00f1o a uno de mis profesores de literatura en medio de una borrachera sat\u00e1nica. \u00bfSer\u00e1 que soy el poeta m\u00e1s sublime por haber hecho eso?.<br \/>\nEn fin, ya tengo claro que ensayo no ser\u00e1 lo que voy a escribir. Me queda escribir poemas, pero, \u00bfy si entre los jurados est\u00e1n escritores muy exigentes?&#8230; seguro no ganar\u00e9, es que esa gente luego de publicar un libro creen que el universo les otorga una especie de estrella que los hace superiores. Y los dem\u00e1s somos soldados rasos llamados despectivamente \u201cin\u00e9ditos\u201d. Ahora, ser\u00e1 que se creen la reencarnaci\u00f3n de Wilde o habr\u00e1 resucitado Cervantes para hacerles el pr\u00f3logo del libro. Y bueno, como dir\u00eda Pessoa: \u201clos libros son s\u00f3lo papeles pintados con tinta\u201d\u2026<br \/>\nYo mejor les dejo e idealismo a los enamorados  y me busco trabajo en una panader\u00eda, ah\u00ed el asunto debe ser menos duro. <\/p>\n","protected":false},"excerpt":{"rendered":"<p>Venezuela, cualquier d\u00eda m\u00e1s. Pana, Se que mi carta deber\u00eda hablarte de mi nueva vida, de las letras para las canciones de la banda, del clima de esta ciudad, de mi despecho, y esas cosas de las que siempre suelo hablar, pero no, lo siento\u2026 Tengo media noche pensando en mi desgracia de pertenecer al [&hellip;]<\/p>\n","protected":false},"author":1323,"featured_media":0,"comment_status":"open","ping_status":"open","sticky":false,"template":"","format":"standard","meta":{"jetpack_post_was_ever_published":false,"_jetpack_newsletter_access":"","_jetpack_dont_email_post_to_subs":false,"_jetpack_newsletter_tier_id":0,"_jetpack_memberships_contains_paywalled_content":false,"_jetpack_memberships_contains_paid_content":false,"footnotes":"","jetpack_publicize_message":"","jetpack_publicize_feature_enabled":true,"jetpack_social_post_already_shared":false,"jetpack_social_options":{"image_generator_settings":{"template":"highway","default_image_id":0,"font":"","enabled":false},"version":2}},"categories":[1],"tags":[653,655,652,654],"class_list":{"0":"post-8050","1":"post","2":"type-post","3":"status-publish","4":"format-standard","6":"category-azares","7":"tag-carta","8":"tag-cristina-gutierrez","9":"tag-literatos","10":"tag-narrativa-falconiana"},"jetpack_publicize_connections":[],"jetpack_featured_media_url":"","jetpack_shortlink":"https:\/\/wp.me\/pfpCD-25Q","jetpack_sharing_enabled":true,"_links":{"self":[{"href":"https:\/\/www.panfletonegro.com\/v\/wp-json\/wp\/v2\/posts\/8050","targetHints":{"allow":["GET"]}}],"collection":[{"href":"https:\/\/www.panfletonegro.com\/v\/wp-json\/wp\/v2\/posts"}],"about":[{"href":"https:\/\/www.panfletonegro.com\/v\/wp-json\/wp\/v2\/types\/post"}],"author":[{"embeddable":true,"href":"https:\/\/www.panfletonegro.com\/v\/wp-json\/wp\/v2\/users\/1323"}],"replies":[{"embeddable":true,"href":"https:\/\/www.panfletonegro.com\/v\/wp-json\/wp\/v2\/comments?post=8050"}],"version-history":[{"count":0,"href":"https:\/\/www.panfletonegro.com\/v\/wp-json\/wp\/v2\/posts\/8050\/revisions"}],"wp:attachment":[{"href":"https:\/\/www.panfletonegro.com\/v\/wp-json\/wp\/v2\/media?parent=8050"}],"wp:term":[{"taxonomy":"category","embeddable":true,"href":"https:\/\/www.panfletonegro.com\/v\/wp-json\/wp\/v2\/categories?post=8050"},{"taxonomy":"post_tag","embeddable":true,"href":"https:\/\/www.panfletonegro.com\/v\/wp-json\/wp\/v2\/tags?post=8050"}],"curies":[{"name":"wp","href":"https:\/\/api.w.org\/{rel}","templated":true}]}}