{"id":6910,"date":"2010-03-10T14:25:17","date_gmt":"2010-03-10T18:55:17","guid":{"rendered":"http:\/\/www.panfletonegro.com\/v\/?p=6910"},"modified":"2010-03-10T16:25:37","modified_gmt":"2010-03-10T20:55:37","slug":"guerras-religiosas-o-ecologicas","status":"publish","type":"post","link":"https:\/\/www.panfletonegro.com\/v\/2010\/03\/10\/guerras-religiosas-o-ecologicas\/","title":{"rendered":"Guerras religiosas o ecol\u00f3gicas?"},"content":{"rendered":"<div class=\"separator\" style=\"clear: both;text-align: center\"><a href=\"https:\/\/i0.wp.com\/1.bp.blogspot.com\/_9L7QOx7jq80\/S5fj1RAOD0I\/AAAAAAAADtI\/aFz_t2vhxlE\/s1600-h\/carter.jpg\"><img data-recalc-dims=\"1\" loading=\"lazy\" decoding=\"async\" src=\"https:\/\/i0.wp.com\/1.bp.blogspot.com\/_9L7QOx7jq80\/S5fj1RAOD0I\/AAAAAAAADtI\/aFz_t2vhxlE\/s400\/carter.jpg?resize=400%2C256\" border=\"0\" alt=\"\" width=\"400\" height=\"256\" \/><\/a><\/div>\n<p><span style=\"font-family: Arial, Helvetica, sans-serif\">Vivimos en una sociedad signada por la hipocres\u00eda, las respuestas f\u00e1ciles, pero sobre todo que se niega a la reflexi\u00f3n de los hechos.<\/span><br \/>\n<span style=\"font-family: Arial, Helvetica, sans-serif\">Todo esto se potencia en el caso de los genocidios y las guerras. En Somalia algunas facciones han utilizado el hambre como arma contra su propia poblaci\u00f3n, a principios de la d\u00e9cada y del milenio murieron mas de medio millon de personas debido a esa t\u00e1ctica. El mundo miraba a otra parte.<\/span><br \/>\n<span style=\"font-family: Arial, Helvetica, sans-serif\">Al fin de cuenta son negros y viven en \u00c1frica, si por lo menos vivieran en un pa\u00eds \u201ccivilizado\u201d por lo menos algunas lagrimas se vertieran..<\/span><br \/>\n<span style=\"font-family: Arial, Helvetica, sans-serif\">Desde hace mas de 10 a\u00f1os sigo las noticias de \u00c1frica con mucha atenci\u00f3n, ya que el destino de \u00c1frica ser\u00e1 el nuestro, en un futuro que cada dia se acerca mas r\u00e1pido.<\/span><\/p>\n<div class=\"separator\" style=\"clear: both;text-align: center\"><a href=\"https:\/\/i0.wp.com\/2.bp.blogspot.com\/_9L7QOx7jq80\/S5fjsau_Q8I\/AAAAAAAADtA\/3z4kLiQkKsI\/s1600-h\/famine.jpg\"><img data-recalc-dims=\"1\" decoding=\"async\" src=\"https:\/\/i0.wp.com\/2.bp.blogspot.com\/_9L7QOx7jq80\/S5fjsau_Q8I\/AAAAAAAADtA\/3z4kLiQkKsI\/s320\/famine.jpg?w=696\" border=\"0\" alt=\"\" \/><\/a><\/div>\n<p><span style=\"font-family: Arial, Helvetica, sans-serif;font-size: large\"><strong>II<\/strong><\/span><br \/>\n<span style=\"font-family: Arial, Helvetica, sans-serif\">Tanto los medios como los pa\u00edses tratan de minimizar y encontrarles soluciones f\u00e1ciles a los conflictos de \u00c1frica, con el fin de restarle importancia, pero quiz\u00e1s puede ser una hip\u00f3tesis mas siniestra; que quieran ocultarnos la verdad, para mantener nuestra felicidad de consumo.<\/span><br \/>\n<span style=\"font-family: Arial, Helvetica, sans-serif\">La mayor\u00eda de los periodistas tienen memoria de mosquito y para colmo, en promedio su cultura es bastante pobre, esos los hace propensos a ocultar la verdad, no necesariamente debido a que fueron \u201cmanipulados por entes siniestros\u201d sino debido a su propia ignorancia.<\/span><br \/>\n<span style=\"font-family: Arial, Helvetica, sans-serif\">Un caso emblem\u00e1tico fue en el Rwanda y Burundi, uno de los mayores genocidios de finales del siglo XX fue despachado con rapidez con el titulo \u201cDe guerras tribales\u201d y como son negros que se maten no hacen mucha bulla, viven en tribus y ese es su destino.<\/span><br \/>\n<span style=\"font-family: Arial, Helvetica, sans-serif\">Como muchos, cuando estaba sucediendo eso, estaba perplejo que nadie hiciera nada, la ONU estaba dormida, les importaba Bosnia, que ah\u00ed si mor\u00edan Blancos y adem\u00e1s era en Europa, esos muertos ten\u00edan cache.<\/span><br \/>\n<span style=\"font-family: Arial, Helvetica, sans-serif\">No me cre\u00ed la version que eran guerras tribales, y como Google no estaba muy desarrollado, tuve que buscar informaci\u00f3n en la red donde estuviera. El cuadro que se me presento era muy diferente, eso fue corroborado cuando le\u00ed el libro de <strong>Catherine Newbury<\/strong> \u201c<strong><em> The Cohesion of Oppression: Clientship and Ethicity in Rwanda 1860-1960 <\/em><\/strong>(nueva york, Columbia University Press,1988) ah\u00ed se puede leer los antecedentes de ese conflicto y como se polarizaron los papeles entre los hutu y los tutsi, ley\u00e9ndolo uno se da cuenta que desde los a\u00f1os 50 se estaba preparando esos genocidios, eso no fue una explosi\u00f3n en un cielo sin nubes.<\/span><br \/>\n<span style=\"font-family: Arial, Helvetica, sans-serif\">Leyendo <strong><em>Leave None to tell the story; Genocide in Rwanda de human Rights Watch<\/em><\/strong> (1999) uno se entera con toda la crudeza de c\u00f3mo se llevo a cabo el genocidio, las bestialidades que pasaron, y la indiferencia del mundo y por ultimo, pero no menos importante el libro de <strong>gerad Prunier<\/strong> <em><strong>\u201cThe Rwanda crisis: history of genocide<\/strong><\/em>\u201d con esa bibliograf\u00eda minima, podemos entender que paso en realidad y el peligro que representa para nosotros.<\/span><br \/>\n<span style=\"font-family: Arial, Helvetica, sans-serif\">Las causas reales fueron culturales, el medio de producci\u00f3n de ese pa\u00eds se basa en la tierra, debido a ello todas las tierras disponibles fueron cultivadas y las parcelas eran cada vez mas peque\u00f1as debido al aumento desmesurado de su poblaci\u00f3n, los j\u00f3venes no pod\u00edan casarse y vivir aparte y para colmo sus padres no los pod\u00edan mantener en sus casas ya que no tendr\u00edan para comer.<\/span><br \/>\n<span style=\"font-family: Arial, Helvetica, sans-serif\">Malthus estar\u00eda ri\u00e9ndose en su tumba, la densidad de poblaci\u00f3n en Rwanda es similar a la de Holanda solo que en Holanda la tierra no es el \u00fanico valor. Eso fue potenciado por el aumento de la poblaci\u00f3n, en total murieron cerca del 12% de la poblaci\u00f3n, sin contar lo que sucedi\u00f3 en los campos de refugiados en el Congo Lo de guerra tribal fue el detonante pero no la causa, en muchas aldeas Tutsi, donde todos eran de esa etnia muri\u00f3 el mismo porcentaje que en la poblaci\u00f3n general, para obtener las tierras de las personas asesinadas, eso lo hac\u00edan principalmente los j\u00f3venes que quer\u00edan formar una familia. Tambien pasaba en aldeas habitadas por hutus La principal causa de esa masacre fue cultural y demogr\u00e1fica.<\/span><\/p>\n<div class=\"separator\" style=\"clear: both;text-align: center\"><a href=\"https:\/\/i0.wp.com\/2.bp.blogspot.com\/_9L7QOx7jq80\/S5fj4WC3M6I\/AAAAAAAADtQ\/QnALkkDiXQ4\/s1600-h\/cover.jpg\"><img data-recalc-dims=\"1\" decoding=\"async\" src=\"https:\/\/i0.wp.com\/2.bp.blogspot.com\/_9L7QOx7jq80\/S5fj4WC3M6I\/AAAAAAAADtQ\/QnALkkDiXQ4\/s320\/cover.jpg?w=696\" border=\"0\" alt=\"\" \/><\/a><\/div>\n<p><span style=\"font-family: Arial, Helvetica, sans-serif;font-size: large\"><strong>III<\/strong><\/span><br \/>\n<span style=\"font-family: Arial, Helvetica, sans-serif\">Otras guerras que se deben al clima es la de Sudan y Somalia, donde podemos ver lo mismo que paso en Rwanda, son guerras debido al clima y la demograf\u00eda, la cultura de la sociedad solo los hace mas mortales.<\/span><\/p>\n<div class=\"separator\" style=\"clear: both;text-align: center\"><a href=\"https:\/\/i0.wp.com\/2.bp.blogspot.com\/_9L7QOx7jq80\/S5fj9fkLoWI\/AAAAAAAADtY\/Qd6c5GueE2Q\/s1600-h\/p1010106.jpg\"><img data-recalc-dims=\"1\" decoding=\"async\" src=\"https:\/\/i0.wp.com\/2.bp.blogspot.com\/_9L7QOx7jq80\/S5fj9fkLoWI\/AAAAAAAADtY\/Qd6c5GueE2Q\/s320\/p1010106.jpg?w=696\" border=\"0\" alt=\"\" \/><\/a><\/div>\n<p><span style=\"font-family: Arial, Helvetica, sans-serif;font-size: large\"><strong>IV <\/strong><\/span><br \/>\n<span style=\"font-family: Arial, Helvetica, sans-serif\">Todo esto tiene relaci\u00f3n con los acontecimientos en Nigeria, ya la mayor\u00eda de los peri\u00f3dicos y las cadenas informativas han catalogado esas masacres como religiosas, otra guerra mas debido a la religi\u00f3n entre los musulmanes y los cat\u00f3licos.<\/span><br \/>\n<span style=\"font-family: Arial, Helvetica, sans-serif\">Explicaci\u00f3n de comiquitas. Para dejar las conciencias tranquilas. Vamos a seguir quemando combustibles. La vida es bella.<\/span><br \/>\n<span style=\"font-family: Arial, Helvetica, sans-serif\">Nadie se mata por un dios, simplemente es la explicaci\u00f3n m\u00e1s conveniente, la m\u00e1s inocua, pero \u00bfQu\u00e9 pasa en Nigeria?<\/span><br \/>\n<span style=\"font-family: Arial, Helvetica, sans-serif\"><br \/>\n<\/span><br \/>\n<span style=\"font-family: Arial, Helvetica, sans-serif\">Esta matanza entre cat\u00f3licos y musulmanes no es la primera vez que sucede, paso en el a\u00f1o 2001 donde murieron mas de mil personas en un conflicto similar, luego en febrero del 2004 y luego en noviembre del 2008, todos estos en la misma regi\u00f3n.<\/span><br \/>\n<span style=\"font-family: Arial, Helvetica, sans-serif\"><em>Es bueno tener en cuenta los a\u00f1os y las \u00e9pocas que suceden, ya que mucho de ello se debe a cambios clim\u00e1ticos<\/em>.<\/span><br \/>\n<span style=\"font-family: Arial, Helvetica, sans-serif\">Nigeria tiene casi el mismo tama\u00f1o que Venezuela, pero tiene mas de 5 veces su poblaci\u00f3n, la parte norte esta ocupada por el desierto del Sahara, la media por la franja del sahel. Que es semi\u00e1rida, si ocurre mas sequ\u00edas la franja del Sahel va al sur aumentando el desierto, eso viene sucediendo desde los a\u00f1os 90 del siglo pasado, obligando a quienes viv\u00edan ah\u00ed a emigrar al sur.<\/span><\/p>\n<div class=\"separator\" style=\"clear: both;text-align: center\"><a href=\"https:\/\/i0.wp.com\/2.bp.blogspot.com\/_9L7QOx7jq80\/S5fkDyDJgtI\/AAAAAAAADtg\/SNsRmI38_6E\/s1600-h\/2122388479-kinder-hunger-liberia_9.jpg\"><img data-recalc-dims=\"1\" decoding=\"async\" src=\"https:\/\/i0.wp.com\/2.bp.blogspot.com\/_9L7QOx7jq80\/S5fkDyDJgtI\/AAAAAAAADtg\/SNsRmI38_6E\/s320\/2122388479-kinder-hunger-liberia_9.jpg?w=696\" border=\"0\" alt=\"\" \/><\/a><\/div>\n<p><span style=\"font-family: Arial, Helvetica, sans-serif\"><br \/>\n<\/span><br \/>\n<span style=\"font-family: Arial, Helvetica, sans-serif\">Pero vamos a ver mas de cerca \u00a0los grupos, los musulmanes que viv\u00edan al norte son principalmente pastores, su base de riqueza es el ganado (igual que al norte de sudan) una esposa cuesta no se cuantas vacas, no tienes vacas. No tienes esposa.<\/span><br \/>\n<span style=\"font-family: Arial, Helvetica, sans-serif\">Los cristianos son principalmente agricultores, una esposa cuesta no se cuantas hect\u00e1reas. No tienes tierras, no tienes esposa.<\/span><br \/>\n<span style=\"font-family: Arial, Helvetica, sans-serif\">Es un conflicto muy viejo que se dio durante el paleol\u00edtico y fue narrado en la biblia, el cuento de cain y abel. Los musulmanes debido al aumento del Sahara (por el cambio clim\u00e1tico) se van al sur con su ganado, y debido al aumento de la poblacion, la cantidad de ganado erosiono mas los ya pobres suelos del Sahel, pero el sur ya esta ocupado por los agricultores, que no se quieren ir y meno dar sus tierras a los ganaderos \u00bfQu\u00e9 sucede entonces?<\/span><br \/>\n<span style=\"font-family: Arial, Helvetica, sans-serif\">Hay una matanza, pero no es por religi\u00f3n, es por la manera de vivir de cada grupo, sin contar que cada grupo ya sufre tensiones ecol\u00f3gicas debido a su aument\u00f3 demogr\u00e1fico.<\/span><br \/>\n<span style=\"font-family: Arial, Helvetica, sans-serif\">Lo que tiene en com\u00fan los conflictos africanos es que se deben al deterioro de su ecolog\u00eda causada por el aumento de la poblaci\u00f3n.<\/span><br \/>\n<span style=\"font-family: Arial, Helvetica, sans-serif\">El norte de Sudan fue extensivamente explotado por una ganader\u00eda sin control, eso llevo a que los suelos se deterioraran y los obligo a emigrar al sur, eso mismo esta sucediendo en Nigeria.<\/span><\/p>\n<p><span style=\"font-family: Arial, Helvetica, sans-serif\"><span style=\"font-family: Georgia, 'Times New Roman', 'Bitstream Charter', Times, serif\"> Y tambien en Sudan les dan miles e explicaciones, que si es ideologica o de poder de facciones, cuando eso es solo la consecuencia<\/span><\/span><\/p>\n<p><span style=\"font-family: Arial, Helvetica, sans-serif\">Son las primeras guerras en nuestra \u00e9poca a causa del ambiente y la demograf\u00eda, la cultura, como dije solo potencia esos conflictos, lo mas grave, es que ese tipo de conflictos es lo que tendremos en este siglo, puede que lo titulen que es por una ideolog\u00eda, o por causas religiosas o morbosas, pero la verdadera causa ser\u00e1n las mismas que ahora arrasan a \u00c1frica y pronto se dar\u00e1n en otros lugares del mundo<\/span><\/p>\n","protected":false},"excerpt":{"rendered":"<p>Vivimos en una sociedad signada por la hipocres\u00eda, las respuestas f\u00e1ciles, pero sobre todo que se niega a la reflexi\u00f3n de los hechos. Todo esto se potencia en el caso de los genocidios y las guerras. En Somalia algunas facciones han utilizado el hambre como arma contra su propia poblaci\u00f3n, a principios de la d\u00e9cada [&hellip;]<\/p>\n","protected":false},"author":1033,"featured_media":0,"comment_status":"open","ping_status":"open","sticky":false,"template":"","format":"standard","meta":{"jetpack_post_was_ever_published":false,"_jetpack_newsletter_access":"","_jetpack_dont_email_post_to_subs":false,"_jetpack_newsletter_tier_id":0,"_jetpack_memberships_contains_paywalled_content":false,"_jetpack_memberships_contains_paid_content":false,"footnotes":"","jetpack_publicize_message":"","jetpack_publicize_feature_enabled":true,"jetpack_social_post_already_shared":false,"jetpack_social_options":{"image_generator_settings":{"template":"highway","default_image_id":0,"font":"","enabled":false},"version":2}},"categories":[6],"tags":[],"class_list":{"0":"post-6910","1":"post","2":"type-post","3":"status-publish","4":"format-standard","6":"category-confesionario"},"jetpack_publicize_connections":[],"jetpack_featured_media_url":"","jetpack_shortlink":"https:\/\/wp.me\/pfpCD-1Ns","jetpack_sharing_enabled":true,"_links":{"self":[{"href":"https:\/\/www.panfletonegro.com\/v\/wp-json\/wp\/v2\/posts\/6910","targetHints":{"allow":["GET"]}}],"collection":[{"href":"https:\/\/www.panfletonegro.com\/v\/wp-json\/wp\/v2\/posts"}],"about":[{"href":"https:\/\/www.panfletonegro.com\/v\/wp-json\/wp\/v2\/types\/post"}],"author":[{"embeddable":true,"href":"https:\/\/www.panfletonegro.com\/v\/wp-json\/wp\/v2\/users\/1033"}],"replies":[{"embeddable":true,"href":"https:\/\/www.panfletonegro.com\/v\/wp-json\/wp\/v2\/comments?post=6910"}],"version-history":[{"count":0,"href":"https:\/\/www.panfletonegro.com\/v\/wp-json\/wp\/v2\/posts\/6910\/revisions"}],"wp:attachment":[{"href":"https:\/\/www.panfletonegro.com\/v\/wp-json\/wp\/v2\/media?parent=6910"}],"wp:term":[{"taxonomy":"category","embeddable":true,"href":"https:\/\/www.panfletonegro.com\/v\/wp-json\/wp\/v2\/categories?post=6910"},{"taxonomy":"post_tag","embeddable":true,"href":"https:\/\/www.panfletonegro.com\/v\/wp-json\/wp\/v2\/tags?post=6910"}],"curies":[{"name":"wp","href":"https:\/\/api.w.org\/{rel}","templated":true}]}}