{"id":6897,"date":"2010-03-09T00:32:27","date_gmt":"2010-03-09T05:02:27","guid":{"rendered":"http:\/\/www.panfletonegro.com\/v\/?p=6897"},"modified":"2010-03-09T00:37:03","modified_gmt":"2010-03-09T05:07:03","slug":"6897","status":"publish","type":"post","link":"https:\/\/www.panfletonegro.com\/v\/2010\/03\/09\/6897\/","title":{"rendered":"M\u00c1S PERLAS PARA EL ROSARIO DE LA MISERIA VATICANA"},"content":{"rendered":"<p><img data-recalc-dims=\"1\" loading=\"lazy\" decoding=\"async\" data-attachment-id=\"1302\" data-permalink=\"https:\/\/www.panfletonegro.com\/v\/2008\/07\/20\/literatura-arte-y-poder-a-proposito-de-historia-de-un-encargo-la-catira-de-camilo-jose-cela\/attachment\/1302\/\" data-orig-file=\"https:\/\/i0.wp.com\/www.panfletonegro.com\/v\/wp-content\/uploads\/2008\/07\/miranda1.jpg?fit=%2C&amp;ssl=1\" data-orig-size=\"\" data-comments-opened=\"1\" data-image-meta=\"[]\" data-image-title=\"\" data-image-description=\"\" data-image-caption=\"\" data-large-file=\"https:\/\/i0.wp.com\/www.panfletonegro.com\/v\/wp-content\/uploads\/2008\/07\/miranda1.jpg?fit=1024%2C1024&amp;ssl=1\" class=\"size-full wp-image-1302 alignleft\" src=\"http:\/\/chamanurbano.files.wordpress.com\/2010\/03\/caida.jpg?resize=200%2C231\" alt=\"\" width=\"200\" height=\"231\" \/><\/p>\n<p style=\"text-align: justify\">Uno no puede tomarse unos d\u00edas de reposo para reponerse de la gripe porque r\u00e1pidamente se queda atr\u00e1s en seguirle la pista a la demolici\u00f3n moral en curso que sufre el Vaticano.<\/p>\n<p>Retomemos las cuentas que ya he agregado (y si alguien tiene m\u00e1s que pertenezcan a estas fechas por favor d\u00e9jemelo saber):<\/p>\n<ul>\n<li><strong>Durante el saludo navide\u00f1o de 2008, Benedicto XVI aprovecha su alocuci\u00f3n para culpabilizar a gays y transexuales de los males del mundo. <\/strong>Recu\u00e9rdese que ese a\u00f1o el Vaticano apoyo la decriminalizaci\u00f3n de la homosexualidad en los pa\u00edses que castigan esta condici\u00f3n pero que, a la vez, se neg\u00f3 a firmar la petici\u00f3n de la ONU al respecto.<\/li>\n<\/ul>\n<blockquote>\n<p style=\"text-align: justify\"><a href=\"http:\/\/news.bbc.co.uk\/hi\/spanish\/misc\/newsid_7797000\/7797912.stm\">En su mensaje navide\u00f1o a los cardenales y miembros de la curia romana, el papa Benedicto XVI dijo que se debe proteger a la humanidad \u00abde la autodestrucci\u00f3n\u00bb que, en su opini\u00f3n, causan las conductas homosexuales y transexuales.<\/a><\/p>\n<\/blockquote>\n<p>Pueden ver mi reflexi\u00f3n personal al respecto <a href=\"http:\/\/www.youtube.com\/watch?v=hLuv1BzWdzI\">ac\u00e1<\/a>.<\/p>\n<ul>\n<li>Enero de 2010. En el marco de una reuni\u00f3n de diplom\u00e1ticos evaluando los eventos cruciales de 2009, cuyo eje era el medio ambiente, Benedicto XVI lanza su segunda impertinencia:<\/li>\n<\/ul>\n<blockquote><p><a href=\"http:\/\/peru21.pe\/noticia\/395672\/benedicto-xvi-matrimonio-gay-amenaza-creacion\"><strong>\u00abMatrimonio gay amenaza la creaci\u00f3n\u00bb<\/strong><\/a><strong>. <\/strong><\/p><\/blockquote>\n<p style=\"text-align: justify\"><strong><span style=\"font-weight: normal\">Mis comentarios a estas dos perlas nombradas hasta ahora <a href=\"http:\/\/chamanurbano.org\/2010\/01\/13\/iglesia-de-roma-descansa-en-paz\/\">ac\u00e1.<\/a><\/span><\/strong><\/p>\n<p style=\"text-align: justify\">Debemos reconocer que la estrategia de Ratzinger tiene, al menos, dos flancos. El primero, socavar la presencia social de lxs sexodiversxs a trav\u00e9s de la descalificaci\u00f3n y el chantaje emocional y \u00abmoral\u00bb. El segundo, consolidar una ortodoxia cristiana de ultraderecha.<\/p>\n<blockquote>\n<p style=\"text-align: justify\"><a href=\"http:\/\/www.bbc.co.uk\/mundo\/cultura_sociedad\/2009\/10\/091020_1415_iglesia_anglicanos_med.shtml\">La Iglesia Cat\u00f3lica ha adecuado una f\u00f3rmula para que los anglicanos conservadores que deseen acogerse bajo el liderazgo del Papa puedan convertirse m\u00e1s f\u00e1cilmente, sin perder su liturgia o sus tradiciones.<\/a><\/p>\n<\/blockquote>\n<p><a href=\"http:\/\/www.bbc.co.uk\/mundo\/cultura_sociedad\/2009\/10\/091020_1415_iglesia_anglicanos_med.shtml\"><\/a>Una explicaci\u00f3n m\u00e1s detallada de este asunto <a href=\"http:\/\/chamanurbano.org\/2010\/01\/29\/el-vaticano-apunta-a-la-derecha\/\">ac\u00e1<\/a>.<\/p>\n<p><img data-recalc-dims=\"1\" loading=\"lazy\" decoding=\"async\" data-attachment-id=\"1303\" data-permalink=\"https:\/\/www.panfletonegro.com\/v\/2008\/07\/20\/literatura-arte-y-poder-a-proposito-de-historia-de-un-encargo-la-catira-de-camilo-jose-cela\/attachment\/1303\/\" data-orig-file=\"https:\/\/i0.wp.com\/www.panfletonegro.com\/v\/wp-content\/uploads\/2008\/07\/camilo_jose_cela_padron_galicia_2006.jpg?fit=%2C&amp;ssl=1\" data-orig-size=\"\" data-comments-opened=\"1\" data-image-meta=\"[]\" data-image-title=\"\" data-image-description=\"\" data-image-caption=\"\" data-large-file=\"https:\/\/i0.wp.com\/www.panfletonegro.com\/v\/wp-content\/uploads\/2008\/07\/camilo_jose_cela_padron_galicia_2006.jpg?fit=1024%2C1024&amp;ssl=1\" class=\"size-full wp-image-1303 alignleft\" src=\"http:\/\/chamanurbano.files.wordpress.com\/2010\/03\/ciego.jpg?resize=200%2C218\" alt=\"\" width=\"200\" height=\"218\" \/><\/p>\n<p style=\"text-align: justify\">Ahora bien, mientras el cat\u00f3lico m\u00e1s poderoso del mundo intenta desesperadamente mantener esta fachada de probidad, los legionarios que dirige se comportan como personajes de una novela del Marqu\u00e9s de Sade. Benedicto como si nada. Se <em>ocupa<\/em> activamente de cerrarle el paso a los derechos humanos y civiles de la comunidad LGBT. Sin embargo, ante los abusos de poder -especialmente f\u00edsicos y especialmente sexuales- de los curas s\u00f3lo se <em>preocupa<\/em>.<\/p>\n<ul>\n<li>Esto ya es evidente para Febrero de 2010. Los reportes del gobierno irland\u00e9s son claros, no as\u00ed la respuesta de Benedicto XVI:<\/li>\n<\/ul>\n<blockquote>\n<p style=\"text-align: justify\"><a href=\"http:\/\/www.bbc.co.uk\/mundo\/internacional\/2010\/02\/100217_papa_reacciones_irlanda_obispos_criticas_menores.shtml\">Grupos de v\u00edctimas de abuso sexual en Irlanda calificaron de \u00abinsuficiente\u00bb la respuesta del Papa Benedicto XVI tras dos d\u00edas de reuniones con los obispos irlandeses para tratar el esc\u00e1ndalo de pederastia que ha sacudido a la Iglesia Cat\u00f3lica en ese pa\u00eds.<\/a><\/p>\n<\/blockquote>\n<p style=\"text-align: justify\">Mis comentarios a esta estrategia vaticana <a href=\"http:\/\/chamanurbano.org\/2010\/02\/19\/el-vaticano-y-sus-golpes-de-pecho\/\">ac\u00e1<\/a>.<\/p>\n<ul>\n<li>Por supuesto, no podemos olvidar el m\u00e1s bien jocoso caso del sacerdote que se prostitu\u00eda, con una oferta enga\u00f1osa de \u00abbuena dotaci\u00f3n\u00bb:<\/li>\n<\/ul>\n<blockquote>\n<p style=\"text-align: justify\"><a href=\"http:\/\/www.lavoz.com.ar\/nota.asp?nota_id=593422\">Un cura gast\u00f3 17 mil euros en servicios de sexo. El p\u00e1rroco espa\u00f1ol fue destituido de su cargo por usar fondos de las cofrad\u00edas para satisfacer sus instintos sexuales. Adem\u00e1s, se prostitu\u00eda.<\/a><\/p>\n<\/blockquote>\n<p>De nuevo, un an\u00e1lisis de este caso, dentro del marco general de la crisis que atraviesa la iglesia cat\u00f3lica, puede encontrarse <a href=\"http:\/\/chamanurbano.org\/2010\/02\/26\/la-crisis-moral-y-espiritual-en-la-iglesia-catolica\/\">ac\u00e1<\/a>.<\/p>\n<p>Ahora las dos perlas m\u00e1s recientes, las que no me ha dado tiempo de comentar. \u00a1A estas alturas, ya vamos a una velocidad de dos esc\u00e1ndalos por semana!<\/p>\n<ul>\n<li>Marzo 5, 2010:<\/li>\n<\/ul>\n<blockquote>\n<p style=\"text-align: justify\"><a href=\"http:\/\/www.bbc.co.uk\/mundo\/internacional\/2010\/03\/100305_escandalo_sexual_vaticano_amab.shtml\">Dos empleados del Vaticano fueron removidos de sus cargos tras haber sido implicados en una red de prostituci\u00f3n homosexual, en lo que constituye un nuevo esc\u00e1ndalo que salpica a la Santa Sede.<\/a><\/p>\n<\/blockquote>\n<ul>\n<li>Marzo 6, 2010:<\/li>\n<\/ul>\n<blockquote>\n<p style=\"text-align: justify\"><a href=\"http:\/\/www.terra.com.ar\/canales\/internacionales\/212\/212913.html\">Esc\u00e1ndalo de pedofilia en Alemania salpica al hermano del Papa Benedicto XVI. Georg Ratzinger, de 87 a\u00f1os, es hermano del Papa Benedicto y fue director del coro cuyos integrantes denunciaron abusos, durante casi 30 a\u00f1os.<\/a><\/p>\n<\/blockquote>\n<p>Les dejo un art\u00edculo interesante, donde el experto llega a conclusiones similares a las que vengo esbozando desde hace tiempo:<\/p>\n<blockquote><p><a href=\"http:\/\/www.jornada.unam.mx\/2010\/03\/07\/index.php?section=politica&amp;article=015n1pol\">Elio Masferrer Kan, presidente del secretariado permanente de la Asociaci\u00f3n Latinoamericana para el Estudio de las Religiones (ALER), quien apunt\u00f3 que estos esc\u00e1ndalos denotan una p\u00e9rdida de control interno y crisis profunda en la instituci\u00f3n cat\u00f3lica.<\/a><\/p><\/blockquote>\n<p>Para cerrar, s\u00f3lo debemos recordar que seguiremos de esc\u00e1ndalo en esc\u00e1ndalo porque el problema de la iglesia con el sexo es estructural y, a menos que se transforme esa estructura, <a href=\"http:\/\/chamanurbano.org\/2010\/03\/02\/sacerdotes-anorexicas-bulimicas\/\">los sacerdotes seguir\u00e1n comport\u00e1ndose como bul\u00edmicas, pese a que se les pida que sean como las anor\u00e9xicas.<\/a><\/p>\n<p style=\"text-align: justify\">En una pr\u00f3xima oportunidad rese\u00f1ar\u00e9 algunas estrategias que todo padre, madre o cuidador deber\u00eda tener presente antes de dejar a sus hijxs en compa\u00f1\u00eda de un sacerdote cat\u00f3lico.<\/p>\n","protected":false},"excerpt":{"rendered":"<p>Uno no puede tomarse unos d\u00edas de reposo para reponerse de la gripe porque r\u00e1pidamente se queda atr\u00e1s en seguirle la pista a la demolici\u00f3n moral en curso que sufre el Vaticano. Retomemos las cuentas que ya he agregado (y si alguien tiene m\u00e1s que pertenezcan a estas fechas por favor d\u00e9jemelo saber): Durante el [&hellip;]<\/p>\n","protected":false},"author":1183,"featured_media":0,"comment_status":"open","ping_status":"open","sticky":false,"template":"","format":"standard","meta":{"jetpack_post_was_ever_published":false,"_jetpack_newsletter_access":"","_jetpack_dont_email_post_to_subs":false,"_jetpack_newsletter_tier_id":0,"_jetpack_memberships_contains_paywalled_content":false,"_jetpack_memberships_contains_paid_content":false,"footnotes":"","jetpack_publicize_message":"","jetpack_publicize_feature_enabled":true,"jetpack_social_post_already_shared":false,"jetpack_social_options":{"image_generator_settings":{"template":"highway","default_image_id":0,"font":"","enabled":false},"version":2}},"categories":[6],"tags":[454,394,34,457,399,453],"class_list":{"0":"post-6897","1":"post","2":"type-post","3":"status-publish","4":"format-standard","6":"category-confesionario","7":"tag-abuso-religioso","8":"tag-benedicto-xvi","9":"tag-iglesia","10":"tag-iglesia-catolica","11":"tag-muerte-de-la-iglesia-catolica","12":"tag-pedofilia"},"jetpack_publicize_connections":[],"jetpack_featured_media_url":"","jetpack_shortlink":"https:\/\/wp.me\/sfpCD-6897","jetpack_sharing_enabled":true,"_links":{"self":[{"href":"https:\/\/www.panfletonegro.com\/v\/wp-json\/wp\/v2\/posts\/6897","targetHints":{"allow":["GET"]}}],"collection":[{"href":"https:\/\/www.panfletonegro.com\/v\/wp-json\/wp\/v2\/posts"}],"about":[{"href":"https:\/\/www.panfletonegro.com\/v\/wp-json\/wp\/v2\/types\/post"}],"author":[{"embeddable":true,"href":"https:\/\/www.panfletonegro.com\/v\/wp-json\/wp\/v2\/users\/1183"}],"replies":[{"embeddable":true,"href":"https:\/\/www.panfletonegro.com\/v\/wp-json\/wp\/v2\/comments?post=6897"}],"version-history":[{"count":0,"href":"https:\/\/www.panfletonegro.com\/v\/wp-json\/wp\/v2\/posts\/6897\/revisions"}],"wp:attachment":[{"href":"https:\/\/www.panfletonegro.com\/v\/wp-json\/wp\/v2\/media?parent=6897"}],"wp:term":[{"taxonomy":"category","embeddable":true,"href":"https:\/\/www.panfletonegro.com\/v\/wp-json\/wp\/v2\/categories?post=6897"},{"taxonomy":"post_tag","embeddable":true,"href":"https:\/\/www.panfletonegro.com\/v\/wp-json\/wp\/v2\/tags?post=6897"}],"curies":[{"name":"wp","href":"https:\/\/api.w.org\/{rel}","templated":true}]}}