{"id":6870,"date":"2010-03-07T15:11:24","date_gmt":"2010-03-07T19:41:24","guid":{"rendered":"http:\/\/www.panfletonegro.com\/v\/?p=6870"},"modified":"2010-03-07T15:41:21","modified_gmt":"2010-03-07T20:11:21","slug":"la-macorina","status":"publish","type":"post","link":"https:\/\/www.panfletonegro.com\/v\/2010\/03\/07\/la-macorina\/","title":{"rendered":"LA MACORINA"},"content":{"rendered":"<p><img data-recalc-dims=\"1\" decoding=\"async\" src=\"https:\/\/i0.wp.com\/4.bp.blogspot.com\/_tKqIiiU8nZQ\/S5BZeIN1DRI\/AAAAAAAAAdY\/9PHKmDGZpKo\/s320\/macorina2.jpg?w=696\" border=\"0\" alt=\"\" \/><\/p>\n<p>En mis ratos de ocioso y cuando quiero desconectarme del mundo escucho m\u00fasica, disfruto de una pel\u00edcula, sigo alguna serie o en \u00faltimo caso veo una novela. La gran culpable de que yo vea novelas fue mi madre no se perd\u00eda ninguna, de hecho sus temas de conversaci\u00f3n eran sobre las desgracias de sus personajes. A pesar que ten\u00eda a\u00f1os que no ve\u00eda una novela, en los \u00faltimos meses he seguido dos: <a href=\"http:\/\/es.wikipedia.org\/wiki\/Tomasa_Tequiero\"><em>Tomasa Te Quiero<\/em> <\/a>y <a href=\"http:\/\/es.wikipedia.org\/wiki\/Un_esposo_para_Estela_(telenovela)\"><em>Un esposo para Estela<\/em><\/a>, ambas transmitidas por <em><a href=\"http:\/\/es.wikipedia.org\/wiki\/Venevision\">Venevisi\u00f3n,<\/a><\/em> en realidad no voy a tocar en esta ocasi\u00f3n el punto de la calidad de su trama o de lo apuestos que son sus protagonistas masculinos, sencillamente a veces en algo que consideramos dirigido para el vulgo te puede sorprender con cosas curiosas, algo as\u00ed me paso con <a href=\"http:\/\/www.elveraz.com\/articulo167.htm\">La Macorina<\/a>, un personaje que se le aparece misteriosamente a Adriano Alberti el d\u00eda que decide dejar a Estela en plena fiesta de Boda, dicha dama no s\u00f3lo cura la fiebre de Adriano, sino que a lo largo de la trama el personje descubre que esa mujer hab\u00eda fallecido hace muchos a\u00f1os en la hacienda<em> El Vendaval<\/em>, precisamente la misma hacienda donde \u00e9l viv\u00eda con su esposa. Por su parte, un d\u00eda mientras Estela limpiaba uno de los cuartos se encuentra con un antiguo cuadro cuyo retrato era el de La Macorina.<br \/>\nDesde el momento de su aparici\u00f3n en la trama de <em>Un Esposo para Estela,<\/em> se me despert\u00f3 la curiosidad y gracias a la maravilla de Google empec\u00e9 mi camino para descubrir a esa mujer. Resulta que La Macorina naci\u00f3 en Cuba en 1892, su verdadero nombre era Mar\u00eda Constancia Caraza Vald\u00e9s, luego en su edad adulta lo cambi\u00f3 a Mar\u00eda Calvo Nodarse. Se convirti\u00f3 adem\u00e1s en una de las pioneras del feminismo cuando exigi\u00f3 sus derechos y de esa manera fue la primera mujer en Cuba en manejar un autom\u00f3vil y por ende, tener su licencia de conducir. Detr\u00e1s de su nombre se mueven muchas historias, entre ellas que era la mujer m\u00e1s hermosa de la isla, recordada por su curvil\u00ednea figura y sus ojos claros, otros alegan que a\u00fan en el malec\u00f3n se puede ver su fantasma y para muchos es una leyenda al ser la meretriz m\u00e1s recordada de Cuba, profesi\u00f3n a la que se dedic\u00f3 para solventar sus penurias econ\u00f3micas despu\u00e9s de escapar con su novio y renunciar as\u00ed a las comodidades y lujos que le brindaba su familia.<br \/>\nSu peculiar nombre fue gracias a un borracho que la confundi\u00f3 con una cantante popular llamada <a href=\"http:\/\/www.biografiasyvidas.com\/biografia\/f\/fornarina.htm\">La Fornarina,<\/a> a partir de ese instante es conocida como La Macorina. Si bien su trabajo le permiti\u00f3 reunirse con las personas m\u00e1s privilegiadas de la sociedad cubana y logr\u00f3 alcanzar cierto estatus econ\u00f3mico que le permiti\u00f3 disfrutar de lujos y riquezas, su muerte estuvo acompa\u00f1ada de la m\u00e1s profunda pobreza, tanto que le toc\u00f3 vender todas sus pertenencias: \u201cMi estrella comenz\u00f3 a declinar. Vend\u00ed mis nueve autos, mis cuatro mansiones, mis vestidos, joyas, pieles&#8230; Los que antes me adulaban, ahora volv\u00edan la cara.\u201d Seg\u00fan las creencias populares cuando una persona muere y llevaba una vida inmoral o disipada queda vagando por las calles, tal vez por esa raz\u00f3n se pueda justificar que La Macorina a\u00fan siga apareciendo por el malec\u00f3n esperando alg\u00fan d\u00eda cumplir su promesa: \u201cDurante toda mi vida tuve una ilusi\u00f3n: llenar un avi\u00f3n con mu\u00f1ecas y repartirlas entre todas las ni\u00f1as de Cuba. A veces, en medio de una fiesta y rodeada de admiradores, mi pensamiento volaba hacia aquel avi\u00f3n cargado de mu\u00f1ecas.\u201d<br \/>\nUna leyenda en Cuba, recordada curiosamente en una novela venezolana, eso s\u00ed con el mismo aire enigm\u00e1tico que caracteriz\u00f3 a La Macorina de la vida real pero enmarcada bajo otra historia. Una alumna que tuvo la oportunidad de viajar a la isla no s\u00f3lo me confirm\u00f3 la existencia del mito de La Macorina, sino tambi\u00e9n me coment\u00f3 que en las noches se escuchan voces y gritos, supuestamente son las voces de las personas que han tratado de escapar de Cuba sin conseguirlo\u2026 Quiz\u00e1s alg\u00fan d\u00eda deber\u00eda ir y tener una aventura al estilo Hemingway simplemente con un \u00fanico prop\u00f3sito descubrir los secretos que se esconden en el malec\u00f3n cubano.<\/p>\n<div><strong>Este texto fue publicado en mi Blog:<\/strong>\u00a0\u00a0<\/div>\n<div><a href=\"http:\/\/cronicasdeunamujersolterisimaenccs.blogspot.com\/\">http:\/\/cronicasdeunamujersolterisimaenccs.blogspot.com<\/a><\/div>\n<div><strong>Si quieres seguirme en Twitter:<\/strong> <a href=\"http:\/\/twitter.com\/SOLTERISIMA\">http:\/\/twitter.com\/SOLTERISIMA<\/a><\/div>\n<div><strong>Dulce Pen\u00e9lope<\/strong><\/div>\n<div><strong>Derechos Reservados<\/strong><\/div>\n<div><strong>Marzo 2010<\/strong><\/div>\n<div>\u00a0<\/div>\n","protected":false},"excerpt":{"rendered":"<p>En mis ratos de ocioso y cuando quiero desconectarme del mundo escucho m\u00fasica, disfruto de una pel\u00edcula, sigo alguna serie o en \u00faltimo caso veo una novela. La gran culpable de que yo vea novelas fue mi madre no se perd\u00eda ninguna, de hecho sus temas de conversaci\u00f3n eran sobre las desgracias de sus personajes. [&hellip;]<\/p>\n","protected":false},"author":1113,"featured_media":0,"comment_status":"open","ping_status":"open","sticky":false,"template":"","format":"standard","meta":{"jetpack_post_was_ever_published":false,"_jetpack_newsletter_access":"","_jetpack_dont_email_post_to_subs":false,"_jetpack_newsletter_tier_id":0,"_jetpack_memberships_contains_paywalled_content":false,"_jetpack_memberships_contains_paid_content":false,"footnotes":"","jetpack_publicize_message":"","jetpack_publicize_feature_enabled":true,"jetpack_social_post_already_shared":false,"jetpack_social_options":{"image_generator_settings":{"template":"highway","default_image_id":0,"font":"","enabled":false},"version":2}},"categories":[1],"tags":[477,476,40,44],"class_list":{"0":"post-6870","1":"post","2":"type-post","3":"status-publish","4":"format-standard","6":"category-azares","7":"tag-cuba","8":"tag-la-macorina","9":"tag-telenovelas","10":"tag-venezuela"},"jetpack_publicize_connections":[],"jetpack_featured_media_url":"","jetpack_shortlink":"https:\/\/wp.me\/pfpCD-1MO","jetpack_sharing_enabled":true,"_links":{"self":[{"href":"https:\/\/www.panfletonegro.com\/v\/wp-json\/wp\/v2\/posts\/6870","targetHints":{"allow":["GET"]}}],"collection":[{"href":"https:\/\/www.panfletonegro.com\/v\/wp-json\/wp\/v2\/posts"}],"about":[{"href":"https:\/\/www.panfletonegro.com\/v\/wp-json\/wp\/v2\/types\/post"}],"author":[{"embeddable":true,"href":"https:\/\/www.panfletonegro.com\/v\/wp-json\/wp\/v2\/users\/1113"}],"replies":[{"embeddable":true,"href":"https:\/\/www.panfletonegro.com\/v\/wp-json\/wp\/v2\/comments?post=6870"}],"version-history":[{"count":0,"href":"https:\/\/www.panfletonegro.com\/v\/wp-json\/wp\/v2\/posts\/6870\/revisions"}],"wp:attachment":[{"href":"https:\/\/www.panfletonegro.com\/v\/wp-json\/wp\/v2\/media?parent=6870"}],"wp:term":[{"taxonomy":"category","embeddable":true,"href":"https:\/\/www.panfletonegro.com\/v\/wp-json\/wp\/v2\/categories?post=6870"},{"taxonomy":"post_tag","embeddable":true,"href":"https:\/\/www.panfletonegro.com\/v\/wp-json\/wp\/v2\/tags?post=6870"}],"curies":[{"name":"wp","href":"https:\/\/api.w.org\/{rel}","templated":true}]}}