{"id":6696,"date":"2010-02-21T08:15:14","date_gmt":"2010-02-21T12:45:14","guid":{"rendered":"http:\/\/www.panfletonegro.com\/v\/?p=6696"},"modified":"2014-06-07T12:08:51","modified_gmt":"2014-06-07T16:38:51","slug":"amar-al-projimo","status":"publish","type":"post","link":"https:\/\/www.panfletonegro.com\/v\/2010\/02\/21\/amar-al-projimo\/","title":{"rendered":"AMAR AL PR\u00d3JIMO"},"content":{"rendered":"<p style=\"text-align: justify\"><a href=\"https:\/\/i0.wp.com\/www.panfletonegro.com\/v\/wp-content\/uploads\/2010\/02\/rana.jpg\"><img data-recalc-dims=\"1\" loading=\"lazy\" decoding=\"async\" data-attachment-id=\"6695\" data-permalink=\"https:\/\/www.panfletonegro.com\/v\/2010\/02\/21\/amar-al-projimo\/rana\/\" data-orig-file=\"https:\/\/i0.wp.com\/www.panfletonegro.com\/v\/wp-content\/uploads\/2010\/02\/rana.jpg?fit=700%2C923&amp;ssl=1\" data-orig-size=\"700,923\" data-comments-opened=\"1\" data-image-meta=\"{&quot;aperture&quot;:&quot;0&quot;,&quot;credit&quot;:&quot;&quot;,&quot;camera&quot;:&quot;&quot;,&quot;caption&quot;:&quot;&quot;,&quot;created_timestamp&quot;:&quot;0&quot;,&quot;copyright&quot;:&quot;&quot;,&quot;focal_length&quot;:&quot;0&quot;,&quot;iso&quot;:&quot;0&quot;,&quot;shutter_speed&quot;:&quot;0&quot;,&quot;title&quot;:&quot;&quot;}\" data-image-title=\"rana\" data-image-description=\"\" data-image-caption=\"\" data-large-file=\"https:\/\/i0.wp.com\/www.panfletonegro.com\/v\/wp-content\/uploads\/2010\/02\/rana.jpg?fit=696%2C918&amp;ssl=1\" class=\"aligncenter size-medium wp-image-6695\" src=\"https:\/\/i0.wp.com\/www.panfletonegro.com\/v\/wp-content\/uploads\/2010\/02\/rana-227x300.jpg?resize=227%2C300\" alt=\"\" width=\"227\" height=\"300\" srcset=\"https:\/\/i0.wp.com\/www.panfletonegro.com\/v\/wp-content\/uploads\/2010\/02\/rana.jpg?resize=227%2C300&amp;ssl=1 227w, https:\/\/i0.wp.com\/www.panfletonegro.com\/v\/wp-content\/uploads\/2010\/02\/rana.jpg?w=700&amp;ssl=1 700w\" sizes=\"auto, (max-width: 227px) 100vw, 227px\" \/><\/a><\/p>\n<p style=\"text-align: justify\">Entonces el maestro, para explicar por qu\u00e9 odiaba a la mayor\u00eda de los sacerdotes cat\u00f3licos, narr\u00f3 la siguiente an\u00e9cdota:<\/p>\n<p style=\"text-align: justify\">Corr\u00eda el tiempo en el que la ciudad de la furia aun no se ba\u00f1aba diariamente en sangre. No eran tiempos pac\u00edficos, pero tampoco eran de los mas violentos. Aun as\u00ed, aquellos sacerdotes venidos de Espa\u00f1a hac\u00edan de las suyas en colegios que, de cara al Ministerio de Educaci\u00f3n, eran regidos por profesionales de la docencia. Eran esos que seleccionaban al personal y manejaban la instituci\u00f3n de acuerdo a sus prejuicios y sesgos, mientras los directores eran solo t\u00edteres para conservar el permiso de llevar un centro educativo.<\/p>\n<p style=\"text-align: justify\">He aqu\u00ed que en uno de estos liceos estudiaba Ramiro. Hab\u00eda que admitir que era un estudiante problem\u00e1tico; rebelde, envalentonado, contest\u00f3n. Sin embargo, as\u00ed como era obvia su agresividad, lo eran tambi\u00e9n sus problemas familiares. No hab\u00eda que ser un psicoanalista para saber que ese muchacho la pasaba mal en su casa y que sus progenitores, especialmente su padre, no daban a Ramiro lo que necesitaba para crecer saludable emocionalmente.<\/p>\n<p style=\"text-align: justify\">Llegado el fin del a\u00f1o escolar, los profesores hicieron su acostumbrado consejo. Cuando lleg\u00f3 el turno de evaluar el caso de Ramiro, casi todos admitieron que era una decisi\u00f3n dific\u00edl. Solo el padre Benicio, hombre \u00e1spero y amargado, ten\u00eda clara la decisi\u00f3n: <em>A ese co\u00f1o de madre no lo quiero el a\u00f1o que viene ac\u00e1, sentenci\u00f3<\/em>.<\/p>\n<p style=\"text-align: justify\">Todos callaron, excepto el profesor de psicolog\u00eda; sugiri\u00f3 que con la atenci\u00f3n apropiada Ramiro cambiar\u00eda rapidamente. Todos los profesores voltearon a verlo, asombrados, pero se volvieron el padre Benicio quien, botando espuma por la boca, bufaba: <em>Dije que a ese co\u00f1o de madre no lo quiero el a\u00f1o que viene ac\u00e1<\/em>.<\/p>\n<p style=\"text-align: justify\">Ramiro no fue admitido al a\u00f1o siguiente, el profesor de psicolog\u00eda renunci\u00f3 para trabajar por su cuenta y, hasta donde se sabe, ese famoso liceo sigue regido por sacerdotes espa\u00f1oles que no conocen la Espa\u00f1a que surgi\u00f3 despu\u00e9s de Franco.<\/p>\n","protected":false},"excerpt":{"rendered":"<p>Entonces el maestro, para explicar por qu\u00e9 odiaba a la mayor\u00eda de los sacerdotes cat\u00f3licos, narr\u00f3 la siguiente an\u00e9cdota: Corr\u00eda el tiempo en el que la ciudad de la furia aun no se ba\u00f1aba diariamente en sangre. No eran tiempos pac\u00edficos, pero tampoco eran de los mas violentos. Aun as\u00ed, aquellos sacerdotes venidos de Espa\u00f1a [&hellip;]<\/p>\n","protected":false},"author":1183,"featured_media":6695,"comment_status":"open","ping_status":"open","sticky":false,"template":"","format":"standard","meta":{"jetpack_post_was_ever_published":false,"_jetpack_newsletter_access":"","_jetpack_dont_email_post_to_subs":false,"_jetpack_newsletter_tier_id":0,"_jetpack_memberships_contains_paywalled_content":false,"_jetpack_memberships_contains_paid_content":false,"footnotes":"","jetpack_publicize_message":"","jetpack_publicize_feature_enabled":true,"jetpack_social_post_already_shared":false,"jetpack_social_options":{"image_generator_settings":{"template":"highway","default_image_id":0,"font":"","enabled":false},"version":2}},"categories":[2439],"tags":[262,346,457,456],"class_list":{"0":"post-6696","1":"post","2":"type-post","3":"status-publish","4":"format-standard","5":"has-post-thumbnail","7":"category-arte","8":"tag-autoritarismo","9":"tag-cuento-corto","10":"tag-iglesia-catolica","11":"tag-parabola"},"jetpack_publicize_connections":[],"jetpack_featured_media_url":"https:\/\/i0.wp.com\/www.panfletonegro.com\/v\/wp-content\/uploads\/2010\/02\/rana.jpg?fit=700%2C923&ssl=1","jetpack_shortlink":"https:\/\/wp.me\/pfpCD-1K0","jetpack_sharing_enabled":true,"_links":{"self":[{"href":"https:\/\/www.panfletonegro.com\/v\/wp-json\/wp\/v2\/posts\/6696","targetHints":{"allow":["GET"]}}],"collection":[{"href":"https:\/\/www.panfletonegro.com\/v\/wp-json\/wp\/v2\/posts"}],"about":[{"href":"https:\/\/www.panfletonegro.com\/v\/wp-json\/wp\/v2\/types\/post"}],"author":[{"embeddable":true,"href":"https:\/\/www.panfletonegro.com\/v\/wp-json\/wp\/v2\/users\/1183"}],"replies":[{"embeddable":true,"href":"https:\/\/www.panfletonegro.com\/v\/wp-json\/wp\/v2\/comments?post=6696"}],"version-history":[{"count":0,"href":"https:\/\/www.panfletonegro.com\/v\/wp-json\/wp\/v2\/posts\/6696\/revisions"}],"wp:featuredmedia":[{"embeddable":true,"href":"https:\/\/www.panfletonegro.com\/v\/wp-json\/wp\/v2\/media\/6695"}],"wp:attachment":[{"href":"https:\/\/www.panfletonegro.com\/v\/wp-json\/wp\/v2\/media?parent=6696"}],"wp:term":[{"taxonomy":"category","embeddable":true,"href":"https:\/\/www.panfletonegro.com\/v\/wp-json\/wp\/v2\/categories?post=6696"},{"taxonomy":"post_tag","embeddable":true,"href":"https:\/\/www.panfletonegro.com\/v\/wp-json\/wp\/v2\/tags?post=6696"}],"curies":[{"name":"wp","href":"https:\/\/api.w.org\/{rel}","templated":true}]}}