{"id":6647,"date":"2010-02-18T20:05:05","date_gmt":"2010-02-19T00:35:05","guid":{"rendered":"http:\/\/www.panfletonegro.com\/v\/?p=6647"},"modified":"2010-02-18T20:05:05","modified_gmt":"2010-02-19T00:35:05","slug":"acerca-de-la-telonera","status":"publish","type":"post","link":"https:\/\/www.panfletonegro.com\/v\/2010\/02\/18\/acerca-de-la-telonera\/","title":{"rendered":"Acerca de la telonera"},"content":{"rendered":"<p><span style=\"font-size: medium\"><strong>De:<\/strong> L@s  administrador@s de esta red<br \/>\n<strong>Para:<\/strong> L@s integrantes de esta red<br \/>\n<strong>Asunto:<\/strong> La telonera: <\/span><\/p>\n<p><span style=\"font-size: medium\">\u00a1 Mir\u00e9monos en ese espejo!! \u00a1Ya est\u00e1n advertid@s!<\/span><br \/>\n&#8212;&#8212;&#8212;&#8212;&#8212;&#8212;&#8212;&#8212;&#8212;&#8212;&#8212;&#8212;&#8212;&#8212;&#8212;&#8212;&#8212;&#8212;&#8212;&#8212;&#8212;&#8212;&#8212;&#8212;&#8212;&#8212;&#8212;&#8212;&#8212;&#8212;&#8212;&#8212;&#8212;&#8212;&#8212;&#8212;&#8212;&#8212;&#8212;&#8212;&#8212;&#8212;&#8212;&#8212;&#8212;&#8212;&#8212;&#8212;&#8212;<\/p>\n<div style=\"text-align: center\"><strong><span style=\"font-size: large\">Acerca de la telonera<\/span><\/strong><\/div>\n<div><span style=\"font-size: large\"><br \/>\n<\/span><\/div>\n<p>Estimad@s compa\u00f1er@s de red, es un placer poder compartir con  ustedes y recibir su invaluable ayuda y todo tipo de concejos basados en  su amplia experiencia y conocimientos, cada vez que se a\u00f1ade un tema de  discusi\u00f3n en los foro de esta red.<\/p>\n<p>Nosotros l@s integrantes del  cap\u00edtulo local de la sociedad interplanetaria, en adelante: IS, -por las  siglas en ingl\u00e9s, que preferimos casi tod@s-; estamos acostumbrad@s a  las discusiones largas, que son normales, cuando se estimula la  participaci\u00f3n y el trabajo en grupo.<\/p>\n<p>Un ejemplo apropiado de lo  anterior, ser\u00eda la selecci\u00f3n del nombre de nuestro dominio: M\u00e1s de 1800  propuestas de nombre, fueron evaluadas por los diferentes cap\u00edtulos,  hasta que el proveedor de servicios de internet, -seleccionado por  nuestro principal patrocinador-, nos asign\u00f3 el <a href=\"http:\/\/victor-bueno.ning.com\">i-p-s.net<\/a> que estaba disponible.<\/p>\n<p>Ya  que aqu\u00ed no corremos el riesgo de ser limitad@s en nuestro derecho a  participar, debemos cuidarnos de quienes abusan de lo abierta y  participativa que es nuestra red, para propagar mensajes comerciales o  para violar la etiqueta de comportamiento debida, as\u00ed como para agredir a  individuos o grupos de nuestra sociedad.<\/p>\n<p>Creo que l@s m\u00e1s  peligros@s enemig@s que tenemos, son quienes promueven actividades  ilegales, ya que podr\u00edamos ser acusad@s de complicidad, puesto que  estamos colaborando, -aunque de modo involuntario-, con sus actividades.<\/p>\n<p>Difundir  mensajes que inciten al consumo de sustancias prohibidas es un crimen  grave.<\/p>\n<p>Si alguien, hace un a\u00f1o, hubiera buscado la palabra:  \u201ctelonera\u201d. En cualquier buscador de la web, (<a href=\"http:\/\/preview.tinyurl.com\/que-es-telonera\">http:\/\/preview.tinyurl.com\/que-es-telonera<\/a> ), seguramente los diccionarios en l\u00ednea le habr\u00edan informado que dicha  palabra se usa para las agrupaciones que se presentan antes que la  banda principal, en los conciertos; que se usa para denominar a las  fabricantes de telones y a las oradoras que dan discursos de apertura.<\/p>\n<p>En  estos momentos si alguien hace dicha b\u00fasqueda, encontrar\u00e1 m\u00e1s de 500.00  resultados y el 35.8 % de ellos apuntan a contenido publicado en  nuestro dominio (<a href=\"http:\/\/victor-bueno.ning.com\/\">i-p-s.net<\/a>).<\/p>\n<p>#telonera  lleva m\u00e1s de seis meses en el primer lugar de las tendencias y temas de  los sistemas p\u00fablicos de mensajer\u00eda instant\u00e1nea y la palabra es  calificada como \u201cde inclusi\u00f3n obligatoria\u201d en los t\u00edtulos de los  art\u00edculos, por famosos asesores en posicionamiento y gesti\u00f3n de tr\u00e1fico  de sitios en la internet.<\/p>\n<p>Es importante saber adem\u00e1s que el 58.56  % de los mensajes de correo que entran o salen de nuestro dominio,  tienen la palabra \u201ctelonera\u201d en su texto; y que los grupos de usuari@s  que tienen la palabra \u201ctelonera\u201d en su nombre, tienen m\u00e1s del 75% del  contenido publicado en nuestros servidores, a pesar de tener menos  del 3 % de l@s usuari@s registrad@s.<\/p>\n<p>Aunque todav\u00eda no ha sido  confirmado, se rumorea que un proveedor de protecciones antivirus,  bautiz\u00f3 con el nombre de \u201ctelonera\u201d, el \u00faltimo virus que ha descubierto.<\/p>\n<p>Ahora  sabemos la causa del incremento desmedido de las visitas a nuestro  sitio web; que l@s administrador@s anteriores, atribu\u00edan a la excelencia  de los contenidos que publicaban en sus blogs personales. Una vez que  sea excarcelad@s, deber\u00e1n enfrentarnos, a nosotr@s, sus excompa\u00f1er@s de  red.<\/p>\n<p>Es muy f\u00e1cil descubrir el origen de todo esto, basta con  ordenar descendientemente por fecha, los resultados de la b\u00fasqueda; para  que encontremos la primera publicaci\u00f3n con dicha palabra, en un blog  personal de poes\u00eda y cuentos cortos, de un oscuro escritor del cap\u00edtulo  de Venezuela de nuestra asociaci\u00f3n, que firma sus publicaciones usando  las siglas VABM (<a href=\"http:\/\/victor-bueno.ning.com\">http:\/\/vabm.i-p-s.net<\/a>).  Cuyos datos de contacto no han podido ser verificados.<\/p>\n<p>Me  refiero espec\u00edficamente a la publicaci\u00f3n: <a href=\"http:\/\/victor-bueno.ning.com\/profiles\/blogs\/acerca-de-la-telonera\">http:\/\/vabm.i-p-s.net\/telonera<\/a><br \/>\nActualmente  hemos obtenido el voto favorable de m\u00e1s del 75 % de l@s miembr@s de  nuestra sociedad, para bloquear el acceso a dicho blog y estamos  esperando a que se venza el plazo normal de 60 d\u00edas h\u00e1biles, para que su  autor mueva su contenido (No mayor a 30 MB) a otros dominios o medios.<\/p>\n<p>Una  medida tan dr\u00e1stica, que viola un derecho tan fundamental como el de la  libertad de expresi\u00f3n, debe ser muy bien explicado a quienes sabemos lo  dif\u00edcil que es lograr que alguien nos lea una p\u00e1gina completa o un  poema; incluso si ya uno le hizo ese favor a \u00e9l o ella, lo coment\u00f3  halagadora y favorablemente, lo a\u00f1adi\u00f3 a sus favoritos, lo reenvi\u00f3 por  correo, mensajer\u00eda instant\u00e1nea y lo republic\u00f3 en su blog personal,  resaltando el enlace a la publicaci\u00f3n original, con letra de gran tama\u00f1o  y colores contrastantes.<\/p>\n<p>Creo que ya est\u00e1 suficientemente  aclarado, que esta censura no forma parte de ninguna estrategia de  promoci\u00f3n, ni es atribuible a la ignorancia de sus t\u00e9cnicas.<\/p>\n<p>Me  parece que ser\u00eda insensato de mi parte, entrar en una discusi\u00f3n acerca  de que es o n\u00f3 ciencia ficci\u00f3n, en adelante SF, -por sus siglas en  ingl\u00e9s que preferimos casi tod@s-, o acerca de lo que es poes\u00eda y lo que  es prosa, ambos temas ocupan ya m\u00e1s del 15 % del espacio en nuestros  servidores web.<\/p>\n<p>Creo que no violo ninguna ley copiando abajo la  publicaci\u00f3n del blog a que hago referencia; lo hago con la finalidad de  justificar ante l@s dem\u00e1s integrantes de nuestra sociedad la decisi\u00f3n ya  tomada, con la conciencia tranquila, porque s\u00e9 que lo m\u00e1s peligroso e  ilegal, vino despu\u00e9s en los comentarios y en la republicaciones no  autorizadas con modificaciones, a\u00f1adidos y fines comerciales.<\/p>\n<p>Atentamente<br \/>\nL@s  administrador@s del grupo 25 de la IS.<br \/>\n18 de febrero de 2010<\/p>\n<p>&#8212;&#8212;&#8212;&#8212;&#8212;&#8212;&#8212;&#8212;&#8212;&#8212;&#8212;&#8212;&#8212;&#8212;&#8212;&#8212;&#8212;&#8212;&#8212;&#8212;&#8212;&#8212;&#8212;&#8212;&#8212;&#8212;&#8212;&#8212;&#8212;&#8212;&#8212;&#8212;&#8212;&#8212;&#8212;&#8212;&#8212;&#8212;&#8212;&#8212;&#8212;&#8212;&#8212;&#8212;&#8212;&#8212;&#8212;&#8212;<\/p>\n<p style=\"text-align: center\"><strong>Telonera<\/strong><\/p>\n<p style=\"text-align: center\"><a href=\"https:\/\/i0.wp.com\/api.ning.com\/files\/eulyXSbuUFlrGJJgYRnIi2Vyq7CpkD25BBWOkVAkNGP1zIVX0uTdlYD0Zl3-yDL99rqhJKb1sSTzSsN9AJDIdtEJMcRE6DY4\/Telonerapequea.jpg\" target=\"_blank\"><img data-recalc-dims=\"1\" decoding=\"async\" class=\"aligncenter\" src=\"https:\/\/i0.wp.com\/api.ning.com\/files\/eulyXSbuUFlrGJJgYRnIi2Vyq7CpkD25BBWOkVAkNGP1zIVX0uTdlYD0Zl3-yDL99rqhJKb1sSTzSsN9AJDIdtEJMcRE6DY4\/Telonerapequea.jpg?w=696\" alt=\"\" \/><\/a><\/p>\n<div style=\"text-align: center\">Planta cuyo nombre y utilidad  desconozco, y que me ha parecido interesante<br \/>\n<span style=\"font-size: medium\"><br \/>\n<\/span><\/div>\n<div style=\"text-align: right\">Cuando viejos nos ciega la  experiencia<br \/>\nCuando j\u00f3venes la falta de ella<br \/>\nHay una nata en los  ojos<br \/>\nQue nunca nos deja<br \/>\nOjala que as\u00ed<br \/>\nSiempre<br \/>\nSea<\/p>\n<p style=\"text-align: right\">O\u00eddo  en la plaza Bol\u00edvar de Tumaxteplexque<br \/>\nEn la semana santa del 2003<\/p>\n<\/div>\n<p style=\"text-align: right\">\n<p style=\"text-align: left\">Que del mundo solo percibimos reflejos, ecos atenuados; que le  hacemos correcciones en el cerebro a las im\u00e1genes, que se forman en la  retina, con la luz que cruza por el cristalino de los ojos; que no solo a  escala muy peque\u00f1a o gigantesca, el universo es ininteligible para  nuestro intelecto, sino que durante nuestros m\u00e1s normales momentos; que  del espectro de est\u00edmulos solo percibimos menos del uno por ciento y que  con dicho porcentaje no hay ning\u00fan intelecto que pueda inferir nada  correcto, Etc. Todos esos temas nos son conocidos.<\/p>\n<p style=\"text-align: left\">Quiz\u00e1 debido a  esto en la literatura abundan ejemplos de \u201cIluminaci\u00f3n\u201d, ya sea esta  lograda mediante la pr\u00e1ctica de la meditaci\u00f3n, la oraci\u00f3n, ciertas  medicinas o pr\u00e1cticas secretas.<\/p>\n<p style=\"text-align: left\">Se supone, muchas veces sin  raz\u00f3n, que quienes la han alcanzado, gu\u00edan a sus disc\u00edpul@s y l@s ayudan  a lograrla.<\/p>\n<p style=\"text-align: left\">El aspecto de la iluminaci\u00f3n que me ocupa en esta  tesis, es el hecho curioso, -por lo menos para m\u00ed-, de que quienes han  alcanzado el estado perfecto para percibir la \u201cverdad verdadera de la  realidad que nos rodea\u201d, nunca muestran el menor inter\u00e9s por continuar  habit\u00e1ndola, por el contrario, tod@s demuestran una impavidez enfermiza  ante la muerte.<\/p>\n<p style=\"text-align: left\">De tal modo que parece que a l@s iluminad@s les  atrae m\u00e1s la vida despu\u00e9s de la muerte, que la que la precede; no creo  que nadie prefiera la no existencia, por horrible que esta vida pueda  parecer, moment\u00e1neamente; pero debo rendirme ante los hechos.<\/p>\n<p style=\"text-align: left\">El  ejemplo que he seleccionado para sustentar esta tesis, para obtener el  post doctorado en literatura mesoamericana comparativa, lo he preferido  entre muchos candidatos, debido a que sus mitos han sido poco difundidos  y no he conocido ninguna secta que defienda con ferocidad la veracidad  de los mismos y<br \/>\ntambi\u00e9n a que ha sido muy f\u00e1cil conseguir la  documentaci\u00f3n completa, aqu\u00ed en la biblioteca de la universidad.<\/p>\n<p style=\"text-align: left\">Puesto  a seleccionar las casillas en las que catalogar\u00eda el texto mencionado,  he estado pensando en clasificarla como de \u201cPoes\u00eda en prosa de ciencia  ficci\u00f3n fant\u00e1stica\u201d.<\/p>\n<p style=\"text-align: left\">Creo que bastar\u00e1 copiar abajo mi traducci\u00f3n  al castellano mesoamericano contempor\u00e1neo, de unos pocos versos, para  hacerla evidente.<\/p>\n<p style=\"text-align: left\">&#8212;&#8212;&#8212;&#8212;&#8212;&#8212;&#8212;&#8212;&#8212;&#8212;&#8212;&#8212;&#8212;&#8212;&#8212;&#8212;&#8212;&#8212;&#8212;&#8212;&#8212;&#8212;&#8212;&#8212;&#8212;&#8212;&#8212;&#8212;&#8212;&#8212;&#8212;&#8212;&#8212;&#8212;&#8212;&#8212;&#8212;&#8212;&#8212;&#8212;&#8212;&#8212;&#8212;&#8212;&#8212;&#8212;&#8212;&#8212;&#8212;&#8212;-<\/p>\n<p style=\"text-align: left\"><span style=\"font-size: large\"><br \/>\n<\/span><\/p>\n<div style=\"text-align: center\"><strong><span style=\"font-size: large\">Telonera:  la que corre la tela<\/span><\/strong><\/div>\n<div style=\"text-align: left\"><span style=\"font-size: large\"><br \/>\n<\/span><\/div>\n<p style=\"text-align: left\">Mi oficio es sencillo, pero secreto<br \/>\nYo brindo el vaso de  telonera, al elegido<br \/>\nSolo dos porciones quedan<br \/>\nMi maestro guard\u00f3  para s\u00ed el secreto<\/p>\n<p style=\"text-align: left\">De la receta de la medicina<br \/>\nQue hace ver a  las personas ciegas<br \/>\nLa redondez perfecta de la realidad<br \/>\nY  simult\u00e1neamente todas sus facetas<\/p>\n<p style=\"text-align: left\">Solo algo valioso se sacrifica<br \/>\nSolo  lo que extra\u00f1aremos, debe serlo<br \/>\nSo lo que desea serlo, es aceptado<br \/>\nPara  el sol nada es necesario<\/p>\n<p style=\"text-align: left\">Reservo para m\u00ed, la \u00faltima porci\u00f3n<br \/>\nAnhelo  el destino de las ofrendas<br \/>\nOjala que este coraz\u00f3n viejo<br \/>\nPueda  merecer el honor de serlo<\/p>\n<p style=\"text-align: left\">La pen\u00faltima porci\u00f3n funcion\u00f3, la  ofrenda aun palpita<br \/>\nHe bebido la \u00faltima, calmo y decidido espero mi  turno<br \/>\nHe alquilado el arte del cuchillo de jade del oficiante<br \/>\nMi  tiempo se hace curvo, el sol no es lo que nos parece<\/p>\n<p style=\"text-align: left\">\n<p style=\"text-align: right\"><strong>VABM<\/strong> jueves, 18 de febrero de 2010<\/p>\n","protected":false},"excerpt":{"rendered":"<p>Otro de los \u00abfamosos\u00bb trabajos de Victor A. Bueno M. en el campo de la \u201cPoes\u00eda en prosa de ciencia ficci\u00f3n fant\u00e1stica\u201d.<\/p>\n","protected":false},"author":1124,"featured_media":0,"comment_status":"open","ping_status":"open","sticky":false,"template":"","format":"standard","meta":{"jetpack_post_was_ever_published":false,"_jetpack_newsletter_access":"","_jetpack_dont_email_post_to_subs":false,"_jetpack_newsletter_tier_id":0,"_jetpack_memberships_contains_paywalled_content":false,"_jetpack_memberships_contains_paid_content":false,"footnotes":"","jetpack_publicize_message":"","jetpack_publicize_feature_enabled":true,"jetpack_social_post_already_shared":false,"jetpack_social_options":{"image_generator_settings":{"template":"highway","default_image_id":0,"font":"","enabled":false},"version":2}},"categories":[2],"tags":[285,445,282],"class_list":{"0":"post-6647","1":"post","2":"type-post","3":"status-publish","4":"format-standard","6":"category-poesia","7":"tag-poemas","8":"tag-telonera","9":"tag-victor-bueno"},"jetpack_publicize_connections":[],"jetpack_featured_media_url":"","jetpack_shortlink":"https:\/\/wp.me\/pfpCD-1Jd","jetpack_sharing_enabled":true,"_links":{"self":[{"href":"https:\/\/www.panfletonegro.com\/v\/wp-json\/wp\/v2\/posts\/6647","targetHints":{"allow":["GET"]}}],"collection":[{"href":"https:\/\/www.panfletonegro.com\/v\/wp-json\/wp\/v2\/posts"}],"about":[{"href":"https:\/\/www.panfletonegro.com\/v\/wp-json\/wp\/v2\/types\/post"}],"author":[{"embeddable":true,"href":"https:\/\/www.panfletonegro.com\/v\/wp-json\/wp\/v2\/users\/1124"}],"replies":[{"embeddable":true,"href":"https:\/\/www.panfletonegro.com\/v\/wp-json\/wp\/v2\/comments?post=6647"}],"version-history":[{"count":0,"href":"https:\/\/www.panfletonegro.com\/v\/wp-json\/wp\/v2\/posts\/6647\/revisions"}],"wp:attachment":[{"href":"https:\/\/www.panfletonegro.com\/v\/wp-json\/wp\/v2\/media?parent=6647"}],"wp:term":[{"taxonomy":"category","embeddable":true,"href":"https:\/\/www.panfletonegro.com\/v\/wp-json\/wp\/v2\/categories?post=6647"},{"taxonomy":"post_tag","embeddable":true,"href":"https:\/\/www.panfletonegro.com\/v\/wp-json\/wp\/v2\/tags?post=6647"}],"curies":[{"name":"wp","href":"https:\/\/api.w.org\/{rel}","templated":true}]}}