{"id":6502,"date":"2010-02-04T15:44:29","date_gmt":"2010-02-04T20:14:29","guid":{"rendered":"http:\/\/www.panfletonegro.com\/v\/?p=6502"},"modified":"2010-02-04T15:44:29","modified_gmt":"2010-02-04T20:14:29","slug":"4-de-febrero-de-1992","status":"publish","type":"post","link":"https:\/\/www.panfletonegro.com\/v\/2010\/02\/04\/4-de-febrero-de-1992\/","title":{"rendered":"4 de febrero de 1992"},"content":{"rendered":"<p><strong>I<\/strong><\/p>\n<p>Militares que enga\u00f1an a otros militares y los llevan a un lugar que desconocen, a pelear una pelea que no les pertenece.<\/p>\n<p>La cifra oficial de muertos de aqu\u00e9l 4 de febrero fue de 14 personas. La cifra extraoficial es de 50 muertos y m\u00e1s de 100 heridos<a href=\"http:\/\/macundalismo.wordpress.com\/wp-admin\/post.php?action=edit&amp;post=190&amp;message=6#_ftn1\">[1]<\/a>. Todos in\u00fatiles.<\/p>\n<p>Aquellos que apoyan a Ch\u00e1vez tienen razones y derecho de sobra para celebrar lo que ellos consideran \u201cEl d\u00eda de la dignidad\u201d o \u201cRescate de la dignidad\u201d, como hoy llaman a estas ansias de estar en la calle, acompa\u00f1ando al presidente. Un par de sugerencias: el d\u00eda de la llegada al poder por v\u00eda de los votos, o la fecha de la aprobaci\u00f3n de la constituci\u00f3n.<\/p>\n<p>Pero \u00bfhubo dignidad el 4 de febrero de 1992? Vayan y pregunten a los familiares de los soldados y los civiles ca\u00eddos ese d\u00eda.<\/p>\n<p>Ese d\u00eda lo \u00fanico que hubo fue bala, fuego, tanque, co\u00f1azo y muerte. Y es eso lo \u00fanico que debe recordarse, a ver si no se repite .<\/p>\n<p>Lamentablemente, la Venezuela contempor\u00e1nea parece tener un <em>d\u00e9j\u00e0 vu<\/em> permanente.<\/p>\n<p><strong>II<\/strong><\/p>\n<p>Dif\u00edcil es meter gato por liebre, porque el 4 de febrero de 1992 \u00a0ning\u00fan pueblo se lanz\u00f3 a la calle apoyando a los militares que encabezaron la intentona. Hubo si una promesa de cambio, un <em>por ahora<\/em> y un <em>pa\u00eds que tiene que enrumbarse hacia un futuro mejor, <\/em>seg\u00fan palabras de Ch\u00e1vez.<\/p>\n<p>Y de eso poco, presidente.<\/p>\n<p>Porque si las razones para tomar las armas fue decir basta a la corrupci\u00f3n que practicaban las \u00e9lites pol\u00edticas y la terrible situaci\u00f3n econ\u00f3mica y social del pa\u00eds\u00a0 de entonces, mal vamos, presidente.<\/p>\n<p>Quiz\u00e1s la efervescencia, el fervor y la pompa con la que Ch\u00e1vez mand\u00f3 a celebrar esta fecha hoy tiene que ver m\u00e1s con una bulla que tape, que haga bulto y mueca, que niegue lo evidente.<\/p>\n<p>\u00bfFecha patria? Mala cosa construir un pa\u00eds sobre los dem\u00e1s, aplaudiendo la empu\u00f1adora de un fusil en nombre de\u00a0 un yo te salvo porque yo digo que tienes que salvarte.<\/p>\n<p>Cu\u00e1ntas fechas patrias quisieron celebrarse a punta de decreto. La historia de Venezuela tiene una colecci\u00f3n de gobernantes obstinados por hacerse una \u00e9pica, una estatua o al menos una plaquita. Es el desespero de la trascendencia.<\/p>\n<p>La mala noticia (para ellos) es que todas esas fechas fueron patrias hasta el d\u00eda en que dejaron el poder.<\/p>\n<p><a href=\"http:\/\/macundalismo.wordpress.com\/wp-admin\/post.php?action=edit&amp;post=190&amp;message=6#_ftnref1\">[1]<\/a> Fundaci\u00f3n Empresas Polar. Historia de Venezuela para nosotros<\/p>\n","protected":false},"excerpt":{"rendered":"<p>I Militares que enga\u00f1an a otros militares y los llevan a un lugar que desconocen, a pelear una pelea que no les pertenece. La cifra oficial de muertos de aqu\u00e9l 4 de febrero fue de 14 personas. La cifra extraoficial es de 50 muertos y m\u00e1s de 100 heridos[1]. Todos in\u00fatiles. Aquellos que apoyan a [&hellip;]<\/p>\n","protected":false},"author":1140,"featured_media":0,"comment_status":"open","ping_status":"open","sticky":false,"template":"","format":"standard","meta":{"jetpack_post_was_ever_published":false,"_jetpack_newsletter_access":"","_jetpack_dont_email_post_to_subs":false,"_jetpack_newsletter_tier_id":0,"_jetpack_memberships_contains_paywalled_content":false,"_jetpack_memberships_contains_paid_content":false,"footnotes":"","jetpack_publicize_message":"","jetpack_publicize_feature_enabled":true,"jetpack_social_post_already_shared":false,"jetpack_social_options":{"image_generator_settings":{"template":"highway","default_image_id":0,"font":"","enabled":false},"version":2}},"categories":[3],"tags":[],"class_list":{"0":"post-6502","1":"post","2":"type-post","3":"status-publish","4":"format-standard","6":"category-descontento"},"jetpack_publicize_connections":[],"jetpack_featured_media_url":"","jetpack_shortlink":"https:\/\/wp.me\/pfpCD-1GS","jetpack_sharing_enabled":true,"_links":{"self":[{"href":"https:\/\/www.panfletonegro.com\/v\/wp-json\/wp\/v2\/posts\/6502","targetHints":{"allow":["GET"]}}],"collection":[{"href":"https:\/\/www.panfletonegro.com\/v\/wp-json\/wp\/v2\/posts"}],"about":[{"href":"https:\/\/www.panfletonegro.com\/v\/wp-json\/wp\/v2\/types\/post"}],"author":[{"embeddable":true,"href":"https:\/\/www.panfletonegro.com\/v\/wp-json\/wp\/v2\/users\/1140"}],"replies":[{"embeddable":true,"href":"https:\/\/www.panfletonegro.com\/v\/wp-json\/wp\/v2\/comments?post=6502"}],"version-history":[{"count":0,"href":"https:\/\/www.panfletonegro.com\/v\/wp-json\/wp\/v2\/posts\/6502\/revisions"}],"wp:attachment":[{"href":"https:\/\/www.panfletonegro.com\/v\/wp-json\/wp\/v2\/media?parent=6502"}],"wp:term":[{"taxonomy":"category","embeddable":true,"href":"https:\/\/www.panfletonegro.com\/v\/wp-json\/wp\/v2\/categories?post=6502"},{"taxonomy":"post_tag","embeddable":true,"href":"https:\/\/www.panfletonegro.com\/v\/wp-json\/wp\/v2\/tags?post=6502"}],"curies":[{"name":"wp","href":"https:\/\/api.w.org\/{rel}","templated":true}]}}