{"id":6471,"date":"2010-02-01T23:14:54","date_gmt":"2010-02-02T03:44:54","guid":{"rendered":"http:\/\/www.panfletonegro.com\/v\/?p=6471"},"modified":"2010-02-14T09:44:25","modified_gmt":"2010-02-14T14:14:25","slug":"estudiante-venezolano","status":"publish","type":"post","link":"https:\/\/www.panfletonegro.com\/v\/2010\/02\/01\/estudiante-venezolano\/","title":{"rendered":"\u00abEstudiante\u00bb Venezolano"},"content":{"rendered":"<p>Nuevamente el movimiento estudiantil sali\u00f3 al ruedo&#8230;<\/p>\n<p>no pretendo hablar de Chavistas o Anti-Chavistas sino hablar un poco de los<br \/>\nestudiantes y su historia.<\/p>\n<p>Arranc\u00f3 con un tal Jos\u00e9 felix Ribas, este hombre en una ocasi\u00f3n tuvo que defender Caracas; las tropas que el comandaba eran pocas pues muchos hab\u00edan muerto en combate&#8230; fu\u00e9 a la Universidad de Caracas (HOY UCV) y arm\u00f3 un ej\u00e9rcito con 800 estudiantes que al sumarle sus disminu\u00eddas tropas de soldados fueron a enfrentarse a un ej\u00e9rcito con mayor n\u00famero de hombres y experiencia, liderizado por el ya conocido y tristemente c\u00e9lebre Jos\u00e9 Tomas Boves d\u00e1ndole a \u00e9ste una de las derrotas m\u00e1s conocidas de la historia militar Venezolana.<\/p>\n<p>Unos cuantos a\u00f1os despu\u00e9s tenemos a la gloriosa \u00abGeneraci\u00f3n del 28\u00bb s\u00edmbolo inspirador de las luchas estudiantiles universitarias en Venezuela. Ellos no s\u00f3lo enfrentaron al r\u00e9gimen facista de G\u00f3mez sino que estos \u00abchicos\u00bb toman la iniciativa de reformar los centros de estudiantes de la Facultad de Medicina, Derecho e Ingenier\u00eda; luego establecieron una nueva Federaci\u00f3n de estudiantes de Venezuela que fuese el organismo coordinador de todos los centro de representaci\u00f3n estudiantil, que hab\u00eda sido suprimido por el gobierno de Cipriano Castro.<\/p>\n<p>Otro ejemplo que quiero dar es el del dirigente estudiantil y \u00abEl Cantor del Pueblo\u00bb Al\u00ed Primera. Este hombre fue parte de la UCV estudi\u00f3 qu\u00edmica all\u00ed y es en donde compone muchas de sus canciones, incluso amaba tanto la UCV que en la plaza de esta casa de estudios pidi\u00f3 matrimonio a una de sus esposas. La canci\u00f3n de Al\u00ed ten\u00eda mucho humanismo y olor a pueblo cosa que a los medios de comunicaci\u00f3n no les agrad\u00f3 del todo y es as\u00ed como vetan a este hombre de las televisioras y disqueras llev\u00e1ndolo a crear su propio sello disquero llamado \u00abCigarr\u00f3n\u00bb, lo cual me da pie para hablar de los medios de comunicaci\u00f3n.<\/p>\n<p>Mucha gente ha notado que el Ex Presidente Luis Herrara Campins no sale en los Medios de Comunicaci\u00f3n; las razones son basicamente dos:<br \/>\n1) en 1980 Campins cierra RCTV 34 horas por pasar \u00abrelatos de hechos poco edificantes\u00bb y por la difusi\u00f3n de \u201cuna cinta de corte pornogr\u00e1fico\u201d<br \/>\n2) la publicaci\u00f3n de una Gaceta en la cual se proh\u00edbe, por razones de salud p\u00fablica, en las estaciones de radiodifusi\u00f3n toda la publicidad comercial que induzca directa o indirectamente al consumo de bebidas alcoh\u00f3licas, cigarrillos y dem\u00e1s derivados del tabaco, esto le cost\u00f3 a Campins el no volver a aparecer en los medios de comunicaci\u00f3n televisivos; tan fuerte ha sido<\/p>\n<p>que es la fecha de hoy y no se han visto m\u00e1s im\u00e1genes de Campins en TV, a\u00fan sabiendo que en 1979 el decret\u00f3 el uso del color en televisi\u00f3n y se adopt\u00f3 el sistema estadounidense en color.<\/p>\n<p>\u00bfAlguna organizaci\u00f3n ha hablado de ese tema?<\/p>\n<p>Regresando a la UCV y reflexionando sobre nosotros mismos, \u00bfa d\u00f3nde vamos? o \u00bfa d\u00f3nde nos llevan?<\/p>\n<p>Hoy tuve que vivir una de las manifestaciones estudiantiles mas BALURDAS que he presenciado, no hablo de la payasada que se hace en los Estadiums sino de lo siguiente:<\/p>\n<p>1) se reune un grupo de estudiantes<br \/>\n2) hacen una concentraci\u00f3n<br \/>\n3) trancan una autopista (afectando directamente a el ciudadano com\u00fan)<br \/>\n4) y cuando abren la boca, es para defender a RCTV lo cual si a ver vamos no es malo<\/p>\n<p>ahora lo que a m\u00ed me parece preocupante, es que el movimiento sobre todo el de la UCV (digo el de la UCV por su historia rebelde, las otras universidades privadas no vale la pena nombrarlas) est\u00e9 saliendo a las calles defendiendo empresas privadas y no protestando porque lo que hoy conocemos como Zona Rental (perteneciente a la UCV) se est\u00e1n construyendo dos hoteles y un mega centro comercial sabiendo que muchas escuelas de la UCV no tienen su propia sede y que la universidad tiene estudiantes que son de las afueras de la gran caracas que tienen que pagar sumas mensuales de hasta 800 \u00f3 1500bsf por una habitaci\u00f3n y a veces sin derecho a cocinar o lavar.<\/p>\n<p>Yo apoyar\u00eda una protesta que se lance a las calles a pedir nuevas universidades Autonomas, pero autonom\u00eda real no ese parapeto, el cual dice \u00abyo soy aut\u00f3nomo, as\u00ed que no le doy explicaciones a nadie ( incluyendo estudiantes que de mas esta decir son parte de la autonom\u00eda)\u00bb<\/p>\n<p>Me parece muy pat\u00e9tico como se est\u00e1n dejando manipular los estudiantes por una gente que no los usa como algo m\u00e1s all\u00e1 que carne de ca\u00f1\u00f3n, pero m\u00e1s pat\u00e9tico a\u00fan es lo que pas\u00f3 hoy 26\/01\/2010.<\/p>\n<p>un grupo de estudiantes va a la sede de un canal de TV (VTV) piden hablar con un directivo del canal, entran y no llevaron siquiera un COMUNICADO para que por lo menos saliera como una nota de prensa, hablan a puerta cerrada con el directivo del canal y la pregunta que yo me har\u00eda si estuviese entre la parranda de bolsas que estuvo all\u00ed es: \u00bfse llego a un acuerdo?, \u00bfcon que objetivo se llego a el canal?, \u00bfcu\u00e1l es el informe que los estudiantes que entraron le dan a los que chuparon sol todo el d\u00eda en una protesta? o es que las ideas no alcanzaron para hacer un miserable papel que dijera \u00abestamos aqu\u00ed por tal o cual raz\u00f3n y exigimos tal o cual cosa.\u00bb<\/p>\n<p>Si las consignas son \u00abNI UN PASO ATRAS\u00bb \u00bfpor qu\u00e9 se siguen usando pancartas de AD y COPEI?, \u00bfNo fueron ADECOS Y COPEYANOS los que quitaron el jardin Botanico a la UCV?, \u00bfno fueron ADECOS Y COPEYANOS los que cerraron la escuela T\u00e9cnica donde ahora est\u00e1 la Facultad de Ciencias de la UCV?, \u00bfno fueron ADECOS Y COPEYANOS quienes mataron al pueblo en el famoso CARACAZO?<\/p>\n<p>Espero no seamos como aquel conocido pol\u00edtico que dijo: \u00abEstabamos al Borde del Abismo, pero Nosotros, Hemos Dado un Paso al Frente!!\u00bb<\/p>\n","protected":false},"excerpt":{"rendered":"<p>Nuevamente el movimiento estudiantil sali\u00f3 al ruedo&#8230; no pretendo hablar de Chavistas o Anti-Chavistas sino hablar un poco de los estudiantes y su historia. Arranc\u00f3 con un tal Jos\u00e9 felix Ribas, este hombre en una ocasi\u00f3n tuvo que defender Caracas; las tropas que el comandaba eran pocas pues muchos hab\u00edan muerto en combate&#8230; fu\u00e9 a [&hellip;]<\/p>\n","protected":false},"author":1201,"featured_media":6473,"comment_status":"open","ping_status":"open","sticky":false,"template":"","format":"standard","meta":{"jetpack_post_was_ever_published":false,"_jetpack_newsletter_access":"","_jetpack_dont_email_post_to_subs":false,"_jetpack_newsletter_tier_id":0,"_jetpack_memberships_contains_paywalled_content":false,"_jetpack_memberships_contains_paid_content":false,"footnotes":"","jetpack_publicize_message":"","jetpack_publicize_feature_enabled":true,"jetpack_social_post_already_shared":false,"jetpack_social_options":{"image_generator_settings":{"template":"highway","default_image_id":0,"font":"","enabled":false},"version":2}},"categories":[1],"tags":[],"class_list":{"0":"post-6471","1":"post","2":"type-post","3":"status-publish","4":"format-standard","5":"has-post-thumbnail","7":"category-azares"},"jetpack_publicize_connections":[],"jetpack_featured_media_url":"https:\/\/i0.wp.com\/www.panfletonegro.com\/v\/wp-content\/uploads\/2010\/02\/preview-Generacion-28.gif?fit=300%2C200&ssl=1","jetpack_shortlink":"https:\/\/wp.me\/pfpCD-1Gn","jetpack_sharing_enabled":true,"_links":{"self":[{"href":"https:\/\/www.panfletonegro.com\/v\/wp-json\/wp\/v2\/posts\/6471","targetHints":{"allow":["GET"]}}],"collection":[{"href":"https:\/\/www.panfletonegro.com\/v\/wp-json\/wp\/v2\/posts"}],"about":[{"href":"https:\/\/www.panfletonegro.com\/v\/wp-json\/wp\/v2\/types\/post"}],"author":[{"embeddable":true,"href":"https:\/\/www.panfletonegro.com\/v\/wp-json\/wp\/v2\/users\/1201"}],"replies":[{"embeddable":true,"href":"https:\/\/www.panfletonegro.com\/v\/wp-json\/wp\/v2\/comments?post=6471"}],"version-history":[{"count":0,"href":"https:\/\/www.panfletonegro.com\/v\/wp-json\/wp\/v2\/posts\/6471\/revisions"}],"wp:featuredmedia":[{"embeddable":true,"href":"https:\/\/www.panfletonegro.com\/v\/wp-json\/wp\/v2\/media\/6473"}],"wp:attachment":[{"href":"https:\/\/www.panfletonegro.com\/v\/wp-json\/wp\/v2\/media?parent=6471"}],"wp:term":[{"taxonomy":"category","embeddable":true,"href":"https:\/\/www.panfletonegro.com\/v\/wp-json\/wp\/v2\/categories?post=6471"},{"taxonomy":"post_tag","embeddable":true,"href":"https:\/\/www.panfletonegro.com\/v\/wp-json\/wp\/v2\/tags?post=6471"}],"curies":[{"name":"wp","href":"https:\/\/api.w.org\/{rel}","templated":true}]}}