{"id":623,"date":"2007-05-16T15:56:32","date_gmt":"2007-05-16T20:26:32","guid":{"rendered":"http:\/\/www.panfletonegro.com\/v\/2007\/05\/16\/cierra-la-libreria-monte-avila\/"},"modified":"2009-07-12T23:48:41","modified_gmt":"2009-07-13T04:18:41","slug":"cierra-la-libreria-monte-avila","status":"publish","type":"post","link":"https:\/\/www.panfletonegro.com\/v\/2007\/05\/16\/cierra-la-libreria-monte-avila\/","title":{"rendered":"Cierra la Libreria Monte  Avila"},"content":{"rendered":"<p>Estimados clientes y amigos,<\/p>\n<p>El 30 de noviembre de 1993 abri\u00f3 sus puertas la Librer\u00eda Monte \u00c1vila<br \/>\nEditores a los lectores de esta ciudad. Con los a\u00f1os y con mucho esfuerzo,<br \/>\nla librer\u00eda no s\u00f3lo se convirti\u00f3 en el lugar de encuentro de escritores,<br \/>\nartistas, profesores, estudiantes y lectores en general sino que irradi\u00f3 su<br \/>\nencanto m\u00e1s all\u00e1 de las fronteras de la ciudad y del pa\u00eds. La librer\u00eda del<br \/>\nTeresa fue desde sus inicios, una clara referencia de librer\u00eda cultural,<br \/>\ndonde tuvimos la suerte y la dicha de ofrecer todo el cat\u00e1logo de la casa,<br \/>\nnuestra querida Monte Avila, adem\u00e1s de todos los fondos editoriales que<br \/>\npudimos adquirir para nutrir una buena oferta bibliogr\u00e1fica, creyendo<br \/>\nsiempre en la bibliodiversidad.<\/p>\n<p>El martes 8 de mayo del presente, a las 7:20 p.m., la librer\u00eda cerr\u00f3 sus<br \/>\npuertas. Nos embarga la tristeza l\u00f3gica de dejar atr\u00e1s el esfuerzo de casi<br \/>\ncatorce a\u00f1os pero nos sentimos contentos y complacidos de haber entregado lo<br \/>\nmejor de nosotros y haber logrado hacernos presente en el mapa personal de<br \/>\nlibrer\u00edas de cada uno de ustedes y en la memoria de esta ciudad.<\/p>\n<p>Vivimos momentos de esplendor y tambi\u00e9n tiempos de incertidumbre. Junto a un<br \/>\nnutrido grupo de compa\u00f1eros y amigos que formaron parte del personal de la<br \/>\nlibrer\u00eda en sus diferentes momentos, tuve la suerte de estar antes y despu\u00e9s<br \/>\ndel cierre de sus puertas. Junto a Katyna y el equipo inicial, vivimos<br \/>\nemocionantes tiempos de apresuramientos para la apertura. Hoy, junto a mis<br \/>\ncompa\u00f1eros, Katiuska, Amelis, Iraida, Yudely, Carolina, Alexander, Rita,<br \/>\nFabiola y Yanelys, hemos vivido momentos de profunda tristeza pero nos<br \/>\nsentimos orgullosos por el trabajo realizado.<\/p>\n<p>Son muchos los nombres que deber\u00edamos mencionar y m\u00e1s las historias que se<br \/>\ntejieron dentro y alrededor de la librer\u00eda, sin embargo, no es tiempo de<br \/>\ncontar historias, ya tendremos ocasi\u00f3n para hacerlo. Por lo pronto, deseo<br \/>\nhacerles llegar nuestro m\u00e1s profundo agradecimiento por habernos apoyado<br \/>\ntodos estos a\u00f1os y haber sido ustedes los m\u00e1s importantes actores de esta<br \/>\nobra.<\/p>\n<p>Hasta pronto.<\/p>\n<p>\u00a0<\/p>\n<p>\u00c1ngel R. Garc\u00eda &#8211; Librero<\/p>\n","protected":false},"excerpt":{"rendered":"<p>Estimados clientes y amigos, El 30 de noviembre de 1993 abri\u00f3 sus puertas la Librer\u00eda Monte \u00c1vila Editores a los lectores de esta ciudad. Con los a\u00f1os y con mucho esfuerzo, la librer\u00eda no s\u00f3lo se convirti\u00f3 en el lugar de encuentro de escritores, artistas, profesores, estudiantes y lectores en general sino que irradi\u00f3 su [&hellip;]<\/p>\n","protected":false},"author":206,"featured_media":0,"comment_status":"open","ping_status":"open","sticky":false,"template":"","format":"standard","meta":{"jetpack_post_was_ever_published":false,"_jetpack_newsletter_access":"","_jetpack_dont_email_post_to_subs":false,"_jetpack_newsletter_tier_id":0,"_jetpack_memberships_contains_paywalled_content":false,"_jetpack_memberships_contains_paid_content":false,"footnotes":"","jetpack_publicize_message":"","jetpack_publicize_feature_enabled":true,"jetpack_social_post_already_shared":false,"jetpack_social_options":{"image_generator_settings":{"template":"highway","default_image_id":0,"font":"","enabled":false},"version":2}},"categories":[3],"tags":[],"class_list":{"0":"post-623","1":"post","2":"type-post","3":"status-publish","4":"format-standard","6":"category-descontento"},"jetpack_publicize_connections":[],"jetpack_featured_media_url":"","jetpack_shortlink":"https:\/\/wp.me\/pfpCD-a3","jetpack_sharing_enabled":true,"_links":{"self":[{"href":"https:\/\/www.panfletonegro.com\/v\/wp-json\/wp\/v2\/posts\/623","targetHints":{"allow":["GET"]}}],"collection":[{"href":"https:\/\/www.panfletonegro.com\/v\/wp-json\/wp\/v2\/posts"}],"about":[{"href":"https:\/\/www.panfletonegro.com\/v\/wp-json\/wp\/v2\/types\/post"}],"author":[{"embeddable":true,"href":"https:\/\/www.panfletonegro.com\/v\/wp-json\/wp\/v2\/users\/206"}],"replies":[{"embeddable":true,"href":"https:\/\/www.panfletonegro.com\/v\/wp-json\/wp\/v2\/comments?post=623"}],"version-history":[{"count":0,"href":"https:\/\/www.panfletonegro.com\/v\/wp-json\/wp\/v2\/posts\/623\/revisions"}],"wp:attachment":[{"href":"https:\/\/www.panfletonegro.com\/v\/wp-json\/wp\/v2\/media?parent=623"}],"wp:term":[{"taxonomy":"category","embeddable":true,"href":"https:\/\/www.panfletonegro.com\/v\/wp-json\/wp\/v2\/categories?post=623"},{"taxonomy":"post_tag","embeddable":true,"href":"https:\/\/www.panfletonegro.com\/v\/wp-json\/wp\/v2\/tags?post=623"}],"curies":[{"name":"wp","href":"https:\/\/api.w.org\/{rel}","templated":true}]}}