{"id":6041,"date":"2010-01-07T17:16:23","date_gmt":"2010-01-07T21:46:23","guid":{"rendered":"http:\/\/www.panfletonegro.com\/v\/?p=6041"},"modified":"2012-03-31T09:44:14","modified_gmt":"2012-03-31T14:14:14","slug":"baba-de-caracol-tragico-media-parte-ii","status":"publish","type":"post","link":"https:\/\/www.panfletonegro.com\/v\/2010\/01\/07\/baba-de-caracol-tragico-media-parte-ii\/","title":{"rendered":"BABA DE CARACOL  ( Tr\u00e1gico-media) Parte II"},"content":{"rendered":"<p>.Entonces,\u00a0apareci\u00f3\u00a0Juan, el surfista, el chico miope que ten\u00eda cara de nerd; entonces todas quer\u00edan estar con \u00e9l,<\/p>\n<p>todas quer\u00edan acostarse con \u00e9l, y que ese man \u00a0venido quien sabe de donde les tocara la rid\u00edcula guitarra flamenca que no le iba nada bien con su aire de gallego.<\/p>\n<p>.Antonio y yo nos\u00a0sent\u00e1bamos en la escalera craneando de qu\u00e9 manera pod\u00edamos explotarle el mundo cool play que ten\u00eda con todos los que le jalaban bola, admito, toda era la m\u00e1s\u00a0\u00a0pura envidia,envidia de mediocres que no tienen recursos ni\u00a0f\u00edsicos\u00a0ni\u00a0econ\u00f3micos\u00a0para entrarle a una ni\u00f1a- la que sea; la m\u00e1s viejita, o en el peor de \u00a0los casos la m\u00e1s fea-. En eso se nos iba la tarde, viendo pasar los carros, las motos, las parejas heterosexuales, las de gays, de ancianos, y nosotros solos,una piedra al lado de un excremento. Mi hermana Tania. Siempre en su cuarto. Una especie rara que lee hasta la basura de los diarios, los cuentos de la gente que escribe relatos en Internet que a nadie le interesa. Me acord\u00e9 de mi hermana.Siete noches para convencerla de que el manguito bajito de Juan era un buen partido.<\/p>\n","protected":false},"excerpt":{"rendered":"<p>.Entonces,\u00a0apareci\u00f3\u00a0Juan, el surfista, el chico miope que ten\u00eda cara de nerd; entonces todas quer\u00edan estar con \u00e9l, todas quer\u00edan acostarse con \u00e9l, y que ese man \u00a0venido quien sabe de donde les tocara la rid\u00edcula guitarra flamenca que no le iba nada bien con su aire de gallego. .Antonio y yo nos\u00a0sent\u00e1bamos en la escalera [&hellip;]<\/p>\n","protected":false},"author":1151,"featured_media":0,"comment_status":"open","ping_status":"open","sticky":false,"template":"","format":"standard","meta":{"jetpack_post_was_ever_published":false,"_jetpack_newsletter_access":"","_jetpack_dont_email_post_to_subs":false,"_jetpack_newsletter_tier_id":0,"_jetpack_memberships_contains_paywalled_content":false,"_jetpack_memberships_contains_paid_content":false,"footnotes":"","jetpack_publicize_message":"","jetpack_publicize_feature_enabled":true,"jetpack_social_post_already_shared":false,"jetpack_social_options":{"image_generator_settings":{"template":"highway","default_image_id":0,"font":"","enabled":false},"version":2}},"categories":[1],"tags":[],"class_list":{"0":"post-6041","1":"post","2":"type-post","3":"status-publish","4":"format-standard","6":"category-azares"},"jetpack_publicize_connections":[],"jetpack_featured_media_url":"","jetpack_shortlink":"https:\/\/wp.me\/pfpCD-1zr","jetpack_sharing_enabled":true,"_links":{"self":[{"href":"https:\/\/www.panfletonegro.com\/v\/wp-json\/wp\/v2\/posts\/6041","targetHints":{"allow":["GET"]}}],"collection":[{"href":"https:\/\/www.panfletonegro.com\/v\/wp-json\/wp\/v2\/posts"}],"about":[{"href":"https:\/\/www.panfletonegro.com\/v\/wp-json\/wp\/v2\/types\/post"}],"author":[{"embeddable":true,"href":"https:\/\/www.panfletonegro.com\/v\/wp-json\/wp\/v2\/users\/1151"}],"replies":[{"embeddable":true,"href":"https:\/\/www.panfletonegro.com\/v\/wp-json\/wp\/v2\/comments?post=6041"}],"version-history":[{"count":0,"href":"https:\/\/www.panfletonegro.com\/v\/wp-json\/wp\/v2\/posts\/6041\/revisions"}],"wp:attachment":[{"href":"https:\/\/www.panfletonegro.com\/v\/wp-json\/wp\/v2\/media?parent=6041"}],"wp:term":[{"taxonomy":"category","embeddable":true,"href":"https:\/\/www.panfletonegro.com\/v\/wp-json\/wp\/v2\/categories?post=6041"},{"taxonomy":"post_tag","embeddable":true,"href":"https:\/\/www.panfletonegro.com\/v\/wp-json\/wp\/v2\/tags?post=6041"}],"curies":[{"name":"wp","href":"https:\/\/api.w.org\/{rel}","templated":true}]}}