{"id":6006,"date":"2010-01-04T15:58:19","date_gmt":"2010-01-04T20:28:19","guid":{"rendered":"http:\/\/www.panfletonegro.com\/v\/?p=6006"},"modified":"2014-06-07T12:09:42","modified_gmt":"2014-06-07T16:39:42","slug":"y-comenzo-el-2010-con-un-toque-de-queda-implicito","status":"publish","type":"post","link":"https:\/\/www.panfletonegro.com\/v\/2010\/01\/04\/y-comenzo-el-2010-con-un-toque-de-queda-implicito\/","title":{"rendered":"Y comenz\u00f3 el 2010 (con un toque de queda impl\u00edcito)"},"content":{"rendered":"<p><a href=\"https:\/\/i0.wp.com\/4.bp.blogspot.com\/_MLhHXeG-CdE\/S0JL4sMFqkI\/AAAAAAAAA9g\/iu3MvAVF0JU\/s1600-h\/sambilvac%C3%ADo.jpg\"><img data-recalc-dims=\"1\" decoding=\"async\" style=\"margin: 0px auto 10px; display: block; text-align: center; cursor: pointer; width: 320px; height: 240px;\" src=\"https:\/\/i0.wp.com\/4.bp.blogspot.com\/_MLhHXeG-CdE\/S0JL4sMFqkI\/AAAAAAAAA9g\/iu3MvAVF0JU\/s320\/sambilvac%C3%ADo.jpg?w=696\" border=\"0\" alt=\"\" \/><\/a>A partir del 2 de enero los Centro Comerciales deben cerrar sus puertas a las 9 p.m. Hablar de esta medida como una forma de \u00abahorrar energ\u00eda\u00bb es un p\u00e9simo chiste, considerando que estos establecimientos no consumen ni el 5% de la electricidad a nivel nacional. Cualquier persona que trabaje en <span style=\"font-style: italic;\">Corpoelec<\/span> lo sabe, as\u00ed como tambi\u00e9n sabe que cerca del 30% de la electricidad va a parar a viviendas ilegales que ni si quiera pagan por el servicio. As\u00ed es como est\u00e1n las cosas: las empresas de comercio y servicios (acaso las pocas que siguen movilizando la econom\u00eda nacional y generando empleo) son castigadas obligando a reducir sus horarios de trabajo, mientras que los sectores parasitarios de nuestro pa\u00eds siguen siendo intocables. Por esto y mucho m\u00e1s, no sorprende que la econom\u00eda venezolana haya registrado un decrecimiento en el 2009.<\/p>\n<p>Las tiendas y comercios ser\u00e1n tal vez los menos afectados por la medida, puesto que sus horarios suelen llegar precisamente hasta las 9 de la noche. Quienes en realidad ver\u00e1n mermada su rentabilidad son los principales proveedores de entretenimiento: locales nocturnos y salas de cine y teatro. Y si la mayor\u00eda de estos establecimientos se encuentra en Centros Comerciales es por una raz\u00f3n: brindan mayor seguridad que otro tipo de locales al aire libre. No en balde la gran mayor\u00eda de las salas de cine y teatro se han acogido al formato <span style=\"font-style: italic;\">Multiplex<\/span> y se encuentran dentro de los colosos comerciales para venderse como parte de un combo que incluye otros servicios. El ataque no es a los Centros Comerciales ni a sus due\u00f1os. No creo que Salom\u00f3n Coh\u00e9n deje de dormir esta noche por ese decreto, pero quienes ven mermada su posibilidad de entretenimiento s\u00ed.<\/p>\n<p>Vivimos en un Estado que no combate la delincuencia, eso es <a href=\"..\/2009\/09\/03\/el-hampa-comun-como-herramienta-estrategica-de-la-revolucion-del-siglo-xxi\/\">evidente<\/a>. Ya sea por complacencia o negligencia, las cifras de inseguridad han colocado a Caracas como<a href=\"http:\/\/www.eltiempo.com\/mundo\/latinoamerica\/caracas-la-tercera-ciudad-mas-violenta-del-mundo_6879967-1\"> la tercera ciudad m\u00e1s peligrosa del mundo<\/a>, s\u00f3lo detr\u00e1s de Ciudad Ju\u00e1rez y Nueva Orl\u00e9ans. Y mientras la tasa de homicidios se incrementaba en Caracas durante el mes de dociembre, \u00bfqu\u00e9 hac\u00eda la Polic\u00eda Metropolitana? <a href=\"http:\/\/www.eluniversal.com\/2009\/12\/13\/pol_ava_efectivos-de-la-pm-r_13A3185691.shtml\">Secuestrar a un ganadero que est\u00e1 en huelga de hambre<\/a>.<\/p>\n<p>Uno pensar\u00eda que un estado que no ha tenido \u00e9xito en combatir la delincuencia, ni controlar la ca\u00edda econ\u00f3mica al menos permitir\u00eda que la gente pueda salir a olvidar esos problemas tom\u00e1ndose unos tragos o viendo alguna pel\u00edcula u obra de teatro. \u00bfPor qu\u00e9 entonces se va en la direcci\u00f3n contraria? \u00bfAcaso se busca implementar un toque de queda impl\u00edcito donde todos deber\u00edamos estar en nuestras casas cuando anochece? No hab\u00eda pan&#8230; \u00bfy ahora tampoco hay circo? \u00a1Feliz 2010!<\/p>\n<p><a href=\"https:\/\/i0.wp.com\/3.bp.blogspot.com\/_MLhHXeG-CdE\/S0JMUjzw6xI\/AAAAAAAAA9o\/KttEp4NPhlk\/s1600-h\/tumblr_2010.jpg\"><img data-recalc-dims=\"1\" decoding=\"async\" style=\"margin: 0px auto 10px; display: block; text-align: center; cursor: pointer; width: 320px; height: 240px;\" src=\"https:\/\/i0.wp.com\/3.bp.blogspot.com\/_MLhHXeG-CdE\/S0JMUjzw6xI\/AAAAAAAAA9o\/KttEp4NPhlk\/s320\/tumblr_2010.jpg?w=696\" border=\"0\" alt=\"\" \/><\/a><\/p>\n","protected":false},"excerpt":{"rendered":"<p>A partir del 2 de enero los Centro Comerciales deben cerrar sus puertas a las 9 p.m. Hablar de esta medida como una forma de \u00abahorrar energ\u00eda\u00bb es un p\u00e9simo chiste, considerando que estos establecimientos no consumen ni el 5% de la electricidad a nivel nacional. Cualquier persona que trabaje en Corpoelec lo sabe, as\u00ed [&hellip;]<\/p>\n","protected":false},"author":1105,"featured_media":0,"comment_status":"open","ping_status":"open","sticky":false,"template":"","format":"standard","meta":{"jetpack_post_was_ever_published":false,"_jetpack_newsletter_access":"","_jetpack_dont_email_post_to_subs":false,"_jetpack_newsletter_tier_id":0,"_jetpack_memberships_contains_paywalled_content":false,"_jetpack_memberships_contains_paid_content":false,"footnotes":"","jetpack_publicize_message":"","jetpack_publicize_feature_enabled":true,"jetpack_social_post_already_shared":false,"jetpack_social_options":{"image_generator_settings":{"template":"highway","default_image_id":0,"font":"","enabled":false},"version":2}},"categories":[2439],"tags":[],"class_list":{"0":"post-6006","1":"post","2":"type-post","3":"status-publish","4":"format-standard","6":"category-arte"},"jetpack_publicize_connections":[],"jetpack_featured_media_url":"","jetpack_shortlink":"https:\/\/wp.me\/pfpCD-1yS","jetpack_sharing_enabled":true,"_links":{"self":[{"href":"https:\/\/www.panfletonegro.com\/v\/wp-json\/wp\/v2\/posts\/6006","targetHints":{"allow":["GET"]}}],"collection":[{"href":"https:\/\/www.panfletonegro.com\/v\/wp-json\/wp\/v2\/posts"}],"about":[{"href":"https:\/\/www.panfletonegro.com\/v\/wp-json\/wp\/v2\/types\/post"}],"author":[{"embeddable":true,"href":"https:\/\/www.panfletonegro.com\/v\/wp-json\/wp\/v2\/users\/1105"}],"replies":[{"embeddable":true,"href":"https:\/\/www.panfletonegro.com\/v\/wp-json\/wp\/v2\/comments?post=6006"}],"version-history":[{"count":0,"href":"https:\/\/www.panfletonegro.com\/v\/wp-json\/wp\/v2\/posts\/6006\/revisions"}],"wp:attachment":[{"href":"https:\/\/www.panfletonegro.com\/v\/wp-json\/wp\/v2\/media?parent=6006"}],"wp:term":[{"taxonomy":"category","embeddable":true,"href":"https:\/\/www.panfletonegro.com\/v\/wp-json\/wp\/v2\/categories?post=6006"},{"taxonomy":"post_tag","embeddable":true,"href":"https:\/\/www.panfletonegro.com\/v\/wp-json\/wp\/v2\/tags?post=6006"}],"curies":[{"name":"wp","href":"https:\/\/api.w.org\/{rel}","templated":true}]}}