{"id":592,"date":"2007-04-22T18:34:26","date_gmt":"2007-04-22T22:34:26","guid":{"rendered":"http:\/\/www.panfletonegro.com\/v\/2007\/04\/22\/en-cuerpo-ajeno-publicado-en-httpjoseluismendozamarquezblogspotcom\/"},"modified":"2007-04-22T20:54:00","modified_gmt":"2007-04-23T00:54:00","slug":"en-cuerpo-ajeno-publicado-en-httpjoseluismendozamarquezblogspotcom","status":"publish","type":"post","link":"https:\/\/www.panfletonegro.com\/v\/2007\/04\/22\/en-cuerpo-ajeno-publicado-en-httpjoseluismendozamarquezblogspotcom\/","title":{"rendered":"en cuerpo ajeno (publicado en http:\/\/joseluismendozamarquez.blogspot.com)"},"content":{"rendered":"<p>A lo largo de mis a\u00f1os mi vida se ha dividido en 2 periodos mas o menos c\u00edclicos, unos de conformidad y otro de disconformidad, y luego conformidad y as\u00ed sucesivamente. En la conformidad entiendo el porque estoy donde estoy parado hoy en d\u00eda, porque act\u00fao como act\u00fao y estoy de acuerdo que aunque he cometido errores se puede decir que vivo bien, que no soy tan malo despu\u00e9s de todo, que tambi\u00e9n he tenido mis aciertos y que se acercan tiempos mejores.<br \/>\nPero luego, no tan seguido, son lapsos bastantes largos, de hasta meses; viene el periodo de disconformidad, donde estoy inconforme con mi propio desempe\u00f1o, considero que todo lo que he hecho o llevado a cabo esta mal, todas mis decisiones son erradas, he tenido la oportunidad de hacer grandes cosas y las he desperdiciado por completo en busca de sue\u00f1os ef\u00edmeros que jamas pudieron concretarse, y cuando estoy en la etapa mas aguda, nunca he tenido oportunidad de grandeza, nunca podr\u00e9 alcanzar la inmortalidad del recuerdo, estoy destinado a parecer la fatalidad de este cuerpo que en suerte me toco y el cual sufre la debacle de mi ritmo de vida azaroso.<br \/>\n<!--more--><br \/>\nHasta hace poco estuve viviendo en esta etapa, pero unos d\u00edas atr\u00e1s despert\u00e9 con la sensaci\u00f3n de que hab\u00eda ca\u00eddo por obra de una fuerza superior en un cuerpo ajeno, extra\u00f1o por completo a mi ser (por lo general as\u00ed ocurre el cambio de etapa de inconforme a conforme) todas las dimensiones f\u00edsicas a mi alrededor me resultaban extra\u00f1as, exageradas o demasiado peque\u00f1as, amorfas inclusas. A verme en el espejo no me reconoc\u00ed, me tomo unos segundos saber que ese era yo.<br \/>\nEs como cuando despiertas de un sue\u00f1o y tardar un instante en reconocer tu cuarto, tu cama, en medio de la oscuridad de la noche aun crees habitar el sue\u00f1o. Esta sensaci\u00f3n me dura un par de d\u00edas, pero poco a poco voy reconociendo el mundo de nuevo, voy relacion\u00e1ndome con todo lo que me rodea, y as\u00ed comprendiendo lo f\u00edsico comienzo a comprender tambi\u00e9n lo que esta mas all\u00e1 de lo f\u00edsico, y una vez all\u00ed, me comprendo un poco mas a m\u00ed mismo.<br \/>\nEn la etapa que podr\u00edamos llamar depresiva suelo reflexionar muchisimo acerca de todo, desde el cantar de un p\u00e1jaro a cual ser\u00e1 la finalidad de esta vida terrenal y si existe otra vida. Luego, todas esas meditaciones me son de ayuda en la compresi\u00f3n de la etapa que podr\u00edamos llamar euf\u00f3rica. El paso de la etapa euf\u00f3rica a la depresiva se ve determinado por un hecho que implica una grieta o falla en mi sistema de creencias, lo que pone todo en perspectiva y pienso que he hecho todo mal, luego, para retornar a la etapa euf\u00f3rica desde la depresiva, se deben dar una serie de hechos que configuren peque\u00f1os \u00e9xitos en distintas \u00e1reas.<br \/>\nAs\u00ed que se puede decir que es el ciclo de vida y muerte, de acci\u00f3n y reposo, de cansarse y descansar. Hace unas semana volv\u00ed a nacer, volv\u00ed a ser yo, entre en la etapa euf\u00f3rica que augura mejores tiempos este a\u00f1o que en el 2006, que fue, si se puede decir, uno de mis mejores a\u00f1os.<\/p>\n","protected":false},"excerpt":{"rendered":"<p>A lo largo de mis a\u00f1os mi vida se ha dividido en 2 periodos mas o menos c\u00edclicos, unos de conformidad y otro de disconformidad, y luego conformidad y as\u00ed sucesivamente. En la conformidad entiendo el porque estoy donde estoy parado hoy en d\u00eda, porque act\u00fao como act\u00fao y estoy de acuerdo que aunque he [&hellip;]<\/p>\n","protected":false},"author":188,"featured_media":0,"comment_status":"open","ping_status":"open","sticky":false,"template":"","format":"standard","meta":{"jetpack_post_was_ever_published":false,"_jetpack_newsletter_access":"","_jetpack_dont_email_post_to_subs":false,"_jetpack_newsletter_tier_id":0,"_jetpack_memberships_contains_paywalled_content":false,"_jetpack_memberships_contains_paid_content":false,"footnotes":"","jetpack_publicize_message":"","jetpack_publicize_feature_enabled":true,"jetpack_social_post_already_shared":false,"jetpack_social_options":{"image_generator_settings":{"template":"highway","default_image_id":0,"font":"","enabled":false},"version":2}},"categories":[1],"tags":[],"class_list":{"0":"post-592","1":"post","2":"type-post","3":"status-publish","4":"format-standard","6":"category-azares"},"jetpack_publicize_connections":[],"jetpack_featured_media_url":"","jetpack_shortlink":"https:\/\/wp.me\/pfpCD-9y","jetpack_sharing_enabled":true,"_links":{"self":[{"href":"https:\/\/www.panfletonegro.com\/v\/wp-json\/wp\/v2\/posts\/592","targetHints":{"allow":["GET"]}}],"collection":[{"href":"https:\/\/www.panfletonegro.com\/v\/wp-json\/wp\/v2\/posts"}],"about":[{"href":"https:\/\/www.panfletonegro.com\/v\/wp-json\/wp\/v2\/types\/post"}],"author":[{"embeddable":true,"href":"https:\/\/www.panfletonegro.com\/v\/wp-json\/wp\/v2\/users\/188"}],"replies":[{"embeddable":true,"href":"https:\/\/www.panfletonegro.com\/v\/wp-json\/wp\/v2\/comments?post=592"}],"version-history":[{"count":0,"href":"https:\/\/www.panfletonegro.com\/v\/wp-json\/wp\/v2\/posts\/592\/revisions"}],"wp:attachment":[{"href":"https:\/\/www.panfletonegro.com\/v\/wp-json\/wp\/v2\/media?parent=592"}],"wp:term":[{"taxonomy":"category","embeddable":true,"href":"https:\/\/www.panfletonegro.com\/v\/wp-json\/wp\/v2\/categories?post=592"},{"taxonomy":"post_tag","embeddable":true,"href":"https:\/\/www.panfletonegro.com\/v\/wp-json\/wp\/v2\/tags?post=592"}],"curies":[{"name":"wp","href":"https:\/\/api.w.org\/{rel}","templated":true}]}}