{"id":58521,"date":"2019-06-18T00:02:53","date_gmt":"2019-06-18T04:02:53","guid":{"rendered":"https:\/\/www.panfletonegro.com\/v\/?p=58521"},"modified":"2019-06-18T20:21:00","modified_gmt":"2019-06-19T00:21:00","slug":"ansiedad-de-tenerte-en-mis-brazos","status":"publish","type":"post","link":"https:\/\/www.panfletonegro.com\/v\/2019\/06\/18\/ansiedad-de-tenerte-en-mis-brazos\/","title":{"rendered":"Ansiedad de tenerte en mis brazos&#8230;"},"content":{"rendered":"<div data-contents=\"true\">\n<div data-editor=\"am7p9\" data-offset-key=\"500ll-0-0\" data-block=\"true\">\n<div class=\"_1mf _1mj\" data-offset-key=\"500ll-0-0\">\n<p><span data-offset-key=\"500ll-0-0\"><img data-recalc-dims=\"1\" loading=\"lazy\" decoding=\"async\" data-attachment-id=\"58524\" data-permalink=\"https:\/\/www.panfletonegro.com\/v\/2019\/06\/18\/ansiedad-de-tenerte-en-mis-brazos\/img_20190618_141031_1-large\/\" data-orig-file=\"https:\/\/i0.wp.com\/www.panfletonegro.com\/v\/wp-content\/uploads\/2019\/06\/IMG_20190618_141031_1-Large.jpg?fit=1440%2C1080&amp;ssl=1\" data-orig-size=\"1440,1080\" data-comments-opened=\"1\" data-image-meta=\"{&quot;aperture&quot;:&quot;2&quot;,&quot;credit&quot;:&quot;&quot;,&quot;camera&quot;:&quot;&quot;,&quot;caption&quot;:&quot;&quot;,&quot;created_timestamp&quot;:&quot;1560867031&quot;,&quot;copyright&quot;:&quot;&quot;,&quot;focal_length&quot;:&quot;3.3&quot;,&quot;iso&quot;:&quot;1701&quot;,&quot;shutter_speed&quot;:&quot;0.049997&quot;,&quot;title&quot;:&quot;&quot;,&quot;orientation&quot;:&quot;1&quot;}\" data-image-title=\"IMG_20190618_141031_1 (Large)\" data-image-description=\"\" data-image-caption=\"\" data-large-file=\"https:\/\/i0.wp.com\/www.panfletonegro.com\/v\/wp-content\/uploads\/2019\/06\/IMG_20190618_141031_1-Large.jpg?fit=696%2C522&amp;ssl=1\" class=\"alignnone size-medium wp-image-58524\" src=\"https:\/\/i0.wp.com\/www.panfletonegro.com\/v\/wp-content\/uploads\/2019\/06\/IMG_20190618_141031_1-Large.jpg?resize=640%2C480&#038;ssl=1\" alt=\"\" width=\"640\" height=\"480\" srcset=\"https:\/\/i0.wp.com\/www.panfletonegro.com\/v\/wp-content\/uploads\/2019\/06\/IMG_20190618_141031_1-Large.jpg?resize=640%2C480&amp;ssl=1 640w, https:\/\/i0.wp.com\/www.panfletonegro.com\/v\/wp-content\/uploads\/2019\/06\/IMG_20190618_141031_1-Large.jpg?resize=768%2C576&amp;ssl=1 768w, https:\/\/i0.wp.com\/www.panfletonegro.com\/v\/wp-content\/uploads\/2019\/06\/IMG_20190618_141031_1-Large.jpg?resize=1024%2C768&amp;ssl=1 1024w, https:\/\/i0.wp.com\/www.panfletonegro.com\/v\/wp-content\/uploads\/2019\/06\/IMG_20190618_141031_1-Large.jpg?resize=80%2C60&amp;ssl=1 80w, https:\/\/i0.wp.com\/www.panfletonegro.com\/v\/wp-content\/uploads\/2019\/06\/IMG_20190618_141031_1-Large.jpg?resize=265%2C198&amp;ssl=1 265w, https:\/\/i0.wp.com\/www.panfletonegro.com\/v\/wp-content\/uploads\/2019\/06\/IMG_20190618_141031_1-Large.jpg?resize=696%2C522&amp;ssl=1 696w, https:\/\/i0.wp.com\/www.panfletonegro.com\/v\/wp-content\/uploads\/2019\/06\/IMG_20190618_141031_1-Large.jpg?resize=1068%2C801&amp;ssl=1 1068w, https:\/\/i0.wp.com\/www.panfletonegro.com\/v\/wp-content\/uploads\/2019\/06\/IMG_20190618_141031_1-Large.jpg?resize=560%2C420&amp;ssl=1 560w, https:\/\/i0.wp.com\/www.panfletonegro.com\/v\/wp-content\/uploads\/2019\/06\/IMG_20190618_141031_1-Large.jpg?w=1440&amp;ssl=1 1440w\" sizes=\"auto, (max-width: 640px) 100vw, 640px\" \/><\/span><\/p>\n<p>Yo he estado batallando con depresi\u00f3n y ansiedad.<\/p>\n<\/div>\n<\/div>\n<div data-editor=\"am7p9\" data-offset-key=\"9hr31-0-0\" data-block=\"true\">\n<div class=\"_1mf _1mj\" data-offset-key=\"9hr31-0-0\"><span data-offset-key=\"9hr31-0-0\">\u00a0<\/span><\/div>\n<\/div>\n<div data-editor=\"am7p9\" data-offset-key=\"1fsls-0-0\" data-block=\"true\">\n<div class=\"_1mf _1mj\" data-offset-key=\"1fsls-0-0\"><span data-offset-key=\"1fsls-0-0\">En parte tiene que ver con la situaci\u00f3n en Venezuela, mas mis propios fantasmas.<\/span><\/div>\n<\/div>\n<div data-editor=\"am7p9\" data-offset-key=\"1fcct-0-0\" data-block=\"true\">\n<div class=\"_1mf _1mj\" data-offset-key=\"1fcct-0-0\"><span data-offset-key=\"1fcct-0-0\">\u00a0<\/span><\/div>\n<\/div>\n<div data-editor=\"am7p9\" data-offset-key=\"cds24-0-0\" data-block=\"true\">\n<div class=\"_1mf _1mj\" data-offset-key=\"cds24-0-0\"><span data-offset-key=\"cds24-0-0\">El problema con la ansiedad es que te ataca y te hace ocuparte de cosas de las que no tienes control. Por ejemplo la situaci\u00f3n de Venezuela, cosa que esta fuera de mi alcance.<\/span><\/div>\n<\/div>\n<div data-editor=\"am7p9\" data-offset-key=\"8n51-0-0\" data-block=\"true\">\n<div class=\"_1mf _1mj\" data-offset-key=\"8n51-0-0\"><span data-offset-key=\"8n51-0-0\">\u00a0<\/span><\/div>\n<\/div>\n<div data-editor=\"am7p9\" data-offset-key=\"8gfeo-0-0\" data-block=\"true\">\n<div class=\"_1mf _1mj\" data-offset-key=\"8gfeo-0-0\"><span data-offset-key=\"8gfeo-0-0\">Yo prefer\u00eda a mi pa\u00eds cuando eramos an\u00f3nimos, cuando la gente no sabia si Venezuela era parte de \u00c1frica, del Medio Oriente o una isla en el caribe. Antes de que el maldito engendro de sabaneta nos pusiera en el mapa por todas las razones equivocadas.<\/span><\/div>\n<\/div>\n<div data-editor=\"am7p9\" data-offset-key=\"3v7fu-0-0\" data-block=\"true\">\n<div class=\"_1mf _1mj\" data-offset-key=\"3v7fu-0-0\"><span data-offset-key=\"3v7fu-0-0\">\u00a0<\/span><\/div>\n<\/div>\n<div data-editor=\"am7p9\" data-offset-key=\"b8g35-0-0\" data-block=\"true\">\n<div class=\"_1mf _1mj\" data-offset-key=\"b8g35-0-0\"><span data-offset-key=\"b8g35-0-0\">Y es que tal como tu dices Venezuela es un pueblo, y yo me atrevo a ir mas alla. Me atrevo a decir que es una aldea. Una aldea peque\u00f1ita llena de ind\u00edgenas flojos e ignorantes. A quienes despu\u00e9s de 500 a\u00f1os nos volvieron a enga\u00f1ar con espejitos. Pero esta vez fue peor, porque la traici\u00f3n vino de adentro, del indio resentido de mierda con una atracci\u00f3n malsana por la otra maldita momia cubana. Esta vez no fueron los de afuera los que se aprovecharon sino el pastor que gritaba lobo y al que muchos decidieron darle otra oportunidad.<\/span><\/div>\n<\/div>\n<div data-editor=\"am7p9\" data-offset-key=\"344du-0-0\" data-block=\"true\">\n<div class=\"_1mf _1mj\" data-offset-key=\"344du-0-0\"><span data-offset-key=\"344du-0-0\">\u00a0<\/span><\/div>\n<\/div>\n<div data-editor=\"am7p9\" data-offset-key=\"gu65-0-0\" data-block=\"true\">\n<div class=\"_1mf _1mj\" data-offset-key=\"gu65-0-0\"><span data-offset-key=\"gu65-0-0\">Hoy en dia cuando la gente se da cuenta que soy de Venezuela, las miradas y las conversaciones son de lastima, y es que en eso convirti\u00f3 ese hijo de puta y sus secuaces a mi pa\u00eds, en un lugar digno de lastima. Y con el se llevo a muchos talentos que decidieron meterse en la cama de inmundicia que se creo y que desperdiciaron las oportunidades de hacer para todos, para enriquecerse ellos.<\/span><\/div>\n<\/div>\n<div data-editor=\"am7p9\" data-offset-key=\"br8oo-0-0\" data-block=\"true\">\n<div class=\"_1mf _1mj\" data-offset-key=\"br8oo-0-0\"><span data-offset-key=\"br8oo-0-0\">\u00a0<\/span><\/div>\n<\/div>\n<div data-editor=\"am7p9\" data-offset-key=\"2c39k-0-0\" data-block=\"true\">\n<div class=\"_1mf _1mj\" data-offset-key=\"2c39k-0-0\"><span data-offset-key=\"2c39k-0-0\">Esa es una de las razones por la que por casi un a\u00f1o desaparec\u00ed de las redes, porque no aguantaba la depresi\u00f3n cada vez que he pensado que ya no se puede llegar mas abajo y me hacen darme cuenta que me he equivocado, porque me da asco ver a gente con las que compart\u00ed sue\u00f1os y aventuras enriquecerse y ponerse tan gordos y tan grotescos como el maldito copr\u00f3fago de sabaneta antes de morirse, porque me canse de tener que llorar por los que se han muerto por culpa del enga\u00f1o, porque me daba miedo a mi mismo cada vez que me alegraba (y que me alegro) de que los que apoyaron esta mierda tambi\u00e9n se mueran.<\/span><\/div>\n<\/div>\n<div data-editor=\"am7p9\" data-offset-key=\"9s8ah-0-0\" data-block=\"true\">\n<div class=\"_1mf _1mj\" data-offset-key=\"9s8ah-0-0\"><span data-offset-key=\"9s8ah-0-0\">\u00a0<\/span><\/div>\n<\/div>\n<div data-editor=\"am7p9\" data-offset-key=\"30ujk-0-0\" data-block=\"true\">\n<div class=\"_1mf _1mj\" data-offset-key=\"30ujk-0-0\"><span data-offset-key=\"30ujk-0-0\">Aun hoy, despu\u00e9s de 16 a\u00f1os afuera no puedo entender que flauta toco ese mal parido para que lo siguieran tantas ratas y para que lo siguieran tambi\u00e9n otros. Por que si yo lo pod\u00eda ver claro los dem\u00e1s no? Por que se entregaron a un proyecto de fracaso, de miseria, de resentimiento y muerte?<\/span><\/div>\n<\/div>\n<div data-editor=\"am7p9\" data-offset-key=\"fdb8u-0-0\" data-block=\"true\">\n<div class=\"_1mf _1mj\" data-offset-key=\"fdb8u-0-0\"><span data-offset-key=\"fdb8u-0-0\">\u00a0<\/span><\/div>\n<\/div>\n<div data-editor=\"am7p9\" data-offset-key=\"e9q6u-0-0\" data-block=\"true\">\n<div class=\"_1mf _1mj\" data-offset-key=\"e9q6u-0-0\"><span data-offset-key=\"e9q6u-0-0\">Yo nunca he sido apegado a mi familia, pero si lo he sido con mis amigos, porque son la familia que eleg\u00ed. Y me duele ver que esa familia tambi\u00e9n fue descuartizada y dividida. Me duele ver a los jefes de de la cultura viajando en el avi\u00f3n presidencial, mientras que otros tan o mas talentosos se mueren de hambre, tienen que dejar atr\u00e1s a sus padres ya viejos, a sus hijos algunas veces y tienen que emigrar.<\/span><\/div>\n<\/div>\n<div data-editor=\"am7p9\" data-offset-key=\"f66er-0-0\" data-block=\"true\">\n<div class=\"_1mf _1mj\" data-offset-key=\"f66er-0-0\"><span data-offset-key=\"f66er-0-0\">\u00a0<\/span><\/div>\n<\/div>\n<div data-editor=\"am7p9\" data-offset-key=\"d7g4j-0-0\" data-block=\"true\">\n<div class=\"_1mf _1mj\" data-offset-key=\"d7g4j-0-0\"><span data-offset-key=\"d7g4j-0-0\">Pero tambi\u00e9n me da mucha arrechera escuchar las mentiras que como aldea nos creamos. Cuando se dice que Venezuela siempre acogi\u00f3 con brazos abiertos al emigrante, cuando ahora todos son xenofobos y nosotros nunca lo fuimos. Habr\u00eda que preguntarle a los portugueses hediondos, los chilenos estafadores, los colombianos traficantes, los peruanos y ecuatorianos cotorros, los \u00e1rabes y jud\u00edos pichirres, los chinos cochinos y los que se me escapan ahora, si es verdad que eramos puro amor cuando eran ellos los que migraban.<\/span><\/div>\n<\/div>\n<div data-editor=\"am7p9\" data-offset-key=\"d72c-0-0\" data-block=\"true\">\n<div class=\"_1mf _1mj\" data-offset-key=\"d72c-0-0\"><span data-offset-key=\"d72c-0-0\">\u00a0<\/span><\/div>\n<\/div>\n<div data-editor=\"am7p9\" data-offset-key=\"9duu1-0-0\" data-block=\"true\">\n<div class=\"_1mf _1mj\" data-offset-key=\"9duu1-0-0\"><span data-offset-key=\"9duu1-0-0\">Me da mucho dolor y debe ser por eso que hasta el patriotismo se me muri\u00f3, por eso debe ser que donde hay una reuni\u00f3n de venezolanos es justamente donde no me van a encontrar. Por lo que me molesta tanto lo que somos. Porque aun en los tiempos dif\u00edciles hay cada mama guevo venezolano hablando del mejor pa\u00eds del mundo. Cuando ni de pueblo nos graduamos.<\/span><\/div>\n<\/div>\n<div data-editor=\"am7p9\" data-offset-key=\"f6029-0-0\" data-block=\"true\">\n<div class=\"_1mf _1mj\" data-offset-key=\"f6029-0-0\"><span data-offset-key=\"f6029-0-0\">\u00a0<\/span><\/div>\n<\/div>\n<div data-editor=\"am7p9\" data-offset-key=\"bkdhu-0-0\" data-block=\"true\">\n<div class=\"_1mf _1mj\" data-offset-key=\"bkdhu-0-0\"><span data-offset-key=\"bkdhu-0-0\">Y en los \u00faltimos tiempos me da arrechera nuevamente ver a todos los borregos corriendo detr\u00e1s del mes\u00edas de turno, el peque\u00f1o socialista de la Guaira, que debe estar hasta el cuello en la mierda cuando no busca acci\u00f3n para salir de la maldici\u00f3n y los sucubos no buscan como salir de el.<\/span><\/div>\n<\/div>\n<div data-editor=\"am7p9\" data-offset-key=\"4nlta-0-0\" data-block=\"true\">\n<div class=\"_1mf _1mj\" data-offset-key=\"4nlta-0-0\"><span data-offset-key=\"4nlta-0-0\">\u00a0<\/span><\/div>\n<\/div>\n<div data-editor=\"am7p9\" data-offset-key=\"9mrar-0-0\" data-block=\"true\">\n<div class=\"_1mf _1mj\" data-offset-key=\"9mrar-0-0\"><span data-offset-key=\"9mrar-0-0\">Por eso ando deprimido y por eso ando medicado y sin esperanzas de dejar de estarlo. Porque la depresi\u00f3n y la ansiedad parecen ser parte del equipaje que nos hacen cargar a juro como mulas.<\/span><\/div>\n<\/div>\n<\/div>\n<p>&nbsp;<\/p>\n","protected":false},"excerpt":{"rendered":"<p>Yo he estado batallando con depresi\u00f3n y ansiedad. \u00a0 En parte tiene que ver con la situaci\u00f3n en Venezuela, mas mis propios fantasmas. \u00a0 El problema con la ansiedad es que te ataca y te hace ocuparte de cosas de las que no tienes control. Por ejemplo la situaci\u00f3n de Venezuela, cosa que esta fuera [&hellip;]<\/p>\n","protected":false},"author":4198,"featured_media":58524,"comment_status":"open","ping_status":"open","sticky":false,"template":"","format":"standard","meta":{"jetpack_post_was_ever_published":false,"_jetpack_newsletter_access":"","_jetpack_dont_email_post_to_subs":false,"_jetpack_newsletter_tier_id":0,"_jetpack_memberships_contains_paywalled_content":false,"_jetpack_memberships_contains_paid_content":false,"footnotes":"","jetpack_publicize_message":"","jetpack_publicize_feature_enabled":true,"jetpack_social_post_already_shared":false,"jetpack_social_options":{"image_generator_settings":{"template":"highway","default_image_id":0,"font":"","enabled":false},"version":2}},"categories":[1],"tags":[4881,45,1024,4299,4850,4616],"class_list":{"0":"post-58521","1":"post","2":"type-post","3":"status-publish","4":"format-standard","5":"has-post-thumbnail","7":"category-azares","8":"tag-ansiedad","9":"tag-chavez","10":"tag-depresion","11":"tag-emigracion-venezolana","12":"tag-guaido","13":"tag-migraciones"},"jetpack_publicize_connections":[],"jetpack_featured_media_url":"https:\/\/i0.wp.com\/www.panfletonegro.com\/v\/wp-content\/uploads\/2019\/06\/IMG_20190618_141031_1-Large.jpg?fit=1440%2C1080&ssl=1","jetpack_shortlink":"https:\/\/wp.me\/pfpCD-fdT","jetpack_sharing_enabled":true,"_links":{"self":[{"href":"https:\/\/www.panfletonegro.com\/v\/wp-json\/wp\/v2\/posts\/58521","targetHints":{"allow":["GET"]}}],"collection":[{"href":"https:\/\/www.panfletonegro.com\/v\/wp-json\/wp\/v2\/posts"}],"about":[{"href":"https:\/\/www.panfletonegro.com\/v\/wp-json\/wp\/v2\/types\/post"}],"author":[{"embeddable":true,"href":"https:\/\/www.panfletonegro.com\/v\/wp-json\/wp\/v2\/users\/4198"}],"replies":[{"embeddable":true,"href":"https:\/\/www.panfletonegro.com\/v\/wp-json\/wp\/v2\/comments?post=58521"}],"version-history":[{"count":0,"href":"https:\/\/www.panfletonegro.com\/v\/wp-json\/wp\/v2\/posts\/58521\/revisions"}],"wp:featuredmedia":[{"embeddable":true,"href":"https:\/\/www.panfletonegro.com\/v\/wp-json\/wp\/v2\/media\/58524"}],"wp:attachment":[{"href":"https:\/\/www.panfletonegro.com\/v\/wp-json\/wp\/v2\/media?parent=58521"}],"wp:term":[{"taxonomy":"category","embeddable":true,"href":"https:\/\/www.panfletonegro.com\/v\/wp-json\/wp\/v2\/categories?post=58521"},{"taxonomy":"post_tag","embeddable":true,"href":"https:\/\/www.panfletonegro.com\/v\/wp-json\/wp\/v2\/tags?post=58521"}],"curies":[{"name":"wp","href":"https:\/\/api.w.org\/{rel}","templated":true}]}}