{"id":57331,"date":"2018-06-10T22:31:20","date_gmt":"2018-06-11T02:31:20","guid":{"rendered":"https:\/\/www.panfletonegro.com\/v\/?p=57331"},"modified":"2018-06-10T22:41:39","modified_gmt":"2018-06-11T02:41:39","slug":"consecuencias-proximas-a-la-generacion-p","status":"publish","type":"post","link":"https:\/\/www.panfletonegro.com\/v\/2018\/06\/10\/consecuencias-proximas-a-la-generacion-p\/","title":{"rendered":"Consecuencias pr\u00f3ximas a la Generaci\u00f3n \u201cP\u201d"},"content":{"rendered":"<p><a href=\"https:\/\/www.panfletonegro.com\/v\/2018\/06\/10\/consecuencias-proximas-a-la-generacion-p\/proletariado-4\/#main\" rel=\"attachment wp-att-57336\"><img data-recalc-dims=\"1\" loading=\"lazy\" decoding=\"async\" data-attachment-id=\"57336\" data-permalink=\"https:\/\/www.panfletonegro.com\/v\/2018\/06\/10\/consecuencias-proximas-a-la-generacion-p\/proletariado-4\/\" data-orig-file=\"https:\/\/i0.wp.com\/www.panfletonegro.com\/v\/wp-content\/uploads\/2018\/06\/proletariado-3.jpg?fit=269%2C187&amp;ssl=1\" data-orig-size=\"269,187\" data-comments-opened=\"1\" data-image-meta=\"{&quot;aperture&quot;:&quot;0&quot;,&quot;credit&quot;:&quot;&quot;,&quot;camera&quot;:&quot;&quot;,&quot;caption&quot;:&quot;&quot;,&quot;created_timestamp&quot;:&quot;0&quot;,&quot;copyright&quot;:&quot;&quot;,&quot;focal_length&quot;:&quot;0&quot;,&quot;iso&quot;:&quot;0&quot;,&quot;shutter_speed&quot;:&quot;0&quot;,&quot;title&quot;:&quot;&quot;,&quot;orientation&quot;:&quot;0&quot;}\" data-image-title=\"proletariado\" data-image-description=\"\" data-image-caption=\"\" data-large-file=\"https:\/\/i0.wp.com\/www.panfletonegro.com\/v\/wp-content\/uploads\/2018\/06\/proletariado-3.jpg?fit=269%2C187&amp;ssl=1\" class=\"size-full wp-image-57336 alignleft\" src=\"https:\/\/i0.wp.com\/www.panfletonegro.com\/v\/wp-content\/uploads\/2018\/06\/proletariado-3.jpg?resize=269%2C187&#038;ssl=1\" alt=\"\" width=\"269\" height=\"187\" \/><\/a>Por mis redes sociales pas\u00f3, a vuelo rasante, una informaci\u00f3n que de verdad me dej\u00f3 perplejo, casi pens\u00e9 era una informaci\u00f3n de esas mal intencionadas, pero no. Fui y la corrobore de su fuente original y veo que textualmente dice esto:<\/p>\n<p>\u00ab1.700 favorecidos a trav\u00e9s del Gobierno Nacional. Personal obrero de la UPTT recibe dotaci\u00f3n de uniformes. Vale resaltar que los 1.700 obreros que reciben esta dotaci\u00f3n por parte del Gobierno Revolucionario pertenecen a los cinco n\u00facleos que conforman la UPTT\u00bb<\/p>\n<p>Entonces, apartando el hecho que es un BENEFICI\u00d3 Laboral INDISCUTIBLE y un compromiso contractual que debe y, por lo que veo como cosa plausible, se est\u00e1 cumpliendo con nuestro digno personal obrero, no puedo dejar de preguntarme: \u00bfY d\u00f3nde est\u00e1 ese gent\u00edo Dios&#8230;?, porque debo suponer se le est\u00e1 haciendo entrega de esos uniformes al PERSONAL OBRERO ACTIVO. Y saco esta cuenta r\u00e1pida:<\/p>\n<p>1.700 personas divididas entre los 5 n\u00facleos de la Universidad (para ser equitativos aunque hay sedes peque\u00f1as y la m\u00e1s grande en espacio f\u00edsico e infraestructura es la de la Beatriz, en Valera) eso nos arroja como resultado 340 personas por sede.<\/p>\n<p>Y antes que me caigan encima con los discursos y reclamos SOCIALISTAS y POPULISTAS, de que estoy atacando al Proletariado, al Obrero y al Derecho al Trabajo de todos los venezolanos, y que esa plata no es m\u00eda, etc..etc..etc., solamente me pregunto una vez m\u00e1s, donde est\u00e1n todas esas personas. Porque si para nuestras sedes tan peque\u00f1as sin poseer procesos productivos que los requieran por la cantidad de material y personas que confluyan en un tiempo y lugar espec\u00edfico, m\u00e1s aun teniendo desde hace ya un par de a\u00f1os una matr\u00edcula estudiantil CASI DESAPARECIDA, con secciones de apenas un par de estudiantes, ser\u00eda CASI IMPOSIBLE que ese gent\u00edo estuviese laborando en nuestras sedes, aun separ\u00e1ndoles con el horario de contingencia y hasta coloc\u00e1ndoles por turnos como una empresa de proceso continuo indetenible tipo FAVIANCA, que no es para nada nuestro caso, s\u00f3lo por se\u00f1alar un ejemplo, sin que los not\u00e1semos.<\/p>\n<p>Y para referencia coloc\u00f3 un ejemplo propio. Cuando labor\u00e9 en la Electricidad de Caracas espec\u00edficamente en el Complejo Generador \u201cRicardo Zuloaga\u201d, conocido como Tacoa, para su momento el m\u00e1s grande e importante de Am\u00e9rica Latina, mucho m\u00e1s grande en extensi\u00f3n que la Urbanizaci\u00f3n La Beatriz, entre Ingenieros, T\u00e9cnicos, personal Administrativo y Obrero conform\u00e1bamos un plantel que no llegaba a 2.000 personas, (al momento de la venta de la EDC al Estado en 2007, la empresa COMPLETA pose\u00eda 3.400 personas) \u00a0necesarias para que ese Monstruo de Planta funcionase Eficiente y Eficazmente.<\/p>\n<p>Entonces me pregunto, \u00bfCuantos Docentes, Administrativos y Obreros somos realmente&#8230;? \u00bfCuantos realmente estamos TRABAJANDO, a pesar de la carga econ\u00f3mica que para nuestros menguados sueldos representa CUMPLIR con nuestra obligaci\u00f3n laboral&#8230;? \u00bfCu\u00e1l es la carga de reposeros reales y fantasmas, de gente que CUMPLE sus funciones institucionales en el EXTRANJERO desde hace mucho tiempo, y que cobra hasta el derecho a la alimentaci\u00f3n como si estuviese aqu\u00ed laborando a diario, a pesar que no tenemos funciones diplom\u00e1ticas, a saber, porque de ser as\u00ed imagino que les deben pagar en d\u00f3lares&#8230;? \u00bfCu\u00e1ntos son cuotas pol\u00edticas, personal que cobra por varias instituciones simult\u00e1neamente, aunque no labore en ninguna&#8230;?<\/p>\n<p>De verdad nuestras instituciones dejaron de cumplir el ROL que en teor\u00eda deben ejercer en el concierto productivo, en la generaci\u00f3n de riqueza material y humana, para el desarrollo sustentable y sostenible de la naci\u00f3n.<\/p>\n<p>Se hace URGENTE una REINGENIER\u00cdA y SANEAMIENTO PROFUNDO de todas nuestras instituciones, comenzando por los NICHOS DE CORRUPCI\u00d3N que representan los SINDICATOS, mismos que hace a\u00f1os dejaron de cumplir con su raz\u00f3n de ser, cuyo telos de la reivindicaci\u00f3n laboral y consolidaci\u00f3n de beneficios para los trabajadores es opacado por los intereses personales, convirti\u00e9ndose en EMPRESAS MERCANTILISTAS PARASITARIAS y sostenimiento de la clase patronal en el poder, sin entender que est\u00e1n MATANDO las fuentes de empleo, y que a este ritmo, TODOS pagaremos las nefastas consecuencias de su manera de actuar.<\/p>\n<p>La Generaci\u00f3n \u00abP\u00bb, nos est\u00e1 matando&#8230;literalmente&#8230;\u00a1<\/p>\n<p>#SoyDesbedienteCivil<\/p>\n<p>#EnRebeldiaPol\u00edtica<\/p>\n<p>#SoyR+F\u00e9nix<\/p>\n","protected":false},"excerpt":{"rendered":"<p>Por mis redes sociales pas\u00f3, a vuelo rasante, una informaci\u00f3n que de verdad me dej\u00f3 perplejo, casi pens\u00e9 era una informaci\u00f3n de esas mal intencionadas, pero no. Fui y la corrobore de su fuente original y veo que textualmente dice esto: \u00ab1.700 favorecidos a trav\u00e9s del Gobierno Nacional. Personal obrero de la UPTT recibe dotaci\u00f3n [&hellip;]<\/p>\n","protected":false},"author":2213,"featured_media":57333,"comment_status":"open","ping_status":"open","sticky":false,"template":"","format":"standard","meta":{"jetpack_post_was_ever_published":false,"_jetpack_newsletter_access":"","_jetpack_dont_email_post_to_subs":false,"_jetpack_newsletter_tier_id":0,"_jetpack_memberships_contains_paywalled_content":false,"_jetpack_memberships_contains_paid_content":false,"footnotes":"","jetpack_publicize_message":"","jetpack_publicize_feature_enabled":true,"jetpack_social_post_already_shared":false,"jetpack_social_options":{"image_generator_settings":{"template":"highway","default_image_id":0,"font":"","enabled":false},"version":2}},"categories":[1],"tags":[4813,4816,4815,4814,44],"class_list":{"0":"post-57331","1":"post","2":"type-post","3":"status-publish","4":"format-standard","5":"has-post-thumbnail","7":"category-azares","8":"tag-generacion-p","9":"tag-proletariado","10":"tag-sindicatos","11":"tag-uptt","12":"tag-venezuela"},"jetpack_publicize_connections":[],"jetpack_featured_media_url":"https:\/\/i0.wp.com\/www.panfletonegro.com\/v\/wp-content\/uploads\/2018\/06\/proletariado.jpg?fit=269%2C187&ssl=1","jetpack_shortlink":"https:\/\/wp.me\/pfpCD-eUH","jetpack_sharing_enabled":true,"_links":{"self":[{"href":"https:\/\/www.panfletonegro.com\/v\/wp-json\/wp\/v2\/posts\/57331","targetHints":{"allow":["GET"]}}],"collection":[{"href":"https:\/\/www.panfletonegro.com\/v\/wp-json\/wp\/v2\/posts"}],"about":[{"href":"https:\/\/www.panfletonegro.com\/v\/wp-json\/wp\/v2\/types\/post"}],"author":[{"embeddable":true,"href":"https:\/\/www.panfletonegro.com\/v\/wp-json\/wp\/v2\/users\/2213"}],"replies":[{"embeddable":true,"href":"https:\/\/www.panfletonegro.com\/v\/wp-json\/wp\/v2\/comments?post=57331"}],"version-history":[{"count":0,"href":"https:\/\/www.panfletonegro.com\/v\/wp-json\/wp\/v2\/posts\/57331\/revisions"}],"wp:featuredmedia":[{"embeddable":true,"href":"https:\/\/www.panfletonegro.com\/v\/wp-json\/wp\/v2\/media\/57333"}],"wp:attachment":[{"href":"https:\/\/www.panfletonegro.com\/v\/wp-json\/wp\/v2\/media?parent=57331"}],"wp:term":[{"taxonomy":"category","embeddable":true,"href":"https:\/\/www.panfletonegro.com\/v\/wp-json\/wp\/v2\/categories?post=57331"},{"taxonomy":"post_tag","embeddable":true,"href":"https:\/\/www.panfletonegro.com\/v\/wp-json\/wp\/v2\/tags?post=57331"}],"curies":[{"name":"wp","href":"https:\/\/api.w.org\/{rel}","templated":true}]}}