{"id":57314,"date":"2018-06-07T17:42:05","date_gmt":"2018-06-07T21:42:05","guid":{"rendered":"https:\/\/www.panfletonegro.com\/v\/?p=57314"},"modified":"2018-06-07T18:14:55","modified_gmt":"2018-06-07T22:14:55","slug":"the-p-generation-de-la-generacion-boba-a-la-generacion-parasita","status":"publish","type":"post","link":"https:\/\/www.panfletonegro.com\/v\/2018\/06\/07\/the-p-generation-de-la-generacion-boba-a-la-generacion-parasita\/","title":{"rendered":"The \u201cP\u201d Generation: De la Generaci\u00f3n \u201cBoba\u201d a la Generaci\u00f3n \u201cPar\u00e1sita\u201d"},"content":{"rendered":"<p class=\"western\" lang=\"en-US\" align=\"justify\"><span style=\"font-family: Arial Unicode MS,sans-serif\"><span style=\"font-size: medium\"><a href=\"https:\/\/www.panfletonegro.com\/v\/2018\/06\/07\/the-p-generation-de-la-generacion-boba-a-la-generacion-parasita\/reybobo\/#main\" rel=\"attachment wp-att-57315\"><img data-recalc-dims=\"1\" loading=\"lazy\" decoding=\"async\" data-attachment-id=\"57315\" data-permalink=\"https:\/\/www.panfletonegro.com\/v\/2018\/06\/07\/the-p-generation-de-la-generacion-boba-a-la-generacion-parasita\/reybobo\/\" data-orig-file=\"https:\/\/i0.wp.com\/www.panfletonegro.com\/v\/wp-content\/uploads\/2018\/06\/reybobo.jpeg?fit=225%2C224&amp;ssl=1\" data-orig-size=\"225,224\" data-comments-opened=\"1\" data-image-meta=\"{&quot;aperture&quot;:&quot;0&quot;,&quot;credit&quot;:&quot;&quot;,&quot;camera&quot;:&quot;&quot;,&quot;caption&quot;:&quot;&quot;,&quot;created_timestamp&quot;:&quot;0&quot;,&quot;copyright&quot;:&quot;&quot;,&quot;focal_length&quot;:&quot;0&quot;,&quot;iso&quot;:&quot;0&quot;,&quot;shutter_speed&quot;:&quot;0&quot;,&quot;title&quot;:&quot;&quot;,&quot;orientation&quot;:&quot;0&quot;}\" data-image-title=\"reybobo\" data-image-description=\"\" data-image-caption=\"\" data-large-file=\"https:\/\/i0.wp.com\/www.panfletonegro.com\/v\/wp-content\/uploads\/2018\/06\/reybobo.jpeg?fit=225%2C224&amp;ssl=1\" class=\" wp-image-57315 alignleft\" src=\"https:\/\/i0.wp.com\/www.panfletonegro.com\/v\/wp-content\/uploads\/2018\/06\/reybobo.jpeg?resize=335%2C334&#038;ssl=1\" alt=\"\" width=\"335\" height=\"334\" srcset=\"https:\/\/i0.wp.com\/www.panfletonegro.com\/v\/wp-content\/uploads\/2018\/06\/reybobo.jpeg?w=225&amp;ssl=1 225w, https:\/\/i0.wp.com\/www.panfletonegro.com\/v\/wp-content\/uploads\/2018\/06\/reybobo.jpeg?resize=150%2C150&amp;ssl=1 150w, https:\/\/i0.wp.com\/www.panfletonegro.com\/v\/wp-content\/uploads\/2018\/06\/reybobo.jpeg?resize=32%2C32&amp;ssl=1 32w, https:\/\/i0.wp.com\/www.panfletonegro.com\/v\/wp-content\/uploads\/2018\/06\/reybobo.jpeg?resize=50%2C50&amp;ssl=1 50w, https:\/\/i0.wp.com\/www.panfletonegro.com\/v\/wp-content\/uploads\/2018\/06\/reybobo.jpeg?resize=64%2C64&amp;ssl=1 64w, https:\/\/i0.wp.com\/www.panfletonegro.com\/v\/wp-content\/uploads\/2018\/06\/reybobo.jpeg?resize=96%2C96&amp;ssl=1 96w, https:\/\/i0.wp.com\/www.panfletonegro.com\/v\/wp-content\/uploads\/2018\/06\/reybobo.jpeg?resize=128%2C128&amp;ssl=1 128w\" sizes=\"auto, (max-width: 335px) 100vw, 335px\" \/><\/a>A nivel mundial se ha buscado caracterizar y estandarizar cualquier cosa, para bien o para mal, por no decir que todo, lo cual conlleva a la discusi\u00f3n de la \u201cObjetivaci\u00f3n del Ser humano\u201d que en t\u00e9rminos pr\u00e1cticos significa ver a las personas como simples objetos, llegando a lo que se denomina la \u201ccosificaci\u00f3n\u201d de nuestras propias vidas. Cuesti\u00f3n que da mucha tela para cortar y que no es el centro del presente articulo por la extensidad y diversidad de posturas filos\u00f3ficas, sociol\u00f3gicas o epistemol\u00f3gicas, entre otras, respecto al tema.<\/span><\/span><\/p>\n<p class=\"western\" lang=\"en-US\" align=\"justify\"><span style=\"font-family: Arial Unicode MS,sans-serif\"><span style=\"font-size: medium\">Pero en ese contexto, desde hace a\u00f1os se ha cualificado a cada generaci\u00f3n de seres humanos, con base a los acontecimientos, novedades y tendencias del tiempo hist\u00f3rico que le ha correspondido vivir. Teniendo muy en cuenta, para ello, la influencia que los medios de comunicaci\u00f3n y las tecnolog\u00edas de informaci\u00f3n masiva han jugado, y juegan, en la transformaci\u00f3n y la configuraci\u00f3n de la percepci\u00f3n de las generaciones.<\/span><\/span><\/p>\n<p class=\"western\" lang=\"en-US\" align=\"justify\"><span style=\"font-family: Arial Unicode MS,sans-serif\"><span style=\"font-size: medium\">As\u00ed, aproximativamente para el prop\u00f3sito que mueve el presente articulo, nos encontramos con las siguientes cualificaciones generacionales contempor\u00e1neas: <\/span><\/span><\/p>\n<p class=\"western\" lang=\"en-US\" align=\"justify\"><span style=\"font-family: Times New Roman,serif\"><span style=\"font-size: medium\"><b><span style=\"font-family: Arial Unicode MS,sans-serif\">&#8211; Generaci\u00f3n X<\/span><\/b><span style=\"font-family: Arial Unicode MS,sans-serif\">\u00a0(Nacidos entre 1965-1981): Quienes sufrieron grandes cambios sociales, con una vida anal\u00f3gica en su infancia y digital en su madurez. Estos, vivieron la llegada de la internet y aceptaron las reglas de la tecnolog\u00eda y conectividad global. Sin llegar a desprenderse del todo de las culturas organizacionales en boga para el periodo. (Yo estoy aqu\u00ed).<\/span><\/span><\/span><\/p>\n<p lang=\"en-US\" align=\"justify\"><span style=\"font-family: Times New Roman,serif\"><span style=\"font-size: medium\"><b><span style=\"font-family: Arial Unicode MS,sans-serif\">&#8211; Generaci\u00f3n Y\u00a0<\/span><\/b><span style=\"font-family: Arial Unicode MS,sans-serif\">(1982-1994): Se corresponde a la clase generacional denominada los\u00a0<\/span><b><span style=\"font-family: Arial Unicode MS,sans-serif\">Millennials. <\/span><\/b><span style=\"font-family: Arial Unicode MS,sans-serif\">Caracterizados por ser <\/span><span style=\"font-family: Arial Unicode MS,sans-serif\">multitareas, incapaces de concebir la realidad, su existencia toda, sin tecnolog\u00eda. En ellos, sostener un alto nivel de calidad de vida es prioritario. Son emprendedores. Y para ellos, por sus altos niveles econ\u00f3micos &#8211; sociales, lo que era un lujo para la generaci\u00f3n X, son productos \u201cb\u00e1sicos\u201d, es decir es normal, com\u00fan y corriente, adem\u00e1s de casi un derecho humano irrenunciable, poseer una computadora, laptop o tablet, de altas prestaciones, conexi\u00f3n de alta velocidad a la red, y por lo menos un tel\u00e9fono inteligente de \u00faltima generaci\u00f3n.<\/span><\/span><\/span><\/p>\n<p lang=\"en-US\" align=\"justify\"><span style=\"font-family: Times New Roman,serif\"><span style=\"font-size: medium\"><b><span style=\"font-family: Arial Unicode MS,sans-serif\">&#8211; Generaci\u00f3n Z<\/span><\/b><span style=\"font-family: Arial Unicode MS,sans-serif\">\u00a0(1995-actualidad): Tambi\u00e9n llamados <\/span><b><span style=\"font-family: Arial Unicode MS,sans-serif\">\u201cNativos Digitales\u201d, <\/span><\/b><span style=\"font-family: Arial Unicode MS,sans-serif\">toda su existencia, incluso me atrevo a se\u00f1alar su propia gestaci\u00f3n y evoluci\u00f3n fetal, de alg\u00fan modo se encuentra relacionado con las Nuevas tecnolog\u00edas de Informaci\u00f3n y Comunicaci\u00f3n, desenvolvi\u00e9ndose en las redes comunicacionales o sociales. La mayor\u00eda <\/span><span style=\"font-family: Arial Unicode MS,sans-serif\">no ingresaron al mundo laboral, como acostumbramos a concebirlo. Ven a la tecnolog\u00eda como elemento fundamental (no conciben el acceso a la informaci\u00f3n sin la existencia de Google). Y profundizan el campo de uso para los entornos virtuales.<\/span><\/span><\/span><\/p>\n<p lang=\"en-US\" align=\"justify\"><span style=\"font-family: Arial Unicode MS,sans-serif\"><span style=\"font-size: medium\">No obstante, estas cualificaciones generacionales al parecer se encuentran incompletas, \u201cMochas\u201d dir\u00edamos en la jerga criolla. Por suerte tuvimos a un ILUSTRISIMO SABIO, el Doctor de Doctores Edmundo Chirinos (Fanfarria aqu\u00ed&#8230;por favor). <\/span><\/span><\/p>\n<p lang=\"en-US\" align=\"justify\"><span style=\"font-family: Arial Unicode MS,sans-serif\"><span style=\"font-size: medium\">Emergido de la \u201cCasa que Vence las Sombras\u201d (La UCV), misma que sirvi\u00f3 de caldo de cultivo para la \u201cCasta\u201d de Nobles Intelectuales, mejor conocidos como \u201cLos abajo firmantes&#8230;\u201d, en el acto de Bienvenida al \u00cddolo de esa Generaci\u00f3n de Izquierdistas, Hippies y Mariguaneros Trasnochados, me refiero al Rey de Reyes Fidel Castro, y que iluminan el destino de la MUD, ahora transformada simbi\u00f3ticamente entre Chaviztas Relegados, con su bandera \u201cYo no ju\u00ed&#8230;siempre he sido bueno, y esto no fue, no es y jam\u00e1s ser\u00e1 socialismo, menos Chavizmo&#8230;\u201d y los CHADecos (Adecos, Copeyanos, MASistas, Primero InJusticieros, Voluntad Popule\u00f1os, etc,) con su \u201cY T\u00fa que propones. Hay que empezar de nuevo, borr\u00f3n y cuenta nueva&#8230;Pero debemos mantenernos de votaci\u00f3n en votaci\u00f3n, de refer\u00e9ndum en refer\u00e9ndum, apoyando al Status Quo Socialista que se encuentra en el poder, como buenos socialistas que somos, as\u00ed sea exterminada el 90% de la poblaci\u00f3n&#8230;Uh..Ah&#8230;\u201d, en el autodenominado \u201cFrente Amplio Democr\u00e1tico\u201d (Nombre copiado de todos los frentes amplios que mundialmente e hist\u00f3ricamente pertenecen a la izquierda mundial. Que cosas no&#8230;y todav\u00eda hay gente que cree en ellos como los salvadores de la Rep\u00fablica Venezolana).<\/span><\/span><\/p>\n<p lang=\"en-US\" align=\"justify\"><span style=\"font-family: Arial Unicode MS,sans-serif\"><span style=\"font-size: medium\">Pero, d\u00f3nde encaja este ilustre venezolano, que lleg\u00f3 a ser rector de la UCV, Candidato Presidencial, Influencer Intelectual y Acad\u00e9mico de los Partidos Pol\u00edticos Venezolanos (gracias a Dios en ese entonces no hab\u00eda Twitter, Feisbus ni youtube&#8230;), Violador de sus pacientes y hasta Asesino&#8230;luego perdonado como si nada por que hasta loquero de Chavez fue. Pues bien, gracias a \u00e9l se completa desde la \u00f3ptica Venezolana la caracterizaci\u00f3n generacional agreg\u00e1ndole la tan famosa <b>\u201cGeneraci\u00f3n Boba\u201d<\/b>, suena bastante criollo por cierto. <\/span><\/span><\/p>\n<p class=\"western\" lang=\"en-US\" align=\"left\"><span style=\"font-family: Arial Unicode MS,sans-serif\"><span style=\"font-size: medium\">Seg\u00fan En<span lang=\"en-US\">zio Serrano P\u00e1ez<\/span>, al hacer referencia a tan ilustre personaje: \u201c<span lang=\"en-US\">Corr\u00edan los a\u00f1os 80 del<\/span> <span lang=\"en-US\">siglo pasado cuando el<\/span> <span lang=\"en-US\">rector de la m\u00e1s conocida<\/span> <span lang=\"en-US\">universidad venezolana, se atrevi\u00f3 a calificar a los j\u00f3venes<\/span> <span lang=\"en-US\">de esa \u00e9poca como bobos de solemnidad. Estamos en<\/span> <span lang=\"en-US\">presencia de la <\/span><span lang=\"en-US\"><b>\u201cgeneraci\u00f3n de los bobos\u201d<\/b><\/span><span lang=\"en-US\">, habr\u00eda dicho el<\/span> <span lang=\"en-US\">agudo rector, posteriormente ca\u00eddo en desgracia y con una<\/span> <span lang=\"en-US\">historia que no vale la pena recordar. Pero el caso es que<\/span> <span lang=\"en-US\">para el momento de pronunciada aquella sentencia, en los<\/span> <span lang=\"en-US\">alrededores de la UCV, donde el doctor Chirinos ejerci\u00f3 su<\/span> <span lang=\"en-US\">rector\u00eda, se produc\u00edan intermitentes expresiones de rebeld\u00eda<\/span> <span lang=\"en-US\">juvenil. En grupos bastante reducidos y portando<\/span> <span lang=\"en-US\">emblem\u00e1ticas capuchas, los tercios se daban a la tarea de<\/span> <span lang=\"en-US\">quemar cualquier objeto que pudiese agarrar candela, lo<\/span> <span lang=\"en-US\">cual pod\u00eda incluir medios de transporte p\u00fablico<\/span> <span lang=\"en-US\">o<\/span> <span lang=\"en-US\">transportes privados. Gente de mala entra\u00f1a cree haber visto en estas heroicas faenas a ilustres figuras<\/span> <span lang=\"en-US\">de la pol\u00edtica de hoy, tales como El\u00edas Jagua, un tal Barreto, a Danilo, quien luego ser\u00eda un famoso juez<\/span> asesinado&#8230;\u201d<\/span><\/span><\/p>\n<p class=\"western\" lang=\"en-US\" align=\"left\"><span style=\"font-family: Arial Unicode MS,sans-serif\"><span style=\"font-size: medium\">( ver articulo completo en: <\/span><\/span><a href=\"https:\/\/konzapata.com\/2015\/10\/en-la-guerra-contra-el-saber-pasamos-de-la-generacion-boba-a-la-generacion-estafada\/\"><span style=\"font-family: Arial Unicode MS,sans-serif\"><span style=\"font-size: medium\">https:\/\/konzapata.com\/2015\/10\/en-la-guerra-contra-el-saber-pasamos-de-la-generacion-boba-a-la-generacion-estafada\/<\/span><\/span><\/a><span style=\"font-family: Arial Unicode MS,sans-serif\"><span style=\"font-size: medium\">)<\/span><\/span><\/p>\n<p class=\"western\" lang=\"en-US\" align=\"left\"><span style=\"font-family: Arial Unicode MS,sans-serif\"><span style=\"font-size: medium\">Como podemos observar, al final de lo que se precisa en el p\u00e1rrafo anterior, aparecen unos personajes, que con el apoyo de Chirinos, demostraron no tener nada de BOBOS, pero si mucho de Par\u00e1sitos. Los bobos fuimos y seguimos siendo todos los dem\u00e1s, aunque siempre nos hacen creer, con ayuda de los no tampoco \u201cNada Bobos\u201d de la MUD parasitaria, que nos las estamos comiendo. Por ejemplo,parafraseando al Gran Bobo, perd\u00f3n L\u00edder par\u00e1sito, Ramos Allup \u00cddolo de Derwick Asociados y de los Socialistas Globales de Caviar y Champan, con su amplia Vida Bohemia Europea: \u201cMaduro esta listo dentro de 6 meses&#8230;pero debemos doblarnos para no partirnos&#8230;y de inteligencia, (seguro se refer\u00eda aqu\u00ed al 99% de los venezolanos) no se morir\u00e1n\u201d.<\/span><\/span><\/p>\n<p class=\"western\" lang=\"en-US\" align=\"left\"><span style=\"font-family: Arial Unicode MS,sans-serif\"><span style=\"font-size: medium\">Y de esa manera aqu\u00ed estamos, nuevamente, siendo merecedores de un capitulo repetido en la novela eterna, todo un cl\u00e1sico ya va por su Vig\u00e9sima Entrega <b>\u201cFarsas Electorales Tormentosas\u201d<\/b>, donde a la luz del fracaso para legitimar a la Narco Tirania Genocida Socialista Chavizta, o sea \u201cLa Monarquia MUDo-PSUVISTA NARCO MILITAR\u201d, y gracias a la gran gesta libertadora del 20 de Mayo de 2018 (D\u00eda Nacional de la Desobediencia Civil Venezolana), se convocaran nuevas elecciones con un NUEVO, NUEVIIISIMOOO Dinosaurio emergido de las Fauces de la MUD, para refrendar, lo que refrendado por los referendarios fue refrendado, a buen refrendador ser\u00e1, ya el 20 de Mayo, por dem\u00e1s avalado y aceptado por el Mundo entero. O sea, hay que asegurarse que el pueblo no legitima al Narco R\u00e9gimen Terrorista Chavizta, ni a sus C\u00f3mplices aglutinados en la MUD, quien quita y esta vez si logren que la gente vaya a prestarse para la nueva farsa electorera legitimadora del exterminio venezolano. Uno nunca sabe..adem\u00e1s hay muchos dolares y negocios turbios de por medio. <\/span><\/span><\/p>\n<p class=\"western\" lang=\"en-US\" align=\"left\"><span style=\"font-family: Arial Unicode MS,sans-serif\"><span style=\"font-size: medium\">Entonces, esta <b>Generaci\u00f3n P, o Generaci\u00f3n de Par\u00e1sitos Pol\u00edticos Venezolanos, <\/b>siempre a jugado a vernos <b>la Cara de Bobos, <\/b>y necesita con urgencia que nos convirtamos como ellos en parte de la Generaci\u00f3n Parasitaria que destruye a Venezuela, obviamente dentro de la escala de Allup, no confundir con la pir\u00e1mide de Kelsen, donde ellos est\u00e1n en la cima conviviendo con el Poder, degustando Champa\u00f1a y caviar mientras pasean por el mundo y el 99% de los venezolanos, la base s\u00f3tano de la pir\u00e1mide de Allup, comiendo de las Mie&#8230;sobras que botan ellos a la basura luego de sus bacanales, orgi\u00e1sticos y org\u00e1smicos Di\u00e1logos por la Paz y la Reconciliaci\u00f3n del Pueblo. Org\u00edas estas con las que realmente buscan enajenarnos para mantenernos esclavizados a la miseria, el hambre y la muerte socialista. <\/span><\/span><\/p>\n<p class=\"western\" lang=\"en-US\" align=\"justify\"><em><span style=\"font-family: Arial Unicode MS,sans-serif\"><span style=\"font-size: medium\">Esa enajenaci\u00f3n busca que perdamos nuestras fuerzas de lucha, que cedamos nuestra voluntad de ser LIBRES y PROSPEROS, totalmente dependientes de ellos, que no logremos ver v\u00edas de escape, mucho menos opciones para la rebeld\u00eda, consider\u00e1ndolos a ellos la \u00fanica posibilidad de superaci\u00f3n, si cae Maduro y todo el Chavizmo Narco Militar, ellos ya est\u00e1n preparados para asumir las riendas del poder, y todos debemos ACEPTARLO AS\u00cd,y si no cae ellos siguen siendo nuestra esperanza aunque sea gui\u00e1ndonos desde la comodidad de sus lujosas mansiones en el Mediterr\u00e1neo Franc\u00e9s, en alg\u00fan lujoso Pent House de Miami o New York, donde se encuentran con sus humildes familias desprendidos de los vicios mundanos y con gran sacrificio. <\/span><\/span><\/em><\/p>\n<p class=\"western\" lang=\"en-US\" align=\"justify\"><em><span style=\"font-family: Arial Unicode MS,sans-serif\"><span style=\"font-size: medium\">Somos, para ellos, su <\/span><\/span><\/em><em><span style=\"font-family: Arial Unicode MS,sans-serif\"><span style=\"font-size: medium\"><b>GENERACI\u00d3N DE BOBOS PERFECTA<\/b><\/span><\/span><\/em><em><span style=\"font-family: Arial Unicode MS,sans-serif\"><span style=\"font-size: medium\">. Como lo se\u00f1alaba <\/span><\/span><\/em><em><span style=\"font-family: Arial Unicode MS,sans-serif\"><span style=\"font-size: medium\">Taylor <\/span><\/span><\/em><em><span style=\"font-family: Arial Unicode MS,sans-serif\"><span style=\"font-size: medium\">(<\/span><\/span><\/em><em><span style=\"font-family: Arial Unicode MS,sans-serif\"><span style=\"font-size: medium\">1983)<\/span><\/span><\/em><em><span style=\"font-family: Arial Unicode MS,sans-serif\"><span style=\"font-size: medium\">\u201c<\/span><\/span><\/em><em><span style=\"font-family: Arial Unicode MS,sans-serif\"><span style=\"font-size: medium\">&#8230;<\/span><\/span><\/em><em><span style=\"font-family: Arial Unicode MS,sans-serif\"><span style=\"font-size: medium\">la enajenaci\u00f3n surge cuando las metas, normas o fines que definen las<\/span><\/span><\/em> <em><span style=\"font-family: Arial Unicode MS,sans-serif\"><span style=\"font-size: medium\">pr\u00e1cticas o instituciones comunes empiezan a parecer impracticables o aun monstruosas, o cuando las normas son redefinidas de modo que las pr\u00e1cticas parecen una parodia de ellas (&#8230;) Cuando ocurre esto, los hombres han de volverse a otra parte para definir lo que les parece de importancia central (&#8230;)<\/span><\/span><\/em><\/p>\n<p class=\"western\" lang=\"en-US\" align=\"justify\"><em><span style=\"font-family: Arial Unicode MS,sans-serif\"><span style=\"font-size: medium\">Rompamos las cadenas mentales que nos atan a esa <\/span><\/span><\/em><em><span style=\"font-family: Arial Unicode MS,sans-serif\"><span style=\"font-size: medium\"><b>GENERACI\u00d3N DE PAR\u00c1SITOS<\/b><\/span><\/span><\/em><em><span style=\"font-family: Arial Unicode MS,sans-serif\"><span style=\"font-size: medium\"> pol\u00edticos y volv\u00e1monos <\/span><\/span><\/em><em><span style=\"font-family: Arial Unicode MS,sans-serif\"><span style=\"font-size: medium\"><b>DESOBEDIENTES&#8230;RADICALES<\/b><\/span><\/span><\/em><em><span style=\"font-family: Arial Unicode MS,sans-serif\"><span style=\"font-size: medium\">, o simplemente seguiremos removi\u00e9ndonos como larvas bobas en el esti\u00e9rcol de la <\/span><\/span><\/em><em><span style=\"font-family: Arial Unicode MS,sans-serif\"><span style=\"font-size: medium\"><b>Generaci\u00f3n \u201cP\u201d.<\/b><\/span><\/span><\/em><\/p>\n<p class=\"western\" lang=\"en-US\" align=\"justify\"><em><span style=\"font-family: Arial Unicode MS,sans-serif\"><span style=\"font-size: medium\"><b>#SoyDesobediente<\/b><\/span><\/span><\/em><\/p>\n<p class=\"western\" lang=\"en-US\" align=\"justify\"><em><span style=\"font-family: Arial Unicode MS,sans-serif\"><span style=\"font-size: medium\"><b>#SoyRadical<\/b><\/span><\/span><\/em><\/p>\n<p class=\"western\" lang=\"en-US\" align=\"justify\"><em><span style=\"font-family: Arial Unicode MS,sans-serif\"><span style=\"font-size: medium\"><b>#JusticiaSinImpunidadParaVenezuela<\/b><\/span><\/span><\/em><\/p>\n<p>&nbsp;<\/p>\n","protected":false},"excerpt":{"rendered":"<p>A nivel mundial se ha buscado caracterizar y estandarizar cualquier cosa, para bien o para mal, por no decir que todo, lo cual conlleva a la discusi\u00f3n de la \u201cObjetivaci\u00f3n del Ser humano\u201d que en t\u00e9rminos pr\u00e1cticos significa ver a las personas como simples objetos, llegando a lo que se denomina la \u201ccosificaci\u00f3n\u201d de nuestras [&hellip;]<\/p>\n","protected":false},"author":2213,"featured_media":57315,"comment_status":"open","ping_status":"open","sticky":false,"template":"","format":"standard","meta":{"jetpack_post_was_ever_published":false,"_jetpack_newsletter_access":"","_jetpack_dont_email_post_to_subs":false,"_jetpack_newsletter_tier_id":0,"_jetpack_memberships_contains_paywalled_content":false,"_jetpack_memberships_contains_paid_content":false,"footnotes":"","jetpack_publicize_message":"","jetpack_publicize_feature_enabled":true,"jetpack_social_post_already_shared":false,"jetpack_social_options":{"image_generator_settings":{"template":"highway","default_image_id":0,"font":"","enabled":false},"version":2}},"categories":[1],"tags":[],"class_list":{"0":"post-57314","1":"post","2":"type-post","3":"status-publish","4":"format-standard","5":"has-post-thumbnail","7":"category-azares"},"jetpack_publicize_connections":[],"jetpack_featured_media_url":"https:\/\/i0.wp.com\/www.panfletonegro.com\/v\/wp-content\/uploads\/2018\/06\/reybobo.jpeg?fit=225%2C224&ssl=1","jetpack_shortlink":"https:\/\/wp.me\/pfpCD-eUq","jetpack_sharing_enabled":true,"_links":{"self":[{"href":"https:\/\/www.panfletonegro.com\/v\/wp-json\/wp\/v2\/posts\/57314","targetHints":{"allow":["GET"]}}],"collection":[{"href":"https:\/\/www.panfletonegro.com\/v\/wp-json\/wp\/v2\/posts"}],"about":[{"href":"https:\/\/www.panfletonegro.com\/v\/wp-json\/wp\/v2\/types\/post"}],"author":[{"embeddable":true,"href":"https:\/\/www.panfletonegro.com\/v\/wp-json\/wp\/v2\/users\/2213"}],"replies":[{"embeddable":true,"href":"https:\/\/www.panfletonegro.com\/v\/wp-json\/wp\/v2\/comments?post=57314"}],"version-history":[{"count":0,"href":"https:\/\/www.panfletonegro.com\/v\/wp-json\/wp\/v2\/posts\/57314\/revisions"}],"wp:featuredmedia":[{"embeddable":true,"href":"https:\/\/www.panfletonegro.com\/v\/wp-json\/wp\/v2\/media\/57315"}],"wp:attachment":[{"href":"https:\/\/www.panfletonegro.com\/v\/wp-json\/wp\/v2\/media?parent=57314"}],"wp:term":[{"taxonomy":"category","embeddable":true,"href":"https:\/\/www.panfletonegro.com\/v\/wp-json\/wp\/v2\/categories?post=57314"},{"taxonomy":"post_tag","embeddable":true,"href":"https:\/\/www.panfletonegro.com\/v\/wp-json\/wp\/v2\/tags?post=57314"}],"curies":[{"name":"wp","href":"https:\/\/api.w.org\/{rel}","templated":true}]}}