{"id":57253,"date":"2018-06-04T12:15:15","date_gmt":"2018-06-04T16:15:15","guid":{"rendered":"https:\/\/www.panfletonegro.com\/v\/?p=57253"},"modified":"2018-06-04T12:15:15","modified_gmt":"2018-06-04T16:15:15","slug":"ley-para-todos","status":"publish","type":"post","link":"https:\/\/www.panfletonegro.com\/v\/2018\/06\/04\/ley-para-todos\/","title":{"rendered":"Ley para todos"},"content":{"rendered":"<p style=\"text-align: center\">El Fiscal General de la Republica tuvo que ser removido. Se hab\u00eda convertido en un obst\u00e1culo para los intereses del r\u00e9gimen.<\/p>\n<p style=\"text-align: center\">\u201cA rey muerto, rey puesto\u201d. El parlamento de facto no tard\u00f3 en nombrar a alguien en su lugar.<\/p>\n<p style=\"text-align: center\">Ten\u00eda una misi\u00f3n: sacar a la luz todas las arbitrariedades supuestamente cometidas por la anterior administraci\u00f3n. Justificar la remoci\u00f3n ante el pueblo era necesario.<\/p>\n<p style=\"text-align: center\">El reci\u00e9n nombrado encontr\u00f3 r\u00e1pidamente a los culpables del \u201cdesfalco\u201d de la Naci\u00f3n. Numerosos empresarios que se hab\u00edan dedicado a invertir capital en el pa\u00eds en las \u00faltimas d\u00e9cadas, pasaron a ser los m\u00e1s grandes delincuentes en cuesti\u00f3n de segundos.<\/p>\n<p style=\"text-align: center\">\u201cEstos delitos econ\u00f3micos ven\u00edan perpetr\u00e1ndose de manera continuada en las narices del anterior Fiscal, quien decidi\u00f3 hacerse de la vista gorda ante la situaci\u00f3n durante a\u00f1os\u201d aleg\u00f3 el nuevo funcionario al mando.<\/p>\n<p style=\"text-align: center\">Nuestro cliente era el accionista de una peque\u00f1a empresa dedicada al sector funerario que ten\u00eda 20 a\u00f1os ininterrumpidos operando en el mercado. Cuando fue sacado de su casa a patadas por la polic\u00eda y aprehendido por mandato de una Fiscal\u00eda con competencia en Legitimaci\u00f3n de Capitales del Ministerio P\u00fablico y un Tribunal de la Rep\u00fablica, su familia decidi\u00f3 contratar nuestros servicios.<\/p>\n<p style=\"text-align: center\">Una vez detenido era necesario esperar en los Tribunales, no \u00edbamos a tener acceso a \u00e9l en la polic\u00eda. La ley era clara: deb\u00eda ser presentado ante la justicia dentro de las cuarenta y ocho horas siguientes a la detenci\u00f3n. Lo contrario implicaba una violaci\u00f3n grosera de los derechos fundamentales de las personas. La libertad es inviolable.<\/p>\n<p style=\"text-align: center\">No lo presentaron.<\/p>\n<p style=\"text-align: center\">A las 7:30 de la noche divisamos a los Fiscales designados para el caso, quienes decidieron tener la deferencia de indicarnos que el traslado se realizar\u00eda al d\u00eda siguiente, ratificando con expresi\u00f3n burlona que lo preceptuado en nuestra legislaci\u00f3n, deb\u00eda considerarse letra muerta. Ellos eran la ley.<\/p>\n<p style=\"text-align: center\">El d\u00eda acordado la Fiscal\u00eda, que ten\u00eda como norte velar por los intereses del Fiscal reci\u00e9n nombrado \u2013y la intenci\u00f3n de no quedarse sin trabajo-, consign\u00f3 cuatro voluminosas piezas de un expediente supuestamente contentivo de la investigaci\u00f3n adelantada por ellos.<\/p>\n<p><img data-recalc-dims=\"1\" loading=\"lazy\" decoding=\"async\" data-attachment-id=\"57280\" data-permalink=\"https:\/\/www.panfletonegro.com\/v\/2018\/06\/04\/ley-para-todos\/archivos-judiciales\/\" data-orig-file=\"https:\/\/i0.wp.com\/www.panfletonegro.com\/v\/wp-content\/uploads\/2018\/06\/Archivos-Judiciales.jpg?fit=2448%2C3264&amp;ssl=1\" data-orig-size=\"2448,3264\" data-comments-opened=\"1\" data-image-meta=\"{&quot;aperture&quot;:&quot;0&quot;,&quot;credit&quot;:&quot;&quot;,&quot;camera&quot;:&quot;&quot;,&quot;caption&quot;:&quot;&quot;,&quot;created_timestamp&quot;:&quot;0&quot;,&quot;copyright&quot;:&quot;&quot;,&quot;focal_length&quot;:&quot;0&quot;,&quot;iso&quot;:&quot;0&quot;,&quot;shutter_speed&quot;:&quot;0&quot;,&quot;title&quot;:&quot;&quot;,&quot;orientation&quot;:&quot;0&quot;}\" data-image-title=\"Archivos Judiciales\" data-image-description=\"\" data-image-caption=\"\" data-large-file=\"https:\/\/i0.wp.com\/www.panfletonegro.com\/v\/wp-content\/uploads\/2018\/06\/Archivos-Judiciales.jpg?fit=696%2C522&amp;ssl=1\" class=\"size-medium wp-image-57280 aligncenter\" src=\"https:\/\/i0.wp.com\/www.panfletonegro.com\/v\/wp-content\/uploads\/2018\/06\/Archivos-Judiciales.jpg?resize=640%2C480&#038;ssl=1\" alt=\"\" width=\"640\" height=\"480\" srcset=\"https:\/\/i0.wp.com\/www.panfletonegro.com\/v\/wp-content\/uploads\/2018\/06\/Archivos-Judiciales.jpg?resize=640%2C480&amp;ssl=1 640w, https:\/\/i0.wp.com\/www.panfletonegro.com\/v\/wp-content\/uploads\/2018\/06\/Archivos-Judiciales.jpg?resize=1024%2C768&amp;ssl=1 1024w, https:\/\/i0.wp.com\/www.panfletonegro.com\/v\/wp-content\/uploads\/2018\/06\/Archivos-Judiciales.jpg?zoom=2&amp;resize=640%2C480&amp;ssl=1 1280w, https:\/\/i0.wp.com\/www.panfletonegro.com\/v\/wp-content\/uploads\/2018\/06\/Archivos-Judiciales.jpg?zoom=3&amp;resize=640%2C480&amp;ssl=1 1920w\" sizes=\"auto, (max-width: 640px) 100vw, 640px\" \/><\/p>\n<p style=\"text-align: center\">El interior del Tribunal en el que se desarrollar\u00eda la audiencia de presentaci\u00f3n parec\u00eda una c\u00e1mara de tortura. Era un espacio reducido en el que dif\u00edcilmente se pod\u00edan avanzar dos pasos seguidos sin chocar con alg\u00fan escritorio. El sistema de ventilaci\u00f3n estaba averiado y el ambiente estaba denso y pesado. El n\u00famero de personas reunidas en el peque\u00f1o lugar \u2013los abogados defensores, la secretaria y los funcionarios- hac\u00edan el aire dif\u00edcilmente respirable.<\/p>\n<p style=\"text-align: center\">Nos informaron que dispon\u00edamos de cinco minutos para revisar el misterioso expediente antes de entrar a la audiencia y de pie, mientras las gotas de sudor inundaban nuestra frente, nos dispusimos a ello. Se trataba de un acto que reviste cierta formalidad y est\u00e1bamos vestidos para la ocasi\u00f3n: un caluroso saco y unos zapatos altos de tac\u00f3n, intensificaban el aire viciado que se respiraba en aquellas oficinas.<\/p>\n<p style=\"text-align: center\">\u00cdbamos a defender a alguien y no conoc\u00edamos los hechos que se le imputaban. \u00bfQuien puede revisar cientos de p\u00e1ginas de un expediente que contiene varias piezas separadas en semejantes condiciones? El famoso \u201cderecho a la defensa\u201d parec\u00eda un mal chiste.<\/p>\n<p style=\"text-align: center\">No cab\u00edan dudas de que est\u00e1bamos ante un caso pol\u00edtico: el nuevo Fiscal General de la Rep\u00fablica manifest\u00f3 en televisi\u00f3n abierta que quer\u00eda al hombre preso y nadie se iba a atrever a llevarle la contraria. Nuestra participaci\u00f3n como defensores era una mera formalidad, todos sab\u00edamos cu\u00e1l iba a ser el resultado de la audiencia a\u00fan antes de su celebraci\u00f3n.<\/p>\n<p><img data-recalc-dims=\"1\" loading=\"lazy\" decoding=\"async\" data-attachment-id=\"57278\" data-permalink=\"https:\/\/www.panfletonegro.com\/v\/2018\/06\/04\/ley-para-todos\/expedientes\/\" data-orig-file=\"https:\/\/i0.wp.com\/www.panfletonegro.com\/v\/wp-content\/uploads\/2018\/06\/expedientes.jpg?fit=2448%2C3264&amp;ssl=1\" data-orig-size=\"2448,3264\" data-comments-opened=\"1\" data-image-meta=\"{&quot;aperture&quot;:&quot;0&quot;,&quot;credit&quot;:&quot;&quot;,&quot;camera&quot;:&quot;&quot;,&quot;caption&quot;:&quot;&quot;,&quot;created_timestamp&quot;:&quot;0&quot;,&quot;copyright&quot;:&quot;&quot;,&quot;focal_length&quot;:&quot;0&quot;,&quot;iso&quot;:&quot;0&quot;,&quot;shutter_speed&quot;:&quot;0&quot;,&quot;title&quot;:&quot;&quot;,&quot;orientation&quot;:&quot;0&quot;}\" data-image-title=\"expedientes\" data-image-description=\"\" data-image-caption=\"\" data-large-file=\"https:\/\/i0.wp.com\/www.panfletonegro.com\/v\/wp-content\/uploads\/2018\/06\/expedientes.jpg?fit=696%2C522&amp;ssl=1\" class=\"size-medium wp-image-57278 aligncenter\" src=\"https:\/\/i0.wp.com\/www.panfletonegro.com\/v\/wp-content\/uploads\/2018\/06\/expedientes.jpg?resize=640%2C480&#038;ssl=1\" alt=\"\" width=\"640\" height=\"480\" srcset=\"https:\/\/i0.wp.com\/www.panfletonegro.com\/v\/wp-content\/uploads\/2018\/06\/expedientes.jpg?resize=640%2C480&amp;ssl=1 640w, https:\/\/i0.wp.com\/www.panfletonegro.com\/v\/wp-content\/uploads\/2018\/06\/expedientes.jpg?resize=1024%2C768&amp;ssl=1 1024w, https:\/\/i0.wp.com\/www.panfletonegro.com\/v\/wp-content\/uploads\/2018\/06\/expedientes.jpg?zoom=2&amp;resize=640%2C480&amp;ssl=1 1280w, https:\/\/i0.wp.com\/www.panfletonegro.com\/v\/wp-content\/uploads\/2018\/06\/expedientes.jpg?zoom=3&amp;resize=640%2C480&amp;ssl=1 1920w\" sizes=\"auto, (max-width: 640px) 100vw, 640px\" \/><\/p>\n<p style=\"text-align: center\">La oficina de la Juez era a\u00fan m\u00e1s peque\u00f1a que el resto del Tribunal. Los cuatro abogados defensores ingresamos con dificultad en el estrecho despacho a\u00fan desconcertados por el calor y por las arbitrariedades que se hab\u00edan cometido hasta el momento: la privaci\u00f3n ileg\u00edtima de libertad, la revisi\u00f3n del expediente\u2026<\/p>\n<p style=\"text-align: center\">Los fiscales del Ministerio P\u00fablico ya se encontraban en su interior, c\u00f3modamente sentados en las \u00fanicas dos sillas dispuestas en el Despacho.<\/p>\n<p style=\"text-align: center\">La Juez nos lanz\u00f3 una mirada de odio y profiri\u00f3 de viva voz que lamentaba el hecho de que tuvi\u00e9ramos que permanecer de pie, pero no hab\u00edan m\u00e1s asientos disponibles y ella es quien decide \u201cqui\u00e9n se sienta y quien se queda parado\u201d.<\/p>\n<p style=\"text-align: center\">Hab\u00edamos dos mujeres entre los defensores y los fiscales eran dos manganzones que no pose\u00edan ninguna discapacidad. La necesidad de demostrar que nuestras acciones eran in\u00fatiles ante un estado todo poderoso \u2013casi orwelliano- era evidente. Incluso las normas de la \u201ccaballerosidad\u201d quedaron suspendidas en ese espacio.<\/p>\n<p style=\"text-align: center\">No caben cortes\u00edas cuando hay que defender los intereses del r\u00e9gimen.<\/p>\n<p><img data-recalc-dims=\"1\" loading=\"lazy\" decoding=\"async\" data-attachment-id=\"57279\" data-permalink=\"https:\/\/www.panfletonegro.com\/v\/2018\/06\/04\/ley-para-todos\/pase\/\" data-orig-file=\"https:\/\/i0.wp.com\/www.panfletonegro.com\/v\/wp-content\/uploads\/2018\/06\/Pase.jpg?fit=2448%2C3264&amp;ssl=1\" data-orig-size=\"2448,3264\" data-comments-opened=\"1\" data-image-meta=\"{&quot;aperture&quot;:&quot;0&quot;,&quot;credit&quot;:&quot;&quot;,&quot;camera&quot;:&quot;&quot;,&quot;caption&quot;:&quot;&quot;,&quot;created_timestamp&quot;:&quot;0&quot;,&quot;copyright&quot;:&quot;&quot;,&quot;focal_length&quot;:&quot;0&quot;,&quot;iso&quot;:&quot;0&quot;,&quot;shutter_speed&quot;:&quot;0&quot;,&quot;title&quot;:&quot;&quot;,&quot;orientation&quot;:&quot;0&quot;}\" data-image-title=\"Pase\" data-image-description=\"\" data-image-caption=\"\" data-large-file=\"https:\/\/i0.wp.com\/www.panfletonegro.com\/v\/wp-content\/uploads\/2018\/06\/Pase.jpg?fit=696%2C522&amp;ssl=1\" class=\"size-medium wp-image-57279 aligncenter\" src=\"https:\/\/i0.wp.com\/www.panfletonegro.com\/v\/wp-content\/uploads\/2018\/06\/Pase.jpg?resize=640%2C480&#038;ssl=1\" alt=\"\" width=\"640\" height=\"480\" srcset=\"https:\/\/i0.wp.com\/www.panfletonegro.com\/v\/wp-content\/uploads\/2018\/06\/Pase.jpg?resize=640%2C480&amp;ssl=1 640w, https:\/\/i0.wp.com\/www.panfletonegro.com\/v\/wp-content\/uploads\/2018\/06\/Pase.jpg?resize=1024%2C768&amp;ssl=1 1024w, https:\/\/i0.wp.com\/www.panfletonegro.com\/v\/wp-content\/uploads\/2018\/06\/Pase.jpg?zoom=2&amp;resize=640%2C480&amp;ssl=1 1280w, https:\/\/i0.wp.com\/www.panfletonegro.com\/v\/wp-content\/uploads\/2018\/06\/Pase.jpg?zoom=3&amp;resize=640%2C480&amp;ssl=1 1920w\" sizes=\"auto, (max-width: 640px) 100vw, 640px\" \/><\/p>\n<p style=\"text-align: right\">Agrafena Villanueva.<\/p>\n<p>&nbsp;<\/p>\n<p style=\"text-align: center\"><em>\u201cPor cierto, hay horas sombr\u00edas, que nos llegan a todos, en las que se piensa no haber logrado nada en absoluto, en las que parece que solo los casos destinados desde un principio al \u00e9xito tienen buen fin, que hubieran salido bien de cualquier modo, aun sin nuestra ayuda, mientras que muchos otros estaban predestinados a perderse a pesar de todos los esfuerzos y habilidades, y de esas ilusorias y peque\u00f1as victorias de que tanto nos vanagloriamos. Era un sentimiento en el que no hab\u00eda seguridad en nada, de manera que ante determinadas preguntas no pod\u00edamos negar enf\u00e1ticamente que nuestra gesti\u00f3n hubiera encaminado mal el infortunado proceso, y que sin nosotros hubiera transcurrido bien, siguiendo su cauce legal\u201d Franz Kafka \u2013 El Proceso<\/em><\/p>\n","protected":false},"excerpt":{"rendered":"<p>El Fiscal General de la Republica tuvo que ser removido. Se hab\u00eda convertido en un obst\u00e1culo para los intereses del r\u00e9gimen. \u201cA rey muerto, rey puesto\u201d. El parlamento de facto no tard\u00f3 en nombrar a alguien en su lugar. Ten\u00eda una misi\u00f3n: sacar a la luz todas las arbitrariedades supuestamente cometidas por la anterior administraci\u00f3n. [&hellip;]<\/p>\n","protected":false},"author":3930,"featured_media":57278,"comment_status":"open","ping_status":"open","sticky":false,"template":"","format":"standard","meta":{"jetpack_post_was_ever_published":false,"_jetpack_newsletter_access":"","_jetpack_dont_email_post_to_subs":false,"_jetpack_newsletter_tier_id":0,"_jetpack_memberships_contains_paywalled_content":false,"_jetpack_memberships_contains_paid_content":false,"footnotes":"","jetpack_publicize_message":"","jetpack_publicize_feature_enabled":true,"jetpack_social_post_already_shared":false,"jetpack_social_options":{"image_generator_settings":{"template":"highway","default_image_id":0,"font":"","enabled":false},"version":2}},"categories":[1],"tags":[62,308,346,2608,82,802,156,124],"class_list":{"0":"post-57253","1":"post","2":"type-post","3":"status-publish","4":"format-standard","5":"has-post-thumbnail","7":"category-azares","8":"tag-caracas","9":"tag-cuento","10":"tag-cuento-corto","11":"tag-distopias","12":"tag-narrativa-tag","13":"tag-panfleto-negro","14":"tag-panfletonegro","15":"tag-politica"},"jetpack_publicize_connections":[],"jetpack_featured_media_url":"https:\/\/i0.wp.com\/www.panfletonegro.com\/v\/wp-content\/uploads\/2018\/06\/expedientes.jpg?fit=2448%2C3264&ssl=1","jetpack_shortlink":"https:\/\/wp.me\/pfpCD-eTr","jetpack_sharing_enabled":true,"_links":{"self":[{"href":"https:\/\/www.panfletonegro.com\/v\/wp-json\/wp\/v2\/posts\/57253","targetHints":{"allow":["GET"]}}],"collection":[{"href":"https:\/\/www.panfletonegro.com\/v\/wp-json\/wp\/v2\/posts"}],"about":[{"href":"https:\/\/www.panfletonegro.com\/v\/wp-json\/wp\/v2\/types\/post"}],"author":[{"embeddable":true,"href":"https:\/\/www.panfletonegro.com\/v\/wp-json\/wp\/v2\/users\/3930"}],"replies":[{"embeddable":true,"href":"https:\/\/www.panfletonegro.com\/v\/wp-json\/wp\/v2\/comments?post=57253"}],"version-history":[{"count":0,"href":"https:\/\/www.panfletonegro.com\/v\/wp-json\/wp\/v2\/posts\/57253\/revisions"}],"wp:featuredmedia":[{"embeddable":true,"href":"https:\/\/www.panfletonegro.com\/v\/wp-json\/wp\/v2\/media\/57278"}],"wp:attachment":[{"href":"https:\/\/www.panfletonegro.com\/v\/wp-json\/wp\/v2\/media?parent=57253"}],"wp:term":[{"taxonomy":"category","embeddable":true,"href":"https:\/\/www.panfletonegro.com\/v\/wp-json\/wp\/v2\/categories?post=57253"},{"taxonomy":"post_tag","embeddable":true,"href":"https:\/\/www.panfletonegro.com\/v\/wp-json\/wp\/v2\/tags?post=57253"}],"curies":[{"name":"wp","href":"https:\/\/api.w.org\/{rel}","templated":true}]}}