{"id":57245,"date":"2018-05-29T09:01:15","date_gmt":"2018-05-29T13:01:15","guid":{"rendered":"https:\/\/www.panfletonegro.com\/v\/?p=57245"},"modified":"2020-05-08T00:01:47","modified_gmt":"2020-05-08T04:01:47","slug":"primer-dia-de-una-nueva-rutina","status":"publish","type":"post","link":"https:\/\/www.panfletonegro.com\/v\/2018\/05\/29\/primer-dia-de-una-nueva-rutina\/","title":{"rendered":"Primer d\u00eda de una nueva rutina"},"content":{"rendered":"<p>Uno suele hacer cosas que jam\u00e1s reconoce por pena o verg\u00fcenza, y que ir\u00f3nica o descaradamente causan cierto pudor cuando son manifestadas por otros. Mi ma\u00f1a no reconocida &#8211; concepto que me pareci\u00f3 el m\u00e1s apropiado para categorizar esas \u00abcosas\u00bb que hacemos &#8211; es tomar caf\u00e9 por las ma\u00f1anas antes de cepillarme los dientes, pr\u00e1ctica que sospecho es ejecutada por m\u00e1s personas de las que uno pueda imaginarse.<\/p>\n<p>Con caf\u00e9 en mano ve\u00eda el closet, mentalmente me encontraba en el proceso de selecci\u00f3n de la camisa que me vestir\u00eda para el escalofriante ritual al que iba a ser sometido. Este proceso no fue nada complicado, solo escog\u00ed la camisa menos arrugada con la intenci\u00f3n de evitar un procedimiento previo: el fatigoso arte de planchar.<\/p>\n<p>Recuerdo que un gran ejecutivo acostumbrado a usar saco y corbata, despu\u00e9s de una destacada conferencia me confes\u00f3 \u2013 entre pastelitos y jugos de naranja &#8211; que s\u00f3lo planchaba las partes visibles de la camisa, principalmente el cuello y las mangas, evitando de esta manera que aquellas partes cubiertas por el saco fuesen innecesariamente sometidas al calor de aquel artefacto.<\/p>\n<p>Indudablemente, ese pragmatismo art\u00edstico tiene como obligaci\u00f3n hacer uso permanente del saco o palt\u00f3, pues desprenderse de \u00e9l implicar\u00eda dejar al descubierto las arrugas naturales de una camisa que no fue confeccionada para ser lisa de forma permanente.<\/p>\n<p>Cepillados los dientes, ba\u00f1ado y vestido, con la camisa planchada solo por las partes evidentes, embest\u00ed la calle congestionada en una hora pecaminosa para el sue\u00f1o, y me un\u00ed a la marea de personas que se trasladaban a sus respectivos destinos laborales.<\/p>\n<p>Definitivamente la vestimenta formal es totalmente antag\u00f3nica, inapropiada e inoportuna para trasladarse por una ciudad hacinada con un transporte decadente. Sin embargo, puede que sea apropiada para compartir vag\u00f3n con desconocidos estresados y llenos de odio: si desea experimentar odio impersonal entonces tome el metro, ah\u00ed odiar\u00e1 a todo el mundo sin conocerlo, sin motivos necesariamente directos, solo se requiere estar ah\u00ed para odiar y ser odiado \u2013 impersonalmente \u2013 por otros.<\/p>\n<p>Lo m\u00e1s curioso del comportamiento humano en este lapso de odio impersonal, es que una vez estamos fuera del sistema, el odio pasa, el ox\u00edgeno vuelve al cerebro, la meta inmediata cambia, y hacemos como si no hubi\u00e9semos pasado por aquello. Al final del d\u00eda nos comportamos como si no fu\u00e9semos parte de aquel sistema, y siempre tratamos el asunto con oraciones cuyo sujeto es \u201cla gente\u201d, nunca \u201cnosotros\u201d.<\/p>\n<p>Por mi parte, haciendo el esfuerzo f\u00edsico y mental de aparentar no haber estado 40 minutos bajo calor, odio y empujones, ya me encontraba frente al santuario que exigir\u00e1 m\u00e1s horas de peregrinaci\u00f3n, penitencias y arrepentimientos que cualquier otro: mi nuevo trabajo.<\/p>\n","protected":false},"excerpt":{"rendered":"<p>Uno suele hacer cosas que jam\u00e1s reconoce por pena o verg\u00fcenza, y que ir\u00f3nica o descaradamente causan cierto pudor cuando son manifestadas por otros. Mi ma\u00f1a no reconocida &#8211; concepto que me pareci\u00f3 el m\u00e1s apropiado para categorizar esas \u00abcosas\u00bb que hacemos &#8211; es tomar caf\u00e9 por las ma\u00f1anas antes de cepillarme los dientes, pr\u00e1ctica [&hellip;]<\/p>\n","protected":false},"author":2745,"featured_media":58966,"comment_status":"open","ping_status":"open","sticky":false,"template":"","format":"standard","meta":{"jetpack_post_was_ever_published":false,"_jetpack_newsletter_access":"","_jetpack_dont_email_post_to_subs":false,"_jetpack_newsletter_tier_id":0,"_jetpack_memberships_contains_paywalled_content":false,"_jetpack_memberships_contains_paid_content":false,"footnotes":"","jetpack_publicize_message":"","jetpack_publicize_feature_enabled":true,"jetpack_social_post_already_shared":false,"jetpack_social_options":{"image_generator_settings":{"template":"highway","default_image_id":0,"font":"","enabled":false},"version":2}},"categories":[2693],"tags":[],"class_list":{"0":"post-57245","1":"post","2":"type-post","3":"status-publish","4":"format-standard","5":"has-post-thumbnail","7":"category-narrativa"},"jetpack_publicize_connections":[],"jetpack_featured_media_url":"https:\/\/i0.wp.com\/www.panfletonegro.com\/v\/wp-content\/uploads\/2018\/05\/metro-de-caracas-plaza-venezuela.jpeg?fit=700%2C355&ssl=1","jetpack_shortlink":"https:\/\/wp.me\/pfpCD-eTj","jetpack_sharing_enabled":true,"_links":{"self":[{"href":"https:\/\/www.panfletonegro.com\/v\/wp-json\/wp\/v2\/posts\/57245","targetHints":{"allow":["GET"]}}],"collection":[{"href":"https:\/\/www.panfletonegro.com\/v\/wp-json\/wp\/v2\/posts"}],"about":[{"href":"https:\/\/www.panfletonegro.com\/v\/wp-json\/wp\/v2\/types\/post"}],"author":[{"embeddable":true,"href":"https:\/\/www.panfletonegro.com\/v\/wp-json\/wp\/v2\/users\/2745"}],"replies":[{"embeddable":true,"href":"https:\/\/www.panfletonegro.com\/v\/wp-json\/wp\/v2\/comments?post=57245"}],"version-history":[{"count":5,"href":"https:\/\/www.panfletonegro.com\/v\/wp-json\/wp\/v2\/posts\/57245\/revisions"}],"predecessor-version":[{"id":58967,"href":"https:\/\/www.panfletonegro.com\/v\/wp-json\/wp\/v2\/posts\/57245\/revisions\/58967"}],"wp:featuredmedia":[{"embeddable":true,"href":"https:\/\/www.panfletonegro.com\/v\/wp-json\/wp\/v2\/media\/58966"}],"wp:attachment":[{"href":"https:\/\/www.panfletonegro.com\/v\/wp-json\/wp\/v2\/media?parent=57245"}],"wp:term":[{"taxonomy":"category","embeddable":true,"href":"https:\/\/www.panfletonegro.com\/v\/wp-json\/wp\/v2\/categories?post=57245"},{"taxonomy":"post_tag","embeddable":true,"href":"https:\/\/www.panfletonegro.com\/v\/wp-json\/wp\/v2\/tags?post=57245"}],"curies":[{"name":"wp","href":"https:\/\/api.w.org\/{rel}","templated":true}]}}