{"id":56863,"date":"2018-01-19T00:51:07","date_gmt":"2018-01-19T04:51:07","guid":{"rendered":"https:\/\/www.panfletonegro.com\/v\/?p=56863"},"modified":"2018-01-22T11:15:17","modified_gmt":"2018-01-22T15:15:17","slug":"venezuela-rumbo-una-d-r","status":"publish","type":"post","link":"https:\/\/www.panfletonegro.com\/v\/2018\/01\/19\/venezuela-rumbo-una-d-r\/","title":{"rendered":"Venezuela, \u00bfrumbo a una D.R.A.?"},"content":{"rendered":"<p>Haciendo un repaso en la historia, me encontr\u00e9 con un hecho importante para el mundo, el fin de la Segunda Guerra Mundial. Cuando la Guerra termin\u00f3, muchos no se imaginaron lo que vendr\u00eda luego, la divisi\u00f3n de Alemania. Una refundada con el nombre de Alemania Federal, con un sistema democr\u00e1tico y otra nombrada Rep\u00fablica Democr\u00e1tica Alemana (D.R.A. por sus siglas en alem\u00e1n) con un sistema socialista, el cual comenz\u00f3 a funcionar como Estado independiente el 9 de octubre de 1949. Esta divisi\u00f3n despu\u00e9s, se convertir\u00eda en un per\u00edodo obscuro para la historia, La Guerra Fr\u00eda.<\/p>\n<p>Durante 11 a\u00f1os los ciudadanos de la D.R.A. estuvieron emigrando hacia el oeste buscando una mejor calidad de vida en la Alemania Federal, debido a las pol\u00edticas ejercidas por la administraci\u00f3n, que era principalmente comunista. Debido a este fen\u00f3meno, la D.R.A. decidi\u00f3 fortificar su frontera del este y construy\u00f3 en 1961 el Muro de Berl\u00edn para tener m\u00e1s control de las personas y para que no se fueran del pa\u00eds el talento que ten\u00edan, porque se estaban quedando sin capital humano.<\/p>\n<figure id=\"attachment_56865\" aria-describedby=\"caption-attachment-56865\" style=\"width: 350px\" class=\"wp-caption alignright\"><a href=\"https:\/\/www.panfletonegro.com\/v\/2018\/01\/19\/venezuela-rumbo-una-d-r\/wielkie-zainteresowanie\/#main\" rel=\"attachment wp-att-56865\"><img data-recalc-dims=\"1\" loading=\"lazy\" decoding=\"async\" data-attachment-id=\"56865\" data-permalink=\"https:\/\/www.panfletonegro.com\/v\/2018\/01\/19\/venezuela-rumbo-una-d-r\/wielkie-zainteresowanie\/\" data-orig-file=\"https:\/\/i0.wp.com\/www.panfletonegro.com\/v\/wp-content\/uploads\/2018\/01\/dra1-e1516336787940.jpeg?fit=350%2C235&amp;ssl=1\" data-orig-size=\"350,235\" data-comments-opened=\"1\" data-image-meta=\"{&quot;aperture&quot;:&quot;0&quot;,&quot;credit&quot;:&quot;PAP\/CAF&quot;,&quot;camera&quot;:&quot;&quot;,&quot;caption&quot;:&quot;Warszawa, 21.10.1956 r. Kolejka po pras\\u00ea. Mieszka\\u00f1cy stolicy z uwag\\u00b9 \\u009cledz\\u00b9 informacje o przebiegu obrad VIII Plenum KC PZPR, na kt\\u00f3rym W\\u00b3adys\\u00b3aw Gomu\\u00b3ka podda\\u00b3 krytyce dotychczasowy styl sprawowania w\\u00b3adzy. Domaga\\u00b3 si\\u00ea demokratyzacji pa\\u00f1stwa, opowiedzia\\u00b3 si\\u00ea za zasad\\u00b9 suwerenno\\u009cci i niezale\\u00bfno\\u009cci w stosunkach ze Zwi\\u00b9zkiem Radzieckim.\\r\\nij\/dl\\r\\nPAP\/CAF&quot;,&quot;created_timestamp&quot;:&quot;0&quot;,&quot;copyright&quot;:&quot;&quot;,&quot;focal_length&quot;:&quot;0&quot;,&quot;iso&quot;:&quot;0&quot;,&quot;shutter_speed&quot;:&quot;0&quot;,&quot;title&quot;:&quot;Wielkie zainteresowanie&quot;,&quot;orientation&quot;:&quot;0&quot;}\" data-image-title=\"DRA\" data-image-description=\"\" data-image-caption=\"&lt;p&gt;Cola para recibir alimento. D.R.A. 1956&lt;\/p&gt;\n\" data-large-file=\"https:\/\/i0.wp.com\/www.panfletonegro.com\/v\/wp-content\/uploads\/2018\/01\/dra1-e1516336787940.jpeg?fit=350%2C235&amp;ssl=1\" class=\"size-full wp-image-56865\" src=\"https:\/\/i0.wp.com\/www.panfletonegro.com\/v\/wp-content\/uploads\/2018\/01\/dra1-e1516336787940.jpeg?resize=350%2C235&#038;ssl=1\" alt=\"\" width=\"350\" height=\"235\" \/><\/a><figcaption id=\"caption-attachment-56865\" class=\"wp-caption-text\">Cola para recibir alimento. D.R.A. 1956<\/figcaption><\/figure>\n<p>La D.R.A. estuvo gobernada durante cuatro d\u00e9cadas por el Partido Socialista Unificado Alem\u00e1n, es decir, no hubo cambio de gobierno, solo cambio de representante, es importante se\u00f1alar que durante ese per\u00edodo se observaban\u00a0detalles que no pasaban desapercibidos, entre ellos: se\u00a0estatizaron y nacionalizaron empresas privadas para garantizar en la sociedad la igualdad de productos y servicios, estrategia que funcion\u00f3 los primeros a\u00f1os, pero que poco a poco se fue deteriorando;\u00a0 los autos escaseaban, para obtenerlos hab\u00eda que anotarse en una lista y si corr\u00edas con suerte te lo entregaban un a\u00f1o despu\u00e9s, si no ten\u00edas que esperar hasta 15 a\u00f1os para recibir el que quer\u00edas; los electrodom\u00e9sticos y bienes de consumo eran de costo elevado porque la importaci\u00f3n requer\u00eda del uso de divisas, por lo que no era accesible para todas las familias; la escasez de alimentos y productos estuvo siempre, tanto que no se distingu\u00eda entre profesionales y obreros, un obrero pod\u00eda ganar m\u00e1s que un ingeniero por lo que al comprar, ambos se cruzaban sin distinguir clase social; se establecieron programas sociales por el apoyo que ten\u00edan de la econom\u00eda Sovi\u00e9tica hasta que decay\u00f3 en los 70 por la crisis del petr\u00f3leo y as\u00ed se mantuvo hasta 1989.<\/p>\n<p>Aunado a todo lo expuesto, estaba la persecuci\u00f3n pol\u00edtica, no se pod\u00eda opinar en contra del gobierno nacional, el que lo hiciera pagaba con prisi\u00f3n o con castigo que llegaba a la tortura. La D.R.A. ten\u00eda muchos presos pol\u00edticos que luego intercambiaba por Marcos de la Alemania Federal y as\u00ed\u00a0manten\u00eda a flote su econom\u00eda. Adem\u00e1s, el Muro de Berl\u00edn estaba cada vez m\u00e1s custodiado y reforzado, exist\u00eda una norma \u00fanica en el pa\u00eds, <strong>\u00abnacer y vivir por la patria\u00bb<\/strong>, todo el que no estuviera de acuerdo deb\u00eda pagar con prisi\u00f3n y el que trataba de escapar pod\u00eda morir por todas las trabas que exist\u00edan, no era solo el muro, era tambi\u00e9n: vigilantes, perros, alambres de p\u00faas, minas enterradas y pistas de control que detectaban las huellas.<\/p>\n<p>En pocas palabras, las personas que\u00a0vivieron en \u00abLa Alemania Democr\u00e1tica\u00bb estaban destinadas a morir sin ning\u00fan bienestar ni futuro pr\u00f3spero, todo estaba controlado. La Comunidad Internacional sab\u00eda todo lo que ocurr\u00eda en la D.R.A. y sin embargo nada pod\u00edan hacer, por m\u00e1s reuniones que hicieran y por m\u00e1s peticiones que hicieran, siempre el Partido Socialista Unificado Alem\u00e1n se las arreglaba para ganar los comicios electorales, aunque participaran partidos de oposici\u00f3n, dejando ver al exterior que se viv\u00eda bien y que todos estaban de acuerdo con su sistema. A pesar de todo lo que ocurr\u00eda, La D.R.A. se manten\u00eda hasta que se derrumb\u00f3 en 1989, y no fue por una intervenci\u00f3n extranjera o por un golpe militar, fue porque todas las personas salieron a la calle y todas, absolutamente\u00a0todas, fueron decididas a tumbar el Muro de Berl\u00edn y lo lograron sin ayuda de nadie, ellos decidieron su futuro y su destino, si no hubiese sido de esa manera, todav\u00eda existiera la D.R.A.<\/p>\n<p>Ahora regresando al Siglo XXI, particularmente a nuestro pa\u00eds, desde el a\u00f1o 2006 se ha venido gestando un control de los ciudadanos empezando por las expropiaciones de tierras de producci\u00f3n y empresas de productos b\u00e1sicos, como el caso del caf\u00e9 y el az\u00facar con la excusa de darle \u00abm\u00e1s poder al pueblo\u00bb, de igual forma ocurri\u00f3 con el servicio de<\/p>\n<figure id=\"attachment_56866\" aria-describedby=\"caption-attachment-56866\" style=\"width: 350px\" class=\"wp-caption alignright\"><a href=\"https:\/\/www.panfletonegro.com\/v\/2018\/01\/19\/venezuela-rumbo-una-d-r\/venezuela1-2\/#main\" rel=\"attachment wp-att-56866\"><img data-recalc-dims=\"1\" loading=\"lazy\" decoding=\"async\" data-attachment-id=\"56866\" data-permalink=\"https:\/\/www.panfletonegro.com\/v\/2018\/01\/19\/venezuela-rumbo-una-d-r\/venezuela1-2\/\" data-orig-file=\"https:\/\/i0.wp.com\/www.panfletonegro.com\/v\/wp-content\/uploads\/2018\/01\/venezuela1.jpg?fit=599%2C400&amp;ssl=1\" data-orig-size=\"599,400\" data-comments-opened=\"1\" data-image-meta=\"{&quot;aperture&quot;:&quot;0&quot;,&quot;credit&quot;:&quot;&quot;,&quot;camera&quot;:&quot;&quot;,&quot;caption&quot;:&quot;&quot;,&quot;created_timestamp&quot;:&quot;0&quot;,&quot;copyright&quot;:&quot;&quot;,&quot;focal_length&quot;:&quot;0&quot;,&quot;iso&quot;:&quot;0&quot;,&quot;shutter_speed&quot;:&quot;0&quot;,&quot;title&quot;:&quot;&quot;,&quot;orientation&quot;:&quot;0&quot;}\" data-image-title=\"venezuela1\" data-image-description=\"\" data-image-caption=\"\" data-large-file=\"https:\/\/i0.wp.com\/www.panfletonegro.com\/v\/wp-content\/uploads\/2018\/01\/venezuela1.jpg?fit=599%2C400&amp;ssl=1\" class=\"wp-image-56866\" src=\"https:\/\/i0.wp.com\/www.panfletonegro.com\/v\/wp-content\/uploads\/2018\/01\/venezuela1.jpg?resize=350%2C234&#038;ssl=1\" alt=\"\" width=\"350\" height=\"234\" \/><\/a><figcaption id=\"caption-attachment-56866\" class=\"wp-caption-text\">Cola para comprar alimentos. Venezuela, 2017<\/figcaption><\/figure>\n<p>telecomunicaciones y\u00a0 parte de la banca todo esto con una particularidad, nunca se compensaron a los afectados convirti\u00e9ndose la expropiaci\u00f3n en una confiscaci\u00f3n sin motivo; luego de estas acciones empezaron a escasear en el pa\u00eds productos b\u00e1sicos como: el az\u00facar, la harina de ma\u00edz, y el papel higi\u00e9nico, por lo que los establecimientos de productos alimenticios comenzaron a colocar carteles en el que se limitaban a uno o dos productos por persona, despu\u00e9s se estableci\u00f3 que el proceso de compra deb\u00eda ser por el terminal de c\u00e9dula, que m\u00e1s adelante se sustituy\u00f3 por el captahuellas, m\u00e1s adelante se instaur\u00f3 el control de precios, que no funciona, solo cuando el gobierno decide cuando intervenir los establecimientos para que vendan al precio que estipulen; despu\u00e9s se empezaron a entregar bolsas o cajas de alimentaci\u00f3n con un costo irrisorio comparado con los precios\u00a0 del mercado; adem\u00e1s el gobierno nacional se ha encargado de mantener una relaci\u00f3n de conflicto con los pa\u00edses vecinos para mantener control de las fronteras, de manera que salir de Venezuela se vuelve un verdadero tormento, eso sin tomar en cuenta que los vuelos son cada vez menos accesibles por el sistema inflacionario y la moneda nacional cada vez pierde m\u00e1s valor por las medidas econ\u00f3micas mal ejecutadas. Y en cuanto al proceso electoral el gobierno nacional cada vez se afianza m\u00e1s por las acciones err\u00f3neas tomadas por la oposici\u00f3n. Una de ellas es que el Estado realiza elecciones, sabiendo que el sistema est\u00e1 viciado y la oposici\u00f3n participa estando en desventaja, \u00bfy qu\u00e9 sucede?, que el gobierno gana las elecciones y quedamos ante el mundo como unos complacientes, que nos gusta lo que tenemos y que por eso no merecemos ayuda, porque si fuimos capaces de permitir que ocurriera todo lo aqu\u00ed descrito, es porque no nos interesa lo que piensen los dem\u00e1s, solo lo que tengamos nosotros.<\/p>\n<p>Con todo este panorama pregunto, \u00bf Venezuela va rumbo a otra D.R.A.? \u00bfTendremos 40 a\u00f1os de hegemon\u00eda por no querer hacer valer nuestro derecho? \u00bfSer\u00e1 qu\u00e9 solo nos interesa agarrar as\u00ed sea fallo y los dem\u00e1s que se frieguen? \u00bfO ser\u00e1 que el futuro no importa porque el presente es lo que me mantiene atento, as\u00ed que no interesa qui\u00e9n gobierne? \u00bfO ser\u00e1 que se perdi\u00f3 la esperanza porque se han encargado de matarla lentamente?<\/p>\n<p>Pienso que es momento de hacer una profunda reflexi\u00f3n del pa\u00eds, de nuestro estado, de nuestra ciudad, de nuestra comunidad, de nuestra casa, de nuestra familia y de nosotros como persona y realizarse estas preguntas: \u00bfc\u00f3mo estamos?, \u00bfhacia d\u00f3nde vamos?, \u00bfc\u00f3mo permitimos lo qu\u00e9 esta hoy?, \u00bfpor qu\u00e9 se permiti\u00f3?, \u00bfse puede hacer algo o no se puede hacer nada?, \u00bfme rend\u00ed o nos rindieron?<\/p>\n<p>El Muro de Berl\u00edn, la D.R.A y El Partido Socialista Unificado Alem\u00e1n cayeron por una sola la raz\u00f3n <strong>\u00abUn pueblo entero decidi\u00f3 cambiar su futuro\u00bb.<\/strong><\/p>\n<p>Espero sus comentarios.<\/p>\n<p>Ismael Bello<\/p>\n<p>Twitter: @ismaelbello \/ Instagram: @ismaelbello1<\/p>\n<p>&nbsp;<\/p>\n","protected":false},"excerpt":{"rendered":"<p>Haciendo un repaso en la historia, me encontr\u00e9 con un hecho importante para el mundo, el fin de la Segunda Guerra Mundial. Cuando la Guerra termin\u00f3, muchos no se imaginaron lo que vendr\u00eda luego, la divisi\u00f3n de Alemania. Una refundada con el nombre de Alemania Federal, con un sistema democr\u00e1tico y otra nombrada Rep\u00fablica Democr\u00e1tica [&hellip;]<\/p>\n","protected":false},"author":2144,"featured_media":56865,"comment_status":"open","ping_status":"open","sticky":false,"template":"","format":"standard","meta":{"jetpack_post_was_ever_published":false,"_jetpack_newsletter_access":"","_jetpack_dont_email_post_to_subs":false,"_jetpack_newsletter_tier_id":0,"_jetpack_memberships_contains_paywalled_content":false,"_jetpack_memberships_contains_paid_content":false,"footnotes":"","jetpack_publicize_message":"","jetpack_publicize_feature_enabled":true,"jetpack_social_post_already_shared":false,"jetpack_social_options":{"image_generator_settings":{"template":"highway","default_image_id":0,"font":"","enabled":false},"version":2}},"categories":[3],"tags":[4762,226,3882,4763,124,44],"class_list":{"0":"post-56863","1":"post","2":"type-post","3":"status-publish","4":"format-standard","5":"has-post-thumbnail","7":"category-descontento","8":"tag-alemania-democratica","9":"tag-democracia","10":"tag-muro-de-berlin","11":"tag-partido-socialista-unificado-aelman","12":"tag-politica","13":"tag-venezuela"},"jetpack_publicize_connections":[],"jetpack_featured_media_url":"https:\/\/i0.wp.com\/www.panfletonegro.com\/v\/wp-content\/uploads\/2018\/01\/dra1-e1516336787940.jpeg?fit=350%2C235&ssl=1","jetpack_shortlink":"https:\/\/wp.me\/pfpCD-eN9","jetpack_sharing_enabled":true,"_links":{"self":[{"href":"https:\/\/www.panfletonegro.com\/v\/wp-json\/wp\/v2\/posts\/56863","targetHints":{"allow":["GET"]}}],"collection":[{"href":"https:\/\/www.panfletonegro.com\/v\/wp-json\/wp\/v2\/posts"}],"about":[{"href":"https:\/\/www.panfletonegro.com\/v\/wp-json\/wp\/v2\/types\/post"}],"author":[{"embeddable":true,"href":"https:\/\/www.panfletonegro.com\/v\/wp-json\/wp\/v2\/users\/2144"}],"replies":[{"embeddable":true,"href":"https:\/\/www.panfletonegro.com\/v\/wp-json\/wp\/v2\/comments?post=56863"}],"version-history":[{"count":0,"href":"https:\/\/www.panfletonegro.com\/v\/wp-json\/wp\/v2\/posts\/56863\/revisions"}],"wp:featuredmedia":[{"embeddable":true,"href":"https:\/\/www.panfletonegro.com\/v\/wp-json\/wp\/v2\/media\/56865"}],"wp:attachment":[{"href":"https:\/\/www.panfletonegro.com\/v\/wp-json\/wp\/v2\/media?parent=56863"}],"wp:term":[{"taxonomy":"category","embeddable":true,"href":"https:\/\/www.panfletonegro.com\/v\/wp-json\/wp\/v2\/categories?post=56863"},{"taxonomy":"post_tag","embeddable":true,"href":"https:\/\/www.panfletonegro.com\/v\/wp-json\/wp\/v2\/tags?post=56863"}],"curies":[{"name":"wp","href":"https:\/\/api.w.org\/{rel}","templated":true}]}}