{"id":55307,"date":"2016-11-02T13:19:01","date_gmt":"2016-11-02T17:19:01","guid":{"rendered":"https:\/\/www.panfletonegro.com\/v\/?p=55307"},"modified":"2016-11-02T13:21:17","modified_gmt":"2016-11-02T17:21:17","slug":"55307","status":"publish","type":"post","link":"https:\/\/www.panfletonegro.com\/v\/2016\/11\/02\/55307\/","title":{"rendered":"\u00abAbortar es un crimen, no al matrimonio igualitario, quiero el derecho a la lactancia\u00bb: all\u00ed tienen a su &#8216;revolucionario&#8217; Rafael Correa"},"content":{"rendered":"<p style=\"text-align: justify\">El Presidente de Ecuador, Rafael Correa, hace parte de la izquierda regresiva, y como las ideas y movimientos regresivos son el da\u00f1o latente del presente, esto debe recordarse cuando sea requerido, por eso, este es el t\u00f3pico que nos ocupa hoy, debido a que su vigencia va a estar por mucho tiempo, y lo que hemos presenciado en las recientes semanas: la absurda y peligrosa admiraci\u00f3n por Trump, el tema de la imagen del Che en las universidades, la guerra cercana y Rusia ya prepar\u00e1ndose, el corte del hilo constitucional en Venezuela con un acto dictatorial de suspender el proceso revocatorio, y los chavistas entrando con violencia y robando en una sesi\u00f3n leg\u00edtima de la Asamblea Nacional.<\/p>\n<p style=\"text-align: justify\">Es necesaria la observaci\u00f3n al decir que aunque se deben reconocer los logros econ\u00f3micos o de cualquier \u00e1mbito en el mandato de Correa, para eso est\u00e1n all\u00ed los presidentes, para servirle a su pueblo. Y Correa, como muchos presidentes, tiene sus aportes a favor, y sus contras tambi\u00e9n. Pero hoy solo hablaremos de una parte muy importante, la concerniente al pensamiento cr\u00edtico, a las ideas de alguien que ataca tanto a la derecha, que dice ser revolucionario, con ideas diferentes, y que dice abogar por derechos y libertades para todos&#8230; cuando la realidad se aleja de eso. Tocaremos lo que inexplicablemente muchos no saben, muchos ocultan, y otros, que tambi\u00e9n son bastantes, tratan de justificar, defender o adornar, pero claro, porque no es alguien de derecha o que les desagrade, ya que si as\u00ed fuese, no dudar\u00edan en oponerse, indignarse y sancionar.<\/p>\n<hr \/>\n<p><img data-recalc-dims=\"1\" loading=\"lazy\" decoding=\"async\" data-attachment-id=\"55309\" data-permalink=\"https:\/\/www.panfletonegro.com\/v\/2016\/11\/02\/55307\/burlas\/\" data-orig-file=\"https:\/\/i0.wp.com\/www.panfletonegro.com\/v\/wp-content\/uploads\/2016\/11\/burlas.png?fit=750%2C440&amp;ssl=1\" data-orig-size=\"750,440\" data-comments-opened=\"1\" data-image-meta=\"{&quot;aperture&quot;:&quot;0&quot;,&quot;credit&quot;:&quot;&quot;,&quot;camera&quot;:&quot;&quot;,&quot;caption&quot;:&quot;&quot;,&quot;created_timestamp&quot;:&quot;0&quot;,&quot;copyright&quot;:&quot;&quot;,&quot;focal_length&quot;:&quot;0&quot;,&quot;iso&quot;:&quot;0&quot;,&quot;shutter_speed&quot;:&quot;0&quot;,&quot;title&quot;:&quot;&quot;,&quot;orientation&quot;:&quot;0&quot;}\" data-image-title=\"burlas\" data-image-description=\"\" data-image-caption=\"\" data-large-file=\"https:\/\/i0.wp.com\/www.panfletonegro.com\/v\/wp-content\/uploads\/2016\/11\/burlas.png?fit=696%2C408&amp;ssl=1\" class=\"aligncenter size-full wp-image-55309\" src=\"https:\/\/i0.wp.com\/www.panfletonegro.com\/v\/wp-content\/uploads\/2016\/11\/burlas.png?resize=696%2C408&#038;ssl=1\" alt=\"burlas\" width=\"696\" height=\"408\" \/><\/p>\n<hr \/>\n<p style=\"text-align: justify\">Correa hace parte de esa divisi\u00f3n que obstaculiza los ideales del progreso general que plante\u00f3 y comenz\u00f3 a aplicar la izquierda, es decir, expone una continuidad de hipocres\u00eda ideol\u00f3gica y una secuencia imparable de incongruencias. El Presidente ecuatoriano es del sector izquierdista y defiende ese espectro, sin embargo, es conspiranoico, homof\u00f3bico, anticiencia, justifica errores constitucionales porque se adhieren a su cristianismo, no le interesa el Estado laico ni las minor\u00edas que no est\u00e9n en su agenda populista&#8230; en fin, es un \u00eddolo \u00abrevolucionario\u00bb que no revoluciona lo m\u00e1s pol\u00e9mico que tienen nuestras sociedades, una presunta figura de \u00abhombre nuevo\u00bb \u2014como el Che Guevara pero sin ser sanguinario ni una marca de camiseta que abona al capitalismo\u2014, pero no es m\u00e1s que el mismo hombre viejo, el de siempre (s\u00ed, viejo como el Che). La izquierda regresiva ha hecho mucho da\u00f1o a la izquierda que se proyectaba originalmente, a los ideales nobles que por definici\u00f3n y origen, deber\u00edan haber evolucionado a niveles maravillosos para estar en el a\u00f1o 2016. Deber\u00edamos gozar ahora de una izquierda muy intelectual y llena de hechos para exaltar, pero lamentablemente, no es as\u00ed, no en la inmensa medida que se esperar\u00eda para la actual fecha.<\/p>\n<p style=\"text-align: justify\">El retroceso gradual (y que no permite instalar frenos a\u00fan) coquetea y convive al mismo tiempo con el avance lento y lleno de obst\u00e1culos, nos muestra que a\u00fan le debemos muchas explicaciones y disculpas a la ilustraci\u00f3n, y que, sin duda, el mayor enemigo de la izquierda, no es la derecha, sino el mismo coraz\u00f3n y sistema inmunol\u00f3gico que fusionan diversos izquierdistas, son diferentes grupos de izquierda que, con sus adoptados apellidos, da\u00f1aron esa respuesta de libertad, pensamiento cr\u00edtico, oposici\u00f3n al sabotaje de las libertades&#8230; y as\u00ed dan alimento para juzgarla como un todo por muchos espectros de derecha, estos son apellidos como: anticiencia, irracional, reaccionaria, posmoderna, entre otros, apellidos que los propios izquierdistas honestos y realistas critican, lo cual es muy bueno. La mayor\u00eda de esas izquierdas hoy las vemos contempladas con otro apellido m\u00e1s global, uno que agrupa varios de esos espectros, lo que se identifica como izquierda regresiva \u2014en una pr\u00f3xima entrega profundizar\u00e9 para quienes lo necesiten, pero aqu\u00ed ya est\u00e1 explicada la esencia\u2014.<\/p>\n<p style=\"text-align: justify\">En este grupo encontramos al expresidente Hugo Ch\u00e1vez, Pablo Iglesias, Evo Morales, Nicol\u00e1s Maduro, y por supuesto, para no adjuntar la lista extensa: al Presidente Rafael Correa, base para este texto, base para conectar con la actualidad del debate de la imagen del Che en la Universidad Nacional, el peligroso escenario de Trump como posible Presidente, y el silencio (para no deprimirnos mencionando la justificaci\u00f3n de tales actos) de muchos izquierdistas frente a la violaci\u00f3n y negaci\u00f3n de derechos a homosexuales y mujeres en Oriente, a la libertad de prensa, de expresi\u00f3n y pensamiento, solo porque esos ositos cari\u00f1ositos de oriente, son enemigos del malvado occidente, y eso, apreciados lectores, es una actitud t\u00edpica de la izquierda regresiva. Los bombardeos, represi\u00f3n a manifestantes, maltrato a homosexuales y mujeres, son buenos si los autoriza Putin, uno de los machos alfa, salvador del mundo sin camisa, Dios del olimpo de este tipo de izquierda, y mejor si se justifican por medio de PutinToday&#8230; es decir, RussiaToday (RT en Espa\u00f1ol), o Telesur y VTV (Venezolana de Televisi\u00f3n). Ahora, si los autoriza Obama, son bombardeos malos, muy malos, son polic\u00edas malvados golpeando compatriotas, humanos a considerar (si pasamos desde Colombia hasta Estados Unidos, y agregamos al continente europeo, tenemos regresivos e ideas regresivas en el campo pol\u00edtico, para llenar La Meca, El Vaticano y muchos estadios espa\u00f1oles e italianos).<br \/>\nEs importante se\u00f1alar que un pilar de esta vacua y errada izquierda regresiva, es el comunismo, y no hay mejor practicante y ejemplo que el Comunismo del Siglo XX. El heredero en latinoam\u00e9rica es el Socialismo del Siglo XXI.<\/p>\n<hr \/>\n<p><img data-recalc-dims=\"1\" loading=\"lazy\" decoding=\"async\" data-attachment-id=\"55310\" data-permalink=\"https:\/\/www.panfletonegro.com\/v\/2016\/11\/02\/55307\/foto-84-correa-santo-2\/\" data-orig-file=\"https:\/\/i0.wp.com\/www.panfletonegro.com\/v\/wp-content\/uploads\/2016\/11\/Foto-84-Correa-santo-2.jpg?fit=249%2C256&amp;ssl=1\" data-orig-size=\"249,256\" data-comments-opened=\"1\" data-image-meta=\"{&quot;aperture&quot;:&quot;0&quot;,&quot;credit&quot;:&quot;&quot;,&quot;camera&quot;:&quot;&quot;,&quot;caption&quot;:&quot;&quot;,&quot;created_timestamp&quot;:&quot;0&quot;,&quot;copyright&quot;:&quot;&quot;,&quot;focal_length&quot;:&quot;0&quot;,&quot;iso&quot;:&quot;0&quot;,&quot;shutter_speed&quot;:&quot;0&quot;,&quot;title&quot;:&quot;&quot;,&quot;orientation&quot;:&quot;0&quot;}\" data-image-title=\"foto-84-correa-santo-2\" data-image-description=\"\" data-image-caption=\"\" data-large-file=\"https:\/\/i0.wp.com\/www.panfletonegro.com\/v\/wp-content\/uploads\/2016\/11\/Foto-84-Correa-santo-2.jpg?fit=249%2C256&amp;ssl=1\" class=\"aligncenter size-full wp-image-55310\" src=\"https:\/\/i0.wp.com\/www.panfletonegro.com\/v\/wp-content\/uploads\/2016\/11\/Foto-84-Correa-santo-2.jpg?resize=249%2C256&#038;ssl=1\" alt=\"foto-84-correa-santo-2\" width=\"249\" height=\"256\" srcset=\"https:\/\/i0.wp.com\/www.panfletonegro.com\/v\/wp-content\/uploads\/2016\/11\/Foto-84-Correa-santo-2.jpg?w=249&amp;ssl=1 249w, https:\/\/i0.wp.com\/www.panfletonegro.com\/v\/wp-content\/uploads\/2016\/11\/Foto-84-Correa-santo-2.jpg?resize=32%2C32&amp;ssl=1 32w, https:\/\/i0.wp.com\/www.panfletonegro.com\/v\/wp-content\/uploads\/2016\/11\/Foto-84-Correa-santo-2.jpg?resize=50%2C50&amp;ssl=1 50w\" sizes=\"auto, (max-width: 249px) 100vw, 249px\" \/><\/p>\n<hr \/>\n<p style=\"text-align: justify\">Este mes se ha subido nuevamente un v\u00eddeo de una entrevista al Presidente Correa, lo grave es que tiene la misma aceptaci\u00f3n que tuvo cuando se subi\u00f3 la primera vez, hace dos a\u00f1os. Correa hace gala de su t\u00edpico ataque al periodista, de su incomodidad, sus falacias, sus excusas infantiles y su forma de escape se\u00f1alando \u00abimpresiciones\u00bb o desinformaci\u00f3n. Tambi\u00e9n de su conocida actitud de \u00aberudito\u00bb, eso no se me pod\u00eda pasar. Dejar\u00e9 el audiovisual, el cual preocupa, como dije, porque se sube actualmente a una red social tan navegada como Facebook, y semejantes horrores tienen eco para seguir su camino y encontrar m\u00e1s compradores. Sobrar\u00eda decirlo, pero por experiencia, no lo asumir\u00e9 tan f\u00e1cil, la descripci\u00f3n que he dado de Correa, es verificable con \u00e9l como la mejor fuente, sus registros han quedado en Youtube, y estos 6 minutos son las referencias de lo que he expuesto hasta el momento. La entrevista es muy clara, pero dejar\u00e9 unos puntos despu\u00e9s de ella, para que las observe al terminar de ver y digerir el material: https:\/\/goo.gl\/i2zkSl<\/p>\n<p style=\"text-align: justify\">Esa entrevista fue subida el 14 de abril del 2014: https:\/\/youtu.be\/PvyiEI3erZ0<\/p>\n<p style=\"text-align: justify\">Las personas sin sesgos, que piensan cr\u00edticamente, que saben de ciencia, que enfrentan los hechos con sinceridad, con honestidad intelectual, que tengan todas estas caracter\u00edsticas o una de ellas, se dieron cuenta de todo lo que est\u00e1 mal en ese intercambio. Otros, tal vez con disonancia cognitiva, defensores de lo indefendible, partidarios del corre\u00edsmo, del culto a la personalidad, cristianos \u2014sean cat\u00f3licos o evang\u00e9licos\u2014, van a estar de acuerdo con esos errores, pues comparten prejuicios, religi\u00f3n, creencia en Dios y desconocimiento. De hecho, antes de escribir este art\u00edculo, despu\u00e9s de ver otra vez esa entrevista y leer los nuevos comentarios, debat\u00ed con gente de derecha que le critica su labor social, pero le aplaude estas palabras contra el matrimonio igualitario. Esas personas dicen: \u00abPor fin un discurso admirable\u00bb, \u00abesto es lo \u00fanico bueno que le he escuchado a este se\u00f1or\u00bb, \u00abahora si habl\u00f3 con la verdad\u00bb. Y por esto siempre cito al gran Mark Twain, esta vez no ser\u00e1 la excepci\u00f3n: \u00abUno no sabe si re\u00edr o llorar\u00bb.<\/p>\n<p style=\"text-align: justify\">Veamos los puntos m\u00e1s relevantes:<br \/>\n\u2022 Usa el \u00abargumentum ad naturam\u00bb, la apelaci\u00f3n a lo natural. Esta falacia intenta mostrar que si algo es natural, es bueno, es correcto, si no, no lo es, y por tanto, para el tema de este art\u00edculo, tambi\u00e9n nos olvidamos de otorgarle leyes para defenderlo y protegerlo. Esto falla en dos puntos b\u00e1sicos, primero, que algo sea natural no significa que sea bueno, el \u00e9bola es natural, el c\u00e1ncer tambi\u00e9n, de paso, gen\u00e9tico para m\u00e1s tipos que otros, y no significa que no vamos a hacer algo al respecto, por eso ese argumento es falaz, y es conocido como falacia ad naturam. Segundo, la homosexualidad s\u00ed es natural, lo que impide la igualdad de derechos para homosexuales y heterosexuales, es la mano religiosa en la pol\u00edtica, lo mismo pasa para el tema del aborto, y Correa lo niega sin verg\u00fcenza alguna<\/p>\n<p style=\"text-align: justify\">\u2022 Los creyentes est\u00e1n en su derecho a creer e intentar defender a Dios, pero si hay algo que molesta por su descaro, es intentar justificar una creencia diciendo que es ciencia. Adem\u00e1s de eso, dice que le pregunte a cualquier doctor, como si todos los doctores dijeran que abortar es un \u00abcrimen\u00bb, que est\u00e1 mal.<\/p>\n<p style=\"text-align: justify\">\u2022 El tema del aborto es complejo, pero es claro que Correa no tiene dominio del tema, del lenguaje ni de ciencia. El periodista le toca una arista que est\u00e1 aprobada en varios pa\u00edses, abortar por violaci\u00f3n, y tambi\u00e9n le dice que es el cuerpo de la mujer, que ella decide, a lo cual Correa le da la espalda con respuestas irracionales.<br \/>\nComo el tema es extenso, y ya este art\u00edculo debe ir concluyendo, pero me faltan 4 puntos, no voy a dejar l\u00edneas y l\u00edneas de &#8216;papers&#8217; cient\u00edficos y fuentes que muchos no van a leer, dejar\u00e9 algo m\u00e1s did\u00e1ctico y breve, partiendo del aborto en general, y el caso colombiano particular, con referencias bien documentadas de ciencia, con hechos fundamentados acerca de algunas mentiras sobre el aborto: https:\/\/youtu.be\/85macWLHZ3w<\/p>\n<p style=\"text-align: justify\">\u2022 Correa piensa que la democracia es ver c\u00f3mo las mayor\u00edas aplastan y deciden los derechos de las minor\u00edas. Tremendo revolucionario. Y para los que hasta ahora se enteran de la irracionalidad de este presidente contra la homosexualidad, les cuento que no es nuevo: https:\/\/youtu.be\/Tt1BkckqFAk<\/p>\n<p style=\"text-align: justify\">\u2022 Cree que el adulterio y la verg\u00fcenza son los casos para mencionar, y de paso, usar como referente para negar el derecho al aborto legal, salubre y seguro, cuando lo urgente e importante es que hay mujeres violadas (incluso por sus mismos familiares hijos de Dios), ni\u00f1as y adolescentes, hijos con malformaciones, peligro de muerte para la madre.<\/p>\n<p style=\"text-align: justify\">\u2022 Comparar el matrimonio con la lactancia, solo da m\u00e1s volumen a la ignorancia en bruto de este se\u00f1or. Y quer\u00eda hacer un comentario gracioso acerca de esto, pero esa respuesta es tan pat\u00e9ticamente vergonzosa, que me pas\u00f3 como al medio de parodia venezolano, El Chig\u00fcire Bipolar, cuando Maduro habl\u00f3 con el Comandante Supremo Intergal\u00e1ctico Ch\u00e1vez, en forma de pajarito, y este lo bendijo: es tan desastrozo, que tampoco puedo hacer un chiste con esto (ni me queda \u00e1nimo): https:\/\/goo.gl\/14jufz<\/p>\n<p style=\"text-align: justify\">\u2022 Si hay algo mal en la Constituci\u00f3n, o que as\u00ed lo consideren los gobernantes, no dudan en proponer su cambio, siempre y cuando se ajuste a sus creencias, pero Correa se r\u00ede al decir que \u00e9l hace lo que est\u00e1 en la Constituci\u00f3n, cuando solo hace lo que le conviene.<br \/>\nAhora, como es costumbre en estos personajes, el Presidente ha armado tormentas caprichosas con los medios, y ha ocupado su tiempo, por ejemplo, en hacer que a Crudo Ecuador le llegar\u00e1n sus seguidores, lo amenazaran, insultaran https:\/\/goo.gl\/6o2uzt , e ironicamente terminaran d\u00e1ndole m\u00e1s reconocimiento a su cuenta https:\/\/goo.gl\/oxzTj7 . Recordemos tambi\u00e9n casos como el famoso y divertido momento en que Jhon Oliver le dedica esta parte de su programa: https:\/\/youtu.be\/9EBuYv0ouWA *Si no aparecen los subt\u00edtulos, deben activarlos en las opciones del v\u00eddeo.<br \/>\nSi Correa empleara ese tiempo y recursos en preocuparse por cosas importantes, como los temas de la entrevista&#8230; pero no.<\/p>\n<p style=\"text-align: justify\">Si fuese tan libre, revolucionario y ejemplar, en tanto tiempo que lleva de mandato, hubiese propuesto (o aceptado propuestas) modificaciones para facultar derechos para todos, libertad y justicia, pilares de la manchada izquierda, pero obviamente no lo hizo ni har\u00e1, porque Correa es de la izquierda regresiva.<\/p>\n<p style=\"text-align: justify\">Mary McAleese debe ser un ejemplo en este aspecto para el Presidente Rafael Correa, y claro, para muchos pol\u00edticos. \u00bfQui\u00e9n es y por que la referencia? Bueno, Mary McAleese fue Presidente de la Rep\u00fablica de Irlanda, reelecta en el 2004 (1997-2011), ella es cristiana cat\u00f3lica y ha dado su apoyo para abrir el matrimonio entre homosexuales. La respuesta de esta abogada, periodista y vicerrectora de la Universidad de Queens de Belfast, cuando se le criticaba por motivos religiosos, como lo hizo el cardenal Bernard Law al se\u00f1alarla como \u201cmuy pobre\u201d cat\u00f3lica, fue contundente, un claro ejemplo para la honestidad intelectual y para el laicismo:<\/p>\n<blockquote>\n<p style=\"text-align: center\">No soy una presidenta cat\u00f3lica. Soy la presidenta de Irlanda, donde hay todo tipo de personas, de las cuales soy su presidenta. Y se da la circunstancia de que adem\u00e1s soy cat\u00f3lica.<\/p>\n<\/blockquote>\n<p>*<em>Solo doy respuestas en Facebook.<\/em><\/p>\n<p>Twitter: <a href=\"https:\/\/twitter.com\/chrismewol\" target=\"_blank\">@Chrismewol <\/a>\u00a0\u00a0Facebook: <a href=\"https:\/\/es-la.facebook.com\/Cristhian.Menesesm10\" target=\"_blank\">Cristhian<strong>.<\/strong>Menesesm10<\/a><\/p>\n<p><strong>\u2014Cristhian Meneses<\/strong> (Colombia, 1985).<br \/>\nEscritor, actor, activista y docente. Autor del libro: Notas rebeldes para un mundo sumiso. Disponible en <strong>Amazon<\/strong> \u2014 amzn.to\/1t6LemS \u2014<\/p>\n","protected":false},"excerpt":{"rendered":"<p>El Presidente de Ecuador, Rafael Correa, hace parte de la izquierda regresiva, y como las ideas y movimientos regresivos son el da\u00f1o latente del presente, esto debe recordarse cuando sea requerido, por eso, este es el t\u00f3pico que nos ocupa hoy, debido a que su vigencia va a estar por mucho tiempo, y lo que [&hellip;]<\/p>\n","protected":false},"author":2865,"featured_media":55308,"comment_status":"open","ping_status":"open","sticky":false,"template":"","format":"standard","meta":{"jetpack_post_was_ever_published":false,"_jetpack_newsletter_access":"","_jetpack_dont_email_post_to_subs":true,"_jetpack_newsletter_tier_id":0,"_jetpack_memberships_contains_paywalled_content":false,"_jetpack_memberships_contains_paid_content":false,"footnotes":"","jetpack_publicize_message":"","jetpack_publicize_feature_enabled":true,"jetpack_social_post_already_shared":false,"jetpack_social_options":{"image_generator_settings":{"template":"highway","default_image_id":0,"font":"","enabled":false},"version":2}},"categories":[1],"tags":[461,171,782,261],"class_list":{"0":"post-55307","1":"post","2":"type-post","3":"status-publish","4":"format-standard","5":"has-post-thumbnail","7":"category-azares","8":"tag-homosexualidad","9":"tag-izquierda","10":"tag-rafael-correa","11":"tag-revolucion"},"jetpack_publicize_connections":[],"jetpack_featured_media_url":"https:\/\/i0.wp.com\/www.panfletonegro.com\/v\/wp-content\/uploads\/2016\/11\/CORREA2.jpg?fit=853%2C480&ssl=1","jetpack_shortlink":"https:\/\/wp.me\/sfpCD-55307","jetpack_sharing_enabled":true,"_links":{"self":[{"href":"https:\/\/www.panfletonegro.com\/v\/wp-json\/wp\/v2\/posts\/55307","targetHints":{"allow":["GET"]}}],"collection":[{"href":"https:\/\/www.panfletonegro.com\/v\/wp-json\/wp\/v2\/posts"}],"about":[{"href":"https:\/\/www.panfletonegro.com\/v\/wp-json\/wp\/v2\/types\/post"}],"author":[{"embeddable":true,"href":"https:\/\/www.panfletonegro.com\/v\/wp-json\/wp\/v2\/users\/2865"}],"replies":[{"embeddable":true,"href":"https:\/\/www.panfletonegro.com\/v\/wp-json\/wp\/v2\/comments?post=55307"}],"version-history":[{"count":0,"href":"https:\/\/www.panfletonegro.com\/v\/wp-json\/wp\/v2\/posts\/55307\/revisions"}],"wp:featuredmedia":[{"embeddable":true,"href":"https:\/\/www.panfletonegro.com\/v\/wp-json\/wp\/v2\/media\/55308"}],"wp:attachment":[{"href":"https:\/\/www.panfletonegro.com\/v\/wp-json\/wp\/v2\/media?parent=55307"}],"wp:term":[{"taxonomy":"category","embeddable":true,"href":"https:\/\/www.panfletonegro.com\/v\/wp-json\/wp\/v2\/categories?post=55307"},{"taxonomy":"post_tag","embeddable":true,"href":"https:\/\/www.panfletonegro.com\/v\/wp-json\/wp\/v2\/tags?post=55307"}],"curies":[{"name":"wp","href":"https:\/\/api.w.org\/{rel}","templated":true}]}}