{"id":548,"date":"2007-03-16T23:36:57","date_gmt":"2007-03-17T03:36:57","guid":{"rendered":"http:\/\/www.panfletonegro.com\/v\/2007\/03\/16\/fragiles-dedos\/"},"modified":"2007-03-20T09:47:55","modified_gmt":"2007-03-20T13:47:55","slug":"fragiles-dedos","status":"publish","type":"post","link":"https:\/\/www.panfletonegro.com\/v\/2007\/03\/16\/fragiles-dedos\/","title":{"rendered":"FR\u00c1GILES DEDOS"},"content":{"rendered":"<p>En 1987, el poeta venezolano Jos\u00e9 Jes\u00fas Villa Pelayo escribi\u00f3 un poema sorprendente. Lo he escuchado muchas veces y siempre me conmueve ese eco insatisfecho de amor irrealizable. Es la voz de una dama de ensue\u00f1o, una que \u00e9l imagin\u00f3 durante una noche de pesadillas y equinoccio. El poema fue incluido en su segundo poemario, <em>Nueva York<\/em>, publicado en 1992 por la Universidad Central de Venezuela:<\/p>\n<p>Fr\u00e1giles dedos<\/p>\n<p><em>Si vivieras donde estoy navegar\u00edas hacia m\u00ed.<\/em><br \/>\n<em>Estoy en la India o en Indochina, esperando,<\/em><br \/>\n<em>sentada, y tomando en mi mano una pluma.<\/em><br \/>\n<em>Espero escribirte pronto,<\/em><br \/>\n<em>sin fr\u00e1giles dedos y asustada.<\/em><br \/>\n<em>Estoy all\u00ed,<\/em><br \/>\n<em>donde los gansos y las luci\u00e9rnagas se visten de blanco,<\/em><br \/>\n<em>entre las zaras negras,<\/em><br \/>\n<em>como dir\u00eda Saint-John Perse.<\/em><br \/>\n<em>Y te amo.<\/em><br \/>\n<em>Y dejo que seas t\u00fa quien llegue hasta m\u00ed.<\/em><br \/>\n<em>Por suerte, el verano pasado,<\/em><br \/>\n<em>recostada en el muro de piedras rojas,<\/em><br \/>\n<em>pens\u00e9 ir hasta el destierro, donde te hallas.<\/em><br \/>\n<em>Y las c\u00e1rceles parecieron grises<\/em><br \/>\n<em>y las mazmorras verdes.<\/em><br \/>\n<em>Por ti s\u00e9 que soy libre.<\/em><br \/>\n<em>Por el canto de las aves<\/em><br \/>\n<em>entiendo que el verano llegar\u00e1.<\/em><br \/>\n<em>y s\u00e9, s\u00e9 profundamente,<\/em><br \/>\n<em>que ir a la guerra<\/em><br \/>\n<em>jam\u00e1s dejar\u00e1 en ti una huella.<\/em><br \/>\n<em>La mirada de un c\u00f3ndor senil<\/em><br \/>\n<em>se ha derramado en miles de miradas peque\u00f1as.<\/em><br \/>\n<em>Yo ir\u00e9 hasta all\u00ed,<\/em><br \/>\n<em>con mis fr\u00e1giles dedos, hasta el destierro.<\/em><\/p>\n","protected":false},"excerpt":{"rendered":"<p>En 1987, el poeta venezolano Jos\u00e9 Jes\u00fas Villa Pelayo escribi\u00f3 un poema sorprendente. Lo he escuchado muchas veces y siempre me conmueve ese eco insatisfecho de amor irrealizable. Es la voz de una dama de ensue\u00f1o, una que \u00e9l imagin\u00f3 durante una noche de pesadillas y equinoccio. El poema fue incluido en su segundo poemario, [&hellip;]<\/p>\n","protected":false},"author":175,"featured_media":0,"comment_status":"open","ping_status":"open","sticky":false,"template":"","format":"standard","meta":{"jetpack_post_was_ever_published":false,"_jetpack_newsletter_access":"","_jetpack_dont_email_post_to_subs":false,"_jetpack_newsletter_tier_id":0,"_jetpack_memberships_contains_paywalled_content":false,"_jetpack_memberships_contains_paid_content":false,"footnotes":"","jetpack_publicize_message":"","jetpack_publicize_feature_enabled":true,"jetpack_social_post_already_shared":false,"jetpack_social_options":{"image_generator_settings":{"template":"highway","default_image_id":0,"font":"","enabled":false},"version":2}},"categories":[1],"tags":[],"class_list":{"0":"post-548","1":"post","2":"type-post","3":"status-publish","4":"format-standard","6":"category-azares"},"jetpack_publicize_connections":[],"jetpack_featured_media_url":"","jetpack_shortlink":"https:\/\/wp.me\/pfpCD-8Q","jetpack_sharing_enabled":true,"_links":{"self":[{"href":"https:\/\/www.panfletonegro.com\/v\/wp-json\/wp\/v2\/posts\/548","targetHints":{"allow":["GET"]}}],"collection":[{"href":"https:\/\/www.panfletonegro.com\/v\/wp-json\/wp\/v2\/posts"}],"about":[{"href":"https:\/\/www.panfletonegro.com\/v\/wp-json\/wp\/v2\/types\/post"}],"author":[{"embeddable":true,"href":"https:\/\/www.panfletonegro.com\/v\/wp-json\/wp\/v2\/users\/175"}],"replies":[{"embeddable":true,"href":"https:\/\/www.panfletonegro.com\/v\/wp-json\/wp\/v2\/comments?post=548"}],"version-history":[{"count":0,"href":"https:\/\/www.panfletonegro.com\/v\/wp-json\/wp\/v2\/posts\/548\/revisions"}],"wp:attachment":[{"href":"https:\/\/www.panfletonegro.com\/v\/wp-json\/wp\/v2\/media?parent=548"}],"wp:term":[{"taxonomy":"category","embeddable":true,"href":"https:\/\/www.panfletonegro.com\/v\/wp-json\/wp\/v2\/categories?post=548"},{"taxonomy":"post_tag","embeddable":true,"href":"https:\/\/www.panfletonegro.com\/v\/wp-json\/wp\/v2\/tags?post=548"}],"curies":[{"name":"wp","href":"https:\/\/api.w.org\/{rel}","templated":true}]}}