{"id":54740,"date":"2016-08-25T13:40:05","date_gmt":"2016-08-25T17:40:05","guid":{"rendered":"https:\/\/www.panfletonegro.com\/v\/?p=54740"},"modified":"2016-08-25T13:40:05","modified_gmt":"2016-08-25T17:40:05","slug":"normalizar-la-normal-la-apropiacion-la-reeducacion-comunidad-representantes-pie-lucha-recuperar-liceo-la-normal-san-cristobal","status":"publish","type":"post","link":"https:\/\/www.panfletonegro.com\/v\/2016\/08\/25\/normalizar-la-normal-la-apropiacion-la-reeducacion-comunidad-representantes-pie-lucha-recuperar-liceo-la-normal-san-cristobal\/","title":{"rendered":"Normalizar \u201cla Normal\u201d: de la apropiaci\u00f3n a la reeducaci\u00f3n. Comunidad de representantes en pie de lucha por recuperar el Liceo \u201cLa Normal\u201d de San Crist\u00f3bal"},"content":{"rendered":"<p><strong><img data-recalc-dims=\"1\" loading=\"lazy\" decoding=\"async\" data-attachment-id=\"54741\" data-permalink=\"https:\/\/www.panfletonegro.com\/v\/2016\/08\/25\/normalizar-la-normal-la-apropiacion-la-reeducacion-comunidad-representantes-pie-lucha-recuperar-liceo-la-normal-san-cristobal\/img-20160315-wa0052-1\/\" data-orig-file=\"https:\/\/i0.wp.com\/www.panfletonegro.com\/v\/wp-content\/uploads\/2016\/08\/IMG-20160315-WA0052-1.jpg?fit=1281%2C1281&amp;ssl=1\" data-orig-size=\"1281,1281\" data-comments-opened=\"1\" data-image-meta=\"{&quot;aperture&quot;:&quot;0&quot;,&quot;credit&quot;:&quot;&quot;,&quot;camera&quot;:&quot;&quot;,&quot;caption&quot;:&quot;&quot;,&quot;created_timestamp&quot;:&quot;0&quot;,&quot;copyright&quot;:&quot;&quot;,&quot;focal_length&quot;:&quot;0&quot;,&quot;iso&quot;:&quot;0&quot;,&quot;shutter_speed&quot;:&quot;0&quot;,&quot;title&quot;:&quot;&quot;,&quot;orientation&quot;:&quot;0&quot;}\" data-image-title=\"IMG-20160315-WA0052-1\" data-image-description=\"\" data-image-caption=\"\" data-large-file=\"https:\/\/i0.wp.com\/www.panfletonegro.com\/v\/wp-content\/uploads\/2016\/08\/IMG-20160315-WA0052-1.jpg?fit=696%2C522&amp;ssl=1\" class=\"alignnone size-medium wp-image-54741\" src=\"https:\/\/i0.wp.com\/www.panfletonegro.com\/v\/wp-content\/uploads\/2016\/08\/IMG-20160315-WA0052-1.jpg?resize=640%2C480&#038;ssl=1\" alt=\"IMG-20160315-WA0052-1\" width=\"640\" height=\"480\" srcset=\"https:\/\/i0.wp.com\/www.panfletonegro.com\/v\/wp-content\/uploads\/2016\/08\/IMG-20160315-WA0052-1.jpg?resize=640%2C480&amp;ssl=1 640w, https:\/\/i0.wp.com\/www.panfletonegro.com\/v\/wp-content\/uploads\/2016\/08\/IMG-20160315-WA0052-1.jpg?resize=1024%2C768&amp;ssl=1 1024w, https:\/\/i0.wp.com\/www.panfletonegro.com\/v\/wp-content\/uploads\/2016\/08\/IMG-20160315-WA0052-1.jpg?zoom=2&amp;resize=640%2C480&amp;ssl=1 1280w\" sizes=\"auto, (max-width: 640px) 100vw, 640px\" \/><\/strong><\/p>\n<p>Foto: Maria Duque (El pitazo)<\/p>\n<p>Hace m\u00e1s de dos a\u00f1os, que los estudiantes del Liceo \u201cLa Normal\u201d, actual Escuela T\u00e9cnica Robinsoniana \u201cJuan Antonio Rom\u00e1n Valecillos\u201d, se encuentran \u201cestudiando\u201d fuera del espacio educativo tradicional ubicado en la comunidad de Barrio Sucre; transferidos temporalmente al Liceo Ciclo B\u00e1sico T\u00e1chira, ubicado en otro sector de la parroquia \u201cPedro Mar\u00eda Morantes\u201d y cerca de la Avenida Fortunato G\u00f3mez de las Acacias. Este plantel donde han sido trasladados, aun cuando ha sido prestado y se ha re-acomodado modestamente para atender a la gran cantidad de estudiantes de \u201cLa Normal\u201d m\u00e1s los propios del C. B. T\u00e1chira, veremos que esta aglutinaci\u00f3n forzada advierte sobre espacios e inadecuaci\u00f3n estructural, y eso sin tomar en cuenta que La Normal es una instituci\u00f3n donde egresan T\u00e9cnicos Medios en varias \u00e1reas del quehacer inicialmente profesional dig\u00e1moslo as\u00ed. Es decir, hablamos de una urgente necesidad de preparaci\u00f3n t\u00e9cnico-pedag\u00f3gica necesaria de cara al futuro.<\/p>\n<p>En la nota publicada del pitazo en este a\u00f1o (<a href=\"http:\/\/www.elpitazo.com\/ultimas-noticias\/en-vez-de-banos-letrinas-y-por-pisos-tierra-tienen-escuelas-del-tachira\/\">http:\/\/www.elpitazo.com\/ultimas-noticias\/en-vez-de-banos-letrinas-y-por-pisos-tierra-tienen-escuelas-del-tachira\/<\/a>) en base a\u00a0 denuncias del Colegio de Profesores, se rese\u00f1a lo siguiente:<\/p>\n<p><em>\u201c\u2026El caso del \u201cLiceo J.A. Rom\u00e1n Valecillos\u201d, uno de los m\u00e1s grandes de la ciudad de San Crist\u00f3bal. Seg\u00fan el anuncio del \u201cGobierno en la calle eficiencia o nada\u201d, el monto de inversi\u00f3n era de 12 millones 882 mil 019 con 30 bol\u00edvares, para cumplir con la rehabilitaci\u00f3n de la infraestructura. La instituci\u00f3n fue cerrada desde hace dos a\u00f1os y hasta la fecha no se han registrado avances\u2026\u201d<\/em><\/p>\n<p>Como se puede ver y por lo que se va mencionando en la complejidad de aspectos que conllevan a exacervar ciertos caos, existen malestares que la comunidad de agraviados por tanto tiempo han ido sufriendo desde agresiones f\u00edsicas y violencia hacia los\u201dnuevos estudiantes\u201d, hasta problemas de insalubridad por ba\u00f1os deteriorados, sin mencionar el da\u00f1o que a nivel pedag\u00f3gico y profesional acarrear\u00e1 sobre estos adolescentes apenas en primeros pasos de formaci\u00f3n. Entre las denuncias y situaciones delicadas prsentadas se asoman las siguientes (v\u00e9ase denuncia <a href=\"http:\/\/lanacionweb.com\/regional\/mas-de-dos-semanas-llevan-estudiantes-de-la-roman-valecillos-sin-recibir-clases\/\">http:\/\/lanacionweb.com\/regional\/mas-de-dos-semanas-llevan-estudiantes-de-la-roman-valecillos-sin-recibir-clases\/<\/a> del diario la Naci\u00f3n de marzo del 2015):<\/p>\n<p><em>\u201c\u2026Alrededor de 800 estudiantes de la Rom\u00e1n Valecillos se han visto afectados. Daniel Jaimes indic\u00f3 que por esta situaci\u00f3n han mermado sus horas de preparaci\u00f3n acad\u00e9mica. \u201cNosotros como escuela t\u00e9cnica, formadora en M\u00fasica, Artes Gr\u00e1ficas, Laboratorio Cl\u00ednico y Registro y Estad\u00edstica, no hemos tenido pr\u00e1cticas en laboratorios, de hecho, ya no se practican extracciones sangu\u00edneas, ya que el Ciclo B\u00e1sico T\u00e1chira no cuenta con los laboratorios acondicionados para nosotros\u2026\u201d<\/em><\/p>\n<p>La incompetencia sumada a un posible acto de corrupci\u00f3n (v\u00e9anse denuncias en los diversos medios digitales y seg\u00fan declaraciones diversas, entre otros <a href=\"http:\/\/titles.ws\/venezuela\/ve2016042761590161035221.php\">http:\/\/titles.ws\/venezuela\/ve2016042761590161035221.php<\/a> ) que deber\u00e1n llevarse a resoluci\u00f3n penal de ser necesario, m\u00e1s la lucha importante que es la vecinal y comunitaria organizada con la urgente presi\u00f3n y toma pac\u00edfica \u00a1ya! de los espacios propios que por diversas razones y causales generaron el traslado. \u00a0Atr\u00e1s quedaron las confusas situaciones violentas del 2014 \u2013no aclaradas del todo por parte del gobierno, ni por una \u201ccomisi\u00f3n\u00a0 transparente de la verdad\u201d menos a\u00fan por la impunidad la cual, no posee bando espec\u00edfico porque est\u00e1 en todas partes, hasta en la sociedad misma-. Por otro lado, muchas acciones del 2014 dejaron al pa\u00eds en ebullici\u00f3n, incomprensi\u00f3n, extremismo, cansancio y destrucci\u00f3n.<\/p>\n<p>El a\u00f1o pasado 2015, \u201cLa Normal\u201d convoc\u00f3 a inscripciones de esta forma:\u00a0 <a href=\"http:\/\/lanacionweb.com\/infogeneral\/anuncian-inscripciones-para-e-t-roman-valecillos\/\">http:\/\/lanacionweb.com\/infogeneral\/anuncian-inscripciones-para-e-t-roman-valecillos\/<\/a> . Ya se podr\u00e1 notar la dualidad e inconsistencia del poder manejar dos realidades que pueden transponerse una sobre otra o la otra a su vez.<\/p>\n<p>En todo caso, la situaci\u00f3n concreta actual \u2013ahora- es la siguiente:<\/p>\n<p>Se han realizado cantidades de asambleas de padres-madres, reuniones, \u201cpitazos\u201d y se han generado otros rumores; pero en fin, representantes en pie de lucha, est\u00e1n y deber\u00e1n estar claros en general sobre retomar sus espacios, al parecer hay avances en la reparaci\u00f3n, las cuales \u00a0deben seguirse, pero la comunidad tiene como compromiso asumir la apropiaci\u00f3n de su lugar esencial y presionar para retomar la normalidad educativa de liceo \u201cLa Normal\u201d \u2013 Escuela T\u00e9cnica Robinsoniana \u201cJ.A. Rom\u00e1n Valecillos\u201d; aunque ser\u00eda mejor hablar de reeducaci\u00f3n para replantear \u00e9ticas y reestructuraci\u00f3n pedag\u00f3gico-profesional m\u00e1s all\u00e1 de la precariedad de un sistema gubernamental tan debilitado lamentablemente.<\/p>\n<p>Actualmente se habla de que por decisiones tomadas respectivamente, debe volver su estudiantado (el de \u201cLa Normal\u201d) a su lugar de origen, porque el espacio que ocupan los estudiantes de \u201cLa Normal\u201d en el liceo prestado \u201cCiclo B\u00e1sico T\u00e1chira\u201d a pesar de los graves problemas existentes; han sumado tambi\u00e9n al hacinamiento y la precariedad hacia dentro del propio liceo \u201cCiclo B\u00e1sico T\u00e1chira\u201d a pesar de los mejores esfuerzos que se hayan intentado desde dentro.<\/p>\n<p>Quedar\u00e1n en pie de lucha entonces, los padres y madres de Barrio Sucre y alrededores para retomar el proceso educativo como \u201cdeber ser\u201d y all\u00ed nos veremos, de ser necesario en justo pleito, en reivindicaci\u00f3n, en el asunto de la dignidad retomada y los espacios asumidos de nuevo por la comunidad responsable de sus propios espacios para sus propios hijos-hijas, la utop\u00eda del futuro.<\/p>\n<p>&nbsp;<\/p>\n<p>Por Ender Rodr\u00edguez.<\/p>\n","protected":false},"excerpt":{"rendered":"<p>Foto: Maria Duque (El pitazo) Hace m\u00e1s de dos a\u00f1os, que los estudiantes del Liceo \u201cLa Normal\u201d, actual Escuela T\u00e9cnica Robinsoniana \u201cJuan Antonio Rom\u00e1n Valecillos\u201d, se encuentran \u201cestudiando\u201d fuera del espacio educativo tradicional ubicado en la comunidad de Barrio Sucre; transferidos temporalmente al Liceo Ciclo B\u00e1sico T\u00e1chira, ubicado en otro sector de la parroquia \u201cPedro [&hellip;]<\/p>\n","protected":false},"author":3615,"featured_media":54741,"comment_status":"open","ping_status":"open","sticky":false,"template":"","format":"standard","meta":{"jetpack_post_was_ever_published":false,"_jetpack_newsletter_access":"","_jetpack_dont_email_post_to_subs":false,"_jetpack_newsletter_tier_id":0,"_jetpack_memberships_contains_paywalled_content":false,"_jetpack_memberships_contains_paid_content":false,"footnotes":"","jetpack_publicize_message":"","jetpack_publicize_feature_enabled":true,"jetpack_social_post_already_shared":false,"jetpack_social_options":{"image_generator_settings":{"template":"highway","default_image_id":0,"font":"","enabled":false},"version":2}},"categories":[1],"tags":[],"class_list":{"0":"post-54740","1":"post","2":"type-post","3":"status-publish","4":"format-standard","5":"has-post-thumbnail","7":"category-azares"},"jetpack_publicize_connections":[],"jetpack_featured_media_url":"https:\/\/i0.wp.com\/www.panfletonegro.com\/v\/wp-content\/uploads\/2016\/08\/IMG-20160315-WA0052-1.jpg?fit=1281%2C1281&ssl=1","jetpack_shortlink":"https:\/\/wp.me\/pfpCD-eeU","jetpack_sharing_enabled":true,"_links":{"self":[{"href":"https:\/\/www.panfletonegro.com\/v\/wp-json\/wp\/v2\/posts\/54740","targetHints":{"allow":["GET"]}}],"collection":[{"href":"https:\/\/www.panfletonegro.com\/v\/wp-json\/wp\/v2\/posts"}],"about":[{"href":"https:\/\/www.panfletonegro.com\/v\/wp-json\/wp\/v2\/types\/post"}],"author":[{"embeddable":true,"href":"https:\/\/www.panfletonegro.com\/v\/wp-json\/wp\/v2\/users\/3615"}],"replies":[{"embeddable":true,"href":"https:\/\/www.panfletonegro.com\/v\/wp-json\/wp\/v2\/comments?post=54740"}],"version-history":[{"count":0,"href":"https:\/\/www.panfletonegro.com\/v\/wp-json\/wp\/v2\/posts\/54740\/revisions"}],"wp:featuredmedia":[{"embeddable":true,"href":"https:\/\/www.panfletonegro.com\/v\/wp-json\/wp\/v2\/media\/54741"}],"wp:attachment":[{"href":"https:\/\/www.panfletonegro.com\/v\/wp-json\/wp\/v2\/media?parent=54740"}],"wp:term":[{"taxonomy":"category","embeddable":true,"href":"https:\/\/www.panfletonegro.com\/v\/wp-json\/wp\/v2\/categories?post=54740"},{"taxonomy":"post_tag","embeddable":true,"href":"https:\/\/www.panfletonegro.com\/v\/wp-json\/wp\/v2\/tags?post=54740"}],"curies":[{"name":"wp","href":"https:\/\/api.w.org\/{rel}","templated":true}]}}