{"id":54239,"date":"2016-06-17T23:25:28","date_gmt":"2016-06-18T03:25:28","guid":{"rendered":"https:\/\/www.panfletonegro.com\/v\/?p=54239"},"modified":"2016-06-22T07:20:27","modified_gmt":"2016-06-22T11:20:27","slug":"54239","status":"publish","type":"post","link":"https:\/\/www.panfletonegro.com\/v\/2016\/06\/17\/54239\/","title":{"rendered":"El orden de los factores"},"content":{"rendered":"<p style=\"text-align: justify\"><img data-recalc-dims=\"1\" loading=\"lazy\" decoding=\"async\" data-attachment-id=\"54240\" data-permalink=\"https:\/\/www.panfletonegro.com\/v\/2016\/06\/17\/54239\/el-orden-de-los-factores\/\" data-orig-file=\"https:\/\/i0.wp.com\/www.panfletonegro.com\/v\/wp-content\/uploads\/2016\/06\/El-orden-de-los-factores.jpg?fit=600%2C400&amp;ssl=1\" data-orig-size=\"600,400\" data-comments-opened=\"1\" data-image-meta=\"{&quot;aperture&quot;:&quot;0&quot;,&quot;credit&quot;:&quot;&quot;,&quot;camera&quot;:&quot;&quot;,&quot;caption&quot;:&quot;&quot;,&quot;created_timestamp&quot;:&quot;0&quot;,&quot;copyright&quot;:&quot;&quot;,&quot;focal_length&quot;:&quot;0&quot;,&quot;iso&quot;:&quot;0&quot;,&quot;shutter_speed&quot;:&quot;0&quot;,&quot;title&quot;:&quot;&quot;,&quot;orientation&quot;:&quot;1&quot;}\" data-image-title=\"El orden de los factores\" data-image-description=\"\" data-image-caption=\"\" data-large-file=\"https:\/\/i0.wp.com\/www.panfletonegro.com\/v\/wp-content\/uploads\/2016\/06\/El-orden-de-los-factores.jpg?fit=600%2C400&amp;ssl=1\" class=\"aligncenter size-full wp-image-54240\" src=\"https:\/\/i0.wp.com\/www.panfletonegro.com\/v\/wp-content\/uploads\/2016\/06\/El-orden-de-los-factores.jpg?resize=600%2C400&#038;ssl=1\" alt=\"El orden de los factores\" width=\"600\" height=\"400\" \/><\/p>\n<p style=\"text-align: justify\">La frase que titula este escrito es una m\u00e1xima en las matem\u00e1ticas. Desde que tenemos uso de raz\u00f3n la venimos escuchando y nuestros maestros y profesores la pronunciaban con solemnidad como si de un mantra se tratara. Sin embargo esto no aplica en otros \u00e1mbitos del quehacer humano. En muchos otros aspectos el orden de los factores es cr\u00edtico para obtener el resultado pretendido.<!--more--><\/p>\n<p style=\"text-align: justify\">En particular los reg\u00edmenes socio-comunistas pregonan que producto de imponer gobiernos tales, se generar\u00e1 el \u00abhombre nuevo\u00bb. La descripci\u00f3n de un \u00abhombre nuevo\u00bb se aproxima a un ser impoluto, incorruptible, a una suerte de alma elevada de la cual ha sido desalojado el ego\u00edsmo, la ambici\u00f3n, la codicia.<\/p>\n<p style=\"text-align: justify\">A trav\u00e9s de la existencia de este hombre se transformar\u00e1 toda la humanidad y la promesa final se asemeja a una vuelta al paraiso terrenal, en el que ya todas nuestras penas y necesidades estar\u00e1n resueltas. Todos disfrutaremos de la mayor suma de felicidad. Claro que esto toma tiempo. Pregunten en Cuba.<\/p>\n<p style=\"text-align: justify\">Pero algunos nos ponemos necios y no nos convence el asunto. En vez de someternos a este plan divino, nos empezamos a hacer preguntas. \u00bfC\u00f3mo y cu\u00e1ndo surgir\u00e1 el primer hombre nuevo? \u00bfLo entrevistaran por la tele? \u00bfPublicar\u00e1 en su twitter (@hombrenuevo) todo el d\u00eda parabienes y consejos para sus cong\u00e9neres menos \u00abnuevos\u00bb? \u00bfComo lo reconoceremos? \u00bfTendr\u00e1 como nosotros dos brazos y dos piernas? \u00bfTendr\u00e1 un monitor heur\u00edstico a la vista en donde podamos ver todos sus sentimientos, pensamientos e intenciones? Eso ser\u00eda contundente.<\/p>\n<p style=\"text-align: justify\">Pero yendo un poco mas atr\u00e1s, \u00bfQui\u00e9n o qui\u00e9nes producir\u00e1n ese ser tan maravilloso? \u00bfD\u00f3nde queda la f\u00e1brica? Se me ocurre que los operarios de esa in\u00e9dita linea de producci\u00f3n tienen que ser incluso mejores que el \u00abhombre nuevo\u00bb que producen. Tiene sentido. Al menos deben contar con la sabidur\u00eda necesaria para tan magna tarea. Lo que llaman el \u00abknow how\u00bb. De lo contrario \u00bfC\u00f3mo sabr\u00edan si el producto es satisfactorio?<\/p>\n<p style=\"text-align: justify\">\u00cdbamos bien, pero con tanta duda se me caen todas las esperanzas de que el globo terr\u00e1queo se inunde de \u00abhombres nuevos\u00bb. Y es que en el mundo de la pol\u00edtica la propiedad commutativa, lamentablemente, no se cumple. As\u00ed que tenemos que:<\/p>\n<h4 style=\"text-align: center\"><strong>socialismo + hombre nuevo &lt;&gt; hombre nuevo + socialismo<\/strong><\/h4>\n<p style=\"text-align: justify\">No da lo mismo colocar como primer t\u00e9rmino al socialismo que colocar al hombre nuevo en dicho lugar. En su naturaleza un r\u00e9gimen socio-comunista requiere indefectiblemente de la existencia previa de muchos \u00abhombres nuevos\u00bb que est\u00e9n al servicio de los ciudadanos de forma desinteresada. Que su vida la dediquen a darle a cada quien seg\u00fan sus necesidades.<\/p>\n<p style=\"text-align: justify\">Las n\u00f3minas de la burocracia estatal tendr\u00edan que estar repletas de estas mujeres y hombres \u00abnuevos\u00bb incapaces de sucumbir a la tentaci\u00f3n de hacerse de un dinero a pesar de toda la discrecionalidad de la que est\u00e1n investidos, despu\u00e9s de desnudar de toda institucionalidad al Estado burg\u00e9s.<\/p>\n<p style=\"text-align: justify\">Si no invertimos los factores el resultado de la f\u00f3rmula es otro y ya lo conocemos: Pueblos sometidos a la pobreza, escasez, precariedades y familias con apellidos Castro, Chavez, Cabello, Maduro, etc. con inmensas fortunas clandestinas, cuyos miembros reprobaron el examen del \u00abhombre nuevo\u00bb.<\/p>\n<p style=\"text-align: justify\">Primero discutamos el sistema de acreditaci\u00f3n al \u00abhombre nuevo\u00bb y luego hablamos de socio-comunismo. Es m\u00e1s, si logramos el \u00abhombre nuevo\u00bb, sospecho que no har\u00e1 falta ni gobierno. Pero primero lo primero. \u00bfLes parece?<\/p>\n<p style=\"text-align: justify\">Agradecido.<\/p>\n","protected":false},"excerpt":{"rendered":"<p>La frase que titula este escrito es una m\u00e1xima en las matem\u00e1ticas. Desde que tenemos uso de raz\u00f3n la venimos escuchando y nuestros maestros y profesores la pronunciaban con solemnidad como si de un mantra se tratara. Sin embargo esto no aplica en otros \u00e1mbitos del quehacer humano. En muchos otros aspectos el orden de [&hellip;]<\/p>\n","protected":false},"author":3453,"featured_media":54240,"comment_status":"open","ping_status":"open","sticky":false,"template":"","format":"standard","meta":{"jetpack_post_was_ever_published":false,"_jetpack_newsletter_access":"","_jetpack_dont_email_post_to_subs":false,"_jetpack_newsletter_tier_id":0,"_jetpack_memberships_contains_paywalled_content":false,"_jetpack_memberships_contains_paid_content":false,"footnotes":"","jetpack_publicize_message":"","jetpack_publicize_feature_enabled":true,"jetpack_social_post_already_shared":false,"jetpack_social_options":{"image_generator_settings":{"template":"highway","default_image_id":0,"font":"","enabled":false},"version":2}},"categories":[3],"tags":[811,4508],"class_list":{"0":"post-54239","1":"post","2":"type-post","3":"status-publish","4":"format-standard","5":"has-post-thumbnail","7":"category-descontento","8":"tag-comunismo","9":"tag-hombre-nuevo"},"jetpack_publicize_connections":[],"jetpack_featured_media_url":"https:\/\/i0.wp.com\/www.panfletonegro.com\/v\/wp-content\/uploads\/2016\/06\/El-orden-de-los-factores.jpg?fit=600%2C400&ssl=1","jetpack_shortlink":"https:\/\/wp.me\/sfpCD-54239","jetpack_sharing_enabled":true,"_links":{"self":[{"href":"https:\/\/www.panfletonegro.com\/v\/wp-json\/wp\/v2\/posts\/54239","targetHints":{"allow":["GET"]}}],"collection":[{"href":"https:\/\/www.panfletonegro.com\/v\/wp-json\/wp\/v2\/posts"}],"about":[{"href":"https:\/\/www.panfletonegro.com\/v\/wp-json\/wp\/v2\/types\/post"}],"author":[{"embeddable":true,"href":"https:\/\/www.panfletonegro.com\/v\/wp-json\/wp\/v2\/users\/3453"}],"replies":[{"embeddable":true,"href":"https:\/\/www.panfletonegro.com\/v\/wp-json\/wp\/v2\/comments?post=54239"}],"version-history":[{"count":0,"href":"https:\/\/www.panfletonegro.com\/v\/wp-json\/wp\/v2\/posts\/54239\/revisions"}],"wp:featuredmedia":[{"embeddable":true,"href":"https:\/\/www.panfletonegro.com\/v\/wp-json\/wp\/v2\/media\/54240"}],"wp:attachment":[{"href":"https:\/\/www.panfletonegro.com\/v\/wp-json\/wp\/v2\/media?parent=54239"}],"wp:term":[{"taxonomy":"category","embeddable":true,"href":"https:\/\/www.panfletonegro.com\/v\/wp-json\/wp\/v2\/categories?post=54239"},{"taxonomy":"post_tag","embeddable":true,"href":"https:\/\/www.panfletonegro.com\/v\/wp-json\/wp\/v2\/tags?post=54239"}],"curies":[{"name":"wp","href":"https:\/\/api.w.org\/{rel}","templated":true}]}}