{"id":53865,"date":"2016-05-11T21:48:16","date_gmt":"2016-05-12T01:48:16","guid":{"rendered":"https:\/\/www.panfletonegro.com\/v\/?p=53865"},"modified":"2016-05-11T22:03:06","modified_gmt":"2016-05-12T02:03:06","slug":"53865","status":"publish","type":"post","link":"https:\/\/www.panfletonegro.com\/v\/2016\/05\/11\/53865\/","title":{"rendered":"ChaVeztias o MaBurristas?"},"content":{"rendered":"<p>Seguir el legado del presidente Ch\u00e1vez? pienso que el legado se lleva en la sangre, la crianza\/educaci\u00f3n y el libre albedr\u00edo lo reafirmar\u00e1, no imponiendo como un cavern\u00edcola acontecimientos sin ver ambas caras de la moneda, es como bautizar a un ni\u00f1o desde peque\u00f1o y hasta beb\u00e9 por seguir la tradici\u00f3n cat\u00f3lica de una familia en vez de mostrarle las distintas religiones del mundo y despu\u00e9s de ser orientado por un adulto de forma objetiva, decidir\u00e1 en que o quien creer y no deber\u00eda ser mal visto por los dem\u00e1s o darle pena bautizarse despu\u00e9s de viejo como dicen, mis respetos al difunto pero creo que si estuviera vivo no le gustar\u00eda que lo siguieran mencionando despu\u00e9s de lo que ha hecho este gobierno, tanto que lo mencionan despu\u00e9s de su muerte como grabadoras, dudo si estuviera vivo apoyara todav\u00eda \u00e9sto y si lo hiciese se alejar\u00eda mucho de lo que alg\u00fan d\u00eda pudo haber luchado por una utop\u00eda, tanto que hablan de legado y no ven el legado de su supuesto socialismo o comunismo en otros pa\u00edses que dependiendo de la mentalidad de las personas puede ser un arma de doble filo sumamente letal, lo de la Misi\u00f3n Vivienda le est\u00e1n dando la oportunidad de obtener t\u00edtulo de propiedad sobre eso y lo que hacen es asustarlos de que le van a quitar el apartamento, por dios, si lleg\u00e1se a pasar hasta uno mismo protestar\u00eda por ustedes apenas hablen de re ubicaci\u00f3n o algo parecido as\u00ed que dudo que la oposici\u00f3n se ponga a inventar con eso, guerra econ\u00f3mica? Estados Unidos no est\u00e1 en la obligaci\u00f3n de comprarnos petr\u00f3leo sino les da la gana, hace tiempo ten\u00edan que hacerse cuenta que no lo tenemos e invertir otras maneras de producir, no a \u00faltima hora y repitiendo \u00abes que la guerra econ\u00f3mica&#8230;\u00bb balurdos, no digo que no haya una mano peluda en donde la oposici\u00f3n est\u00e9 en una especie de conspiraci\u00f3n con eso, pero si de verdad las cosas funcionaran, esas relaciones con el \u00abimperio\u00bb nos fueran indiferentes. Luisa Ortega, Tibisay Lucena, Jorge Rodr\u00edguez y Diosdado Cabello, s\u00e9 que tienen un lugar VIP cada uno en el infierno, no menciono al otro porque puede defenderse cuando lo interroguen y decir que fue un monigote de la \u00abroboluci\u00f3n\u00bb<\/p>\n","protected":false},"excerpt":{"rendered":"<p>Seguir el legado del presidente Ch\u00e1vez? pienso que el legado se lleva en la sangre, la crianza\/educaci\u00f3n y el libre albedr\u00edo lo reafirmar\u00e1, no imponiendo como un cavern\u00edcola acontecimientos sin ver ambas caras de la moneda, es como bautizar a un ni\u00f1o desde peque\u00f1o y hasta beb\u00e9 por seguir la tradici\u00f3n cat\u00f3lica de una familia [&hellip;]<\/p>\n","protected":false},"author":3743,"featured_media":0,"comment_status":"open","ping_status":"open","sticky":false,"template":"","format":"standard","meta":{"jetpack_post_was_ever_published":false,"_jetpack_newsletter_access":"","_jetpack_dont_email_post_to_subs":false,"_jetpack_newsletter_tier_id":0,"_jetpack_memberships_contains_paywalled_content":false,"_jetpack_memberships_contains_paid_content":false,"footnotes":"","jetpack_publicize_message":"","jetpack_publicize_feature_enabled":true,"jetpack_social_post_already_shared":false,"jetpack_social_options":{"image_generator_settings":{"template":"highway","default_image_id":0,"font":"","enabled":false},"version":2}},"categories":[3],"tags":[3107,514],"class_list":{"0":"post-53865","1":"post","2":"type-post","3":"status-publish","4":"format-standard","6":"category-descontento","7":"tag-crisis-en-venezuela","8":"tag-politica-en-venezuela"},"jetpack_publicize_connections":[],"jetpack_featured_media_url":"","jetpack_shortlink":"https:\/\/wp.me\/sfpCD-53865","jetpack_sharing_enabled":true,"_links":{"self":[{"href":"https:\/\/www.panfletonegro.com\/v\/wp-json\/wp\/v2\/posts\/53865","targetHints":{"allow":["GET"]}}],"collection":[{"href":"https:\/\/www.panfletonegro.com\/v\/wp-json\/wp\/v2\/posts"}],"about":[{"href":"https:\/\/www.panfletonegro.com\/v\/wp-json\/wp\/v2\/types\/post"}],"author":[{"embeddable":true,"href":"https:\/\/www.panfletonegro.com\/v\/wp-json\/wp\/v2\/users\/3743"}],"replies":[{"embeddable":true,"href":"https:\/\/www.panfletonegro.com\/v\/wp-json\/wp\/v2\/comments?post=53865"}],"version-history":[{"count":0,"href":"https:\/\/www.panfletonegro.com\/v\/wp-json\/wp\/v2\/posts\/53865\/revisions"}],"wp:attachment":[{"href":"https:\/\/www.panfletonegro.com\/v\/wp-json\/wp\/v2\/media?parent=53865"}],"wp:term":[{"taxonomy":"category","embeddable":true,"href":"https:\/\/www.panfletonegro.com\/v\/wp-json\/wp\/v2\/categories?post=53865"},{"taxonomy":"post_tag","embeddable":true,"href":"https:\/\/www.panfletonegro.com\/v\/wp-json\/wp\/v2\/tags?post=53865"}],"curies":[{"name":"wp","href":"https:\/\/api.w.org\/{rel}","templated":true}]}}