{"id":53732,"date":"2016-04-25T09:26:59","date_gmt":"2016-04-25T13:56:59","guid":{"rendered":"http:\/\/www.panfletonegro.com\/v\/?p=53732"},"modified":"2016-04-26T04:50:38","modified_gmt":"2016-04-26T09:20:38","slug":"carlos-rangel-in-memoriam","status":"publish","type":"post","link":"https:\/\/www.panfletonegro.com\/v\/2016\/04\/25\/carlos-rangel-in-memoriam\/","title":{"rendered":"Carlos Rangel, in mem\u00f3riam"},"content":{"rendered":"<p><a href=\"http:\/\/www.panfletonegro.com\/v\/2016\/04\/25\/carlos-rangel-in-memoriam\/attachment\/1460318660185\/#main\" rel=\"attachment wp-att-53733\"><img data-recalc-dims=\"1\" loading=\"lazy\" decoding=\"async\" data-attachment-id=\"53733\" data-permalink=\"https:\/\/www.panfletonegro.com\/v\/2016\/04\/25\/carlos-rangel-in-memoriam\/attachment\/1460318660185\/\" data-orig-file=\"https:\/\/i0.wp.com\/www.panfletonegro.com\/v\/wp-content\/uploads\/2016\/04\/1460318660185.jpg?fit=928%2C522&amp;ssl=1\" data-orig-size=\"928,522\" data-comments-opened=\"1\" data-image-meta=\"{&quot;aperture&quot;:&quot;0&quot;,&quot;credit&quot;:&quot;&quot;,&quot;camera&quot;:&quot;&quot;,&quot;caption&quot;:&quot;&quot;,&quot;created_timestamp&quot;:&quot;0&quot;,&quot;copyright&quot;:&quot;&quot;,&quot;focal_length&quot;:&quot;0&quot;,&quot;iso&quot;:&quot;0&quot;,&quot;shutter_speed&quot;:&quot;0&quot;,&quot;title&quot;:&quot;&quot;,&quot;orientation&quot;:&quot;0&quot;}\" data-image-title=\"1460318660185\" data-image-description=\"\" data-image-caption=\"\" data-large-file=\"https:\/\/i0.wp.com\/www.panfletonegro.com\/v\/wp-content\/uploads\/2016\/04\/1460318660185.jpg?fit=696%2C392&amp;ssl=1\" class=\"wp-image-53733 aligncenter\" src=\"https:\/\/i0.wp.com\/www.panfletonegro.com\/v\/wp-content\/uploads\/2016\/04\/1460318660185.jpg?resize=696%2C392\" alt=\"1460318660185\" width=\"696\" height=\"392\" srcset=\"https:\/\/i0.wp.com\/www.panfletonegro.com\/v\/wp-content\/uploads\/2016\/04\/1460318660185.jpg?w=928&amp;ssl=1 928w, https:\/\/i0.wp.com\/www.panfletonegro.com\/v\/wp-content\/uploads\/2016\/04\/1460318660185.jpg?resize=768%2C432&amp;ssl=1 768w\" sizes=\"auto, (max-width: 696px) 100vw, 696px\" \/><\/a><\/p>\n<p>Gran pensador pol\u00edtico, desmontador de mitos, bestia negra de los extremismos, visionario. Ya para 1976 predijo todo lo que iba a pasar. Venezuela no logr\u00f3 dar el salto. En esa \u00e9poca, quiz\u00e1s en el cl\u00edmax de su desarrollo relativo, ya este hombre vio como la pulsi\u00f3n de barbarie, la necesidad de un mes\u00edas y la desmemoria tan propias del venezolano nos arrastrar\u00edan hasta el lodazal donde estamos. Escucharle en la \u00e9poca hubiera sido propio de personas que no fuimos ni somos aun. Nos explic\u00f3 adem\u00e1s como gran parte del ideario pol\u00edtico, no solo venezolano sino latinoamericano, tanto de derecha como de las izquierdas, es una elaborada falacia compensatoria para echarle la culpa al otro. Jam\u00e1s el fracaso y el complejo de inferioridad han sido analizados tan quir\u00fargicamente en este pa\u00eds. Jam\u00e1s dos dedos llenos de sal gorda y vinagre fueron introducidos en una herida abierta tan profundamente, por eso quiz\u00e1s es que duele tanto. Su libro que lo catapult\u00f3 a la fama, Del buen salvaje al buen revolucionario, fue \u201cprohibido por dictaduras de derecha y quemado por la extrema izquierda\u201d. \u00a1Vaya credenciales para un pensador independiente! El objeto de todas las frustraciones en aquella \u00e9poca se posaban exclusivamente sobre el imperialismo yanqui que existe pero no como causa de nuestro subdesarrollo sino como consecuencia de nuestra propia debilidad. Hoy en d\u00eda junto con esto (\u00a1faltara mas!) tambi\u00e9n sirven un par de iguanas, El Ni\u00f1o o ponga-usted-ac\u00e1-cualquier-teor\u00eda-conspiratoria-descabellada \u00bfSigno de decadencia o signo de los tiempos? Hay que tener coraje para ser agorero en \u00e9pocas boyantes y esa \u00e9poca sin duda lo fue. Como quiz\u00e1s no vuelva a pasar m\u00e1s en este pa\u00eds. Solo quien est\u00e1 en los hombros de un gigante puede ver m\u00e1s all\u00e1 del bien y del mal.<\/p>\n<p>&nbsp;<\/p>\n<p>&nbsp;<\/p>\n<p>http:\/\/patanium.wordpress.com<\/p>\n","protected":false},"excerpt":{"rendered":"<p>Gran pensador pol\u00edtico, desmontador de mitos, bestia negra de los extremismos, visionario. Ya para 1976 predijo todo lo que iba a pasar. Venezuela no logr\u00f3 dar el salto. En esa \u00e9poca, quiz\u00e1s en el cl\u00edmax de su desarrollo relativo, ya este hombre vio como la pulsi\u00f3n de barbarie, la necesidad de un mes\u00edas y la [&hellip;]<\/p>\n","protected":false},"author":1973,"featured_media":53733,"comment_status":"open","ping_status":"open","sticky":false,"template":"","format":"standard","meta":{"jetpack_post_was_ever_published":false,"_jetpack_newsletter_access":"","_jetpack_dont_email_post_to_subs":false,"_jetpack_newsletter_tier_id":0,"_jetpack_memberships_contains_paywalled_content":false,"_jetpack_memberships_contains_paid_content":false,"footnotes":"","jetpack_publicize_message":"","jetpack_publicize_feature_enabled":true,"jetpack_social_post_already_shared":false,"jetpack_social_options":{"image_generator_settings":{"template":"highway","default_image_id":0,"font":"","enabled":false},"version":2}},"categories":[1],"tags":[],"class_list":{"0":"post-53732","1":"post","2":"type-post","3":"status-publish","4":"format-standard","5":"has-post-thumbnail","7":"category-azares"},"jetpack_publicize_connections":[],"jetpack_featured_media_url":"https:\/\/i0.wp.com\/www.panfletonegro.com\/v\/wp-content\/uploads\/2016\/04\/1460318660185.jpg?fit=928%2C522&ssl=1","jetpack_shortlink":"https:\/\/wp.me\/pfpCD-dYE","jetpack_sharing_enabled":true,"_links":{"self":[{"href":"https:\/\/www.panfletonegro.com\/v\/wp-json\/wp\/v2\/posts\/53732","targetHints":{"allow":["GET"]}}],"collection":[{"href":"https:\/\/www.panfletonegro.com\/v\/wp-json\/wp\/v2\/posts"}],"about":[{"href":"https:\/\/www.panfletonegro.com\/v\/wp-json\/wp\/v2\/types\/post"}],"author":[{"embeddable":true,"href":"https:\/\/www.panfletonegro.com\/v\/wp-json\/wp\/v2\/users\/1973"}],"replies":[{"embeddable":true,"href":"https:\/\/www.panfletonegro.com\/v\/wp-json\/wp\/v2\/comments?post=53732"}],"version-history":[{"count":0,"href":"https:\/\/www.panfletonegro.com\/v\/wp-json\/wp\/v2\/posts\/53732\/revisions"}],"wp:featuredmedia":[{"embeddable":true,"href":"https:\/\/www.panfletonegro.com\/v\/wp-json\/wp\/v2\/media\/53733"}],"wp:attachment":[{"href":"https:\/\/www.panfletonegro.com\/v\/wp-json\/wp\/v2\/media?parent=53732"}],"wp:term":[{"taxonomy":"category","embeddable":true,"href":"https:\/\/www.panfletonegro.com\/v\/wp-json\/wp\/v2\/categories?post=53732"},{"taxonomy":"post_tag","embeddable":true,"href":"https:\/\/www.panfletonegro.com\/v\/wp-json\/wp\/v2\/tags?post=53732"}],"curies":[{"name":"wp","href":"https:\/\/api.w.org\/{rel}","templated":true}]}}