{"id":53176,"date":"2016-03-07T19:39:42","date_gmt":"2016-03-08T00:09:42","guid":{"rendered":"http:\/\/www.panfletonegro.com\/v\/?p=53176"},"modified":"2016-06-05T01:59:35","modified_gmt":"2016-06-05T05:59:35","slug":"53176","status":"publish","type":"post","link":"https:\/\/www.panfletonegro.com\/v\/2016\/03\/07\/53176\/","title":{"rendered":"Dogma, feminismo \u2018poser\u2019 y A. Atea Ecuatoriana: Relato particular de la censura \u2018feminista\u2019 global"},"content":{"rendered":"<blockquote>\n<p style=\"text-align: center\">El gran Hitchens dec\u00eda: <em>\u2018N<\/em><em>unca seas un espectador de la injusticia o la estupidez\u2019.<\/em><\/p>\n<\/blockquote>\n<p style=\"text-align: justify\">Sigue la inquisici\u00f3n virtual, bloqueos, denuncias y censura, solo por exponer manipulaciones de los predicadores \u2018guerreros de justicia social\u2019. Todos los odios deben ser combatidos, porque el ser humano debe acceder a todos los derechos.\u00a0Mucha gente se divierte y se cree muy \u00abinteligente\u00bb se\u00f1alando errores de los dem\u00e1s, pero en cuanto les se\u00f1alas los errores a esa gente, \u00a0y carecen de honestidad y razones, de inmediato buscan justificarse, usan su estrategia de inventarle posturas al emisor, para gritar y ocultar su ausencia de conocimiento, ausencia que no les permite defender sus erradas visiones, ya que, evidentemente: est\u00e1n equivocados.<\/p>\n<p style=\"text-align: justify\">Cobijados por la \u00abvalent\u00eda\u00bb detr\u00e1s de un teclado, la moda de los \u00abguerreros de justicia social\u00bb (Social Justice Warriors: SJW&#8217;s), los \u00abposers\u00bb -el famoso postureo-, l\u00edderes reaccionarios sin conocimiento, los grupos en internet van destruyendo la cordura por la que se debe luchar d\u00eda a d\u00eda, afuera, en el mundo real, y en su trayectoria, manchan m\u00e1s las etiquetas que pretenden salvar. Lo m\u00e1s desagradable es cuando, no contentos con esto, te empiezan a denunciar publicaciones y esto te lleva al bloqueo de tu plataforma de \u00ablibre expresi\u00f3n\u00bb en las redes sociales. Lo que no saben esos personajes, es que luego puede ser mejor, y su ignorancia e insolencia se hace m\u00e1s p\u00fablica, m\u00e1s conocida, revelando ampliamente lo que intentaron censurar, y eso es lo que va a pasar ac\u00e1, en este momento, veamos si ahora pueden censurar esto, est\u00e1n invitados.<\/p>\n<p style=\"text-align: justify\">Ya me han bloqueado\u00a0en Twitter antes, por FemFreq, Jonathan McIntosh, Anita Sarkeesian, los \u00abSJW&#8217;s\u00bb, entre otros, y ahora que estuve una semana bloqueado por denuncias falsas en Facebook, por parte de personas feligresas del desconocimiento, us\u00e9 el tiempo mutilado en mis redes, para contar con m\u00e1s profundidad la situaci\u00f3n, y as\u00ed mismo recordar que es por estos ataques a la libertad de expresi\u00f3n, de conocimiento y de causas justas, que siempre es necesario enfrentar y revelar a estas personas y grupos, ya que est\u00e1n envenenando la cultura con su manipulaci\u00f3n, y por medio de una herramienta que reproduce m\u00e1s ignorancia y mentiras d\u00eda a d\u00eda: las redes sociales. Ej\u00e9rcitos de manipuladores envenenan y adoctrinan nuevos ej\u00e9rcitos de irresponsables, por ende, usar tiempo para enfrentarlos, es m\u00e1s que urgente y justo, es necesario.<\/p>\n<p style=\"text-align: justify\">Todo este estilo de censurar lo que incomoda, de denunciar en las redes, porque es cierto lo expresado y derrumba el populismo de los inquisidores de turno, pasa, entre otras razones, porque los denunciantes suelen manifestar sus ideas por moda, porque superficialmente se presume como \u00abbonito\u00bb, \u00abdulce\u00bb, porque creen que los convierte en \u00abrevolucionarios\u00bb para mostrarse como \u00abluchadores\u00bb, pero no tienen ni idea de lo que hablan, no aceptan hechos, se convierten en lo que critican, y hasta superan la ignorancia que creen estar denunciando en otros temas.<\/p>\n<p style=\"text-align: justify\">Esto pasa en muchos grupos, pero voy a enfocar el tema en la Asociaci\u00f3n Atea Ecuatoriana (AAE), ya que es el caso m\u00e1s reciente en que me he visto involucrado, y resume toda la insolencia e impotencia de los grupos que hacen ruido, mucho ruido, pero no tienen contenido, ejemplo, cultura, ni la coherencia que deber\u00eda tener un sector discriminado por siglos.<\/p>\n<p style=\"text-align: justify\">Sin m\u00e1s pre\u00e1mbulo, intentar\u00e9 resumir la situaci\u00f3n, y as\u00ed mostrar lo que no debe pasar en este tipo de grupos, y aclaro, para los manipuladores de oficio, lo que no debe pasar no es que no me expulsen, censuren y difamen, solo por mostrar los hechos, la verdad conocida por medio de las evidencias, no, no es eso, lo que no debe pasar es que grupos de supuestos \u00ablibrepensadores que exigen libertad de expresi\u00f3n\u00bb, usen las mismas artima\u00f1as de grupos dogm\u00e1ticos cerrados frente a las pruebas. Lo que no debe pasar es que no usen el pensamiento cr\u00edtico, que usen una racionalidad parcial, <a href=\"http:\/\/www.youtube.com\/playlist?list=PLQJW3WMsx1q1OkWXNYx0Oozq6fpNCvvKZ\" target=\"_blank\">eligiendo qu\u00e9 error critican y qu\u00e9 error quieren defender.<\/a><\/p>\n<p>&nbsp;<\/p>\n<p style=\"text-align: justify\">En la AAE suponen que el feminismo no tiene errores, como lo puede tener cualquier grupo con divisiones irracionales. Desconocen que se han manifestado diferentes olas feministas, y que la actual tercera ola del feminismo ha sido muy da\u00f1ina. Despu\u00e9s de explicarles las diferencias, mencionarles a FemFreq, Zoe Quinn, Rebeca Watson, Anita Sarkeesian, entre otros grupos y personajes, les mostr\u00e9 que la misandr\u00eda tambi\u00e9n es una realidad, como la misoginia, y que muchas personas han trivializado y manchado la justa y original lucha feminista. La respuesta fue tibia al inicio, para luego ser expulsado del grupo, y m\u00e1s tarde, enterarme que me segu\u00edan inventando posturas del deplorable machismo, me llamaban \u00abpseudointelectual\u00bb, con mucho \u00abego\u00bb, y descubr\u00ed que varios me odiaban, ese fue el momento para empezar a expresarlo, hasta inventando \u00abproblemas\u00bb. Mi opci\u00f3n fue simple, como no pod\u00eda defenderme de sus calumnias, porque no ten\u00eda acceso, us\u00e9 una captura de pantalla enviada por una mujer integrante del grupo. Le puse un texto de referencia a la imagen, etiquet\u00e9 a los jefes de AAE, Gustavo y Lorena (para defenderme y permitirles hablar, contrario a su actitud) y qued\u00f3 as\u00ed:<\/p>\n<p style=\"text-align: justify\"><img data-recalc-dims=\"1\" loading=\"lazy\" decoding=\"async\" data-attachment-id=\"53179\" data-permalink=\"https:\/\/www.panfletonegro.com\/v\/2016\/03\/07\/53176\/img1456272286355\/\" data-orig-file=\"https:\/\/i0.wp.com\/www.panfletonegro.com\/v\/wp-content\/uploads\/2016\/03\/img1456272286355.png?fit=540%2C560&amp;ssl=1\" data-orig-size=\"540,560\" data-comments-opened=\"1\" data-image-meta=\"{&quot;aperture&quot;:&quot;0&quot;,&quot;credit&quot;:&quot;&quot;,&quot;camera&quot;:&quot;&quot;,&quot;caption&quot;:&quot;&quot;,&quot;created_timestamp&quot;:&quot;0&quot;,&quot;copyright&quot;:&quot;&quot;,&quot;focal_length&quot;:&quot;0&quot;,&quot;iso&quot;:&quot;0&quot;,&quot;shutter_speed&quot;:&quot;0&quot;,&quot;title&quot;:&quot;&quot;,&quot;orientation&quot;:&quot;0&quot;}\" data-image-title=\"img1456272286355\" data-image-description=\"\" data-image-caption=\"\" data-large-file=\"https:\/\/i0.wp.com\/www.panfletonegro.com\/v\/wp-content\/uploads\/2016\/03\/img1456272286355.png?fit=540%2C560&amp;ssl=1\" class=\"aligncenter size-full wp-image-53179\" src=\"https:\/\/i0.wp.com\/www.panfletonegro.com\/v\/wp-content\/uploads\/2016\/03\/img1456272286355.png?resize=540%2C560\" alt=\"img1456272286355\" width=\"540\" height=\"560\" srcset=\"https:\/\/i0.wp.com\/www.panfletonegro.com\/v\/wp-content\/uploads\/2016\/03\/img1456272286355.png?w=540&amp;ssl=1 540w, https:\/\/i0.wp.com\/www.panfletonegro.com\/v\/wp-content\/uploads\/2016\/03\/img1456272286355.png?resize=32%2C32&amp;ssl=1 32w\" sizes=\"auto, (max-width: 540px) 100vw, 540px\" \/><\/p>\n<p style=\"text-align: justify\">Gustavo La Mota, l\u00edder de esta asociaci\u00f3n, quien dirige La Voz Ate\u00edsta con Lorena Zambrano, supone, igual que muchos de sus adoctrinados, que <strong>la 3ra ola del feminismo \u00abno existe\u00bb<\/strong>, solo usa descalificaciones para los que no se equivocan como \u00e9l, y nunca es capaz de refutar un solo punto, porque la raz\u00f3n no est\u00e1 de su lado. La imagen de la captura que acaban de ver, iba acompa\u00f1ada con este mensaje:<\/p>\n<blockquote>\n<p style=\"text-align: center\">Gustavo: 1) Eres muy valiente al difamar y seguir mintiendo en un grupo del que me expulsan. Ac\u00e1 demostrar\u00e9 de nuevo tu ausencia de criterio, conocimiento y an\u00e1lisis. La 3ra ola del feminismo S\u00cd existe, y es bastante nociva, solo que t\u00fa no sabes ni siquiera qu\u00e9 es eso, ni sabes de feminismo. Esta comenz\u00f3 en 1990, Rebecca Walker, por ejemplo, fue la primera en hacer referencia a ella. Te vendr\u00eda muy bien comenzar por leer: Tong, Rosemarie (2009). Feminist Thought: A More Comprehensive Introduction (3 edici\u00f3n). Westview Press (Perseus Books). pp. 284\u2013285, 289.ISBN 978-0-8133-4375-4.<\/p>\n<p style=\"text-align: center\">Tienes trabajos acad\u00e9micos: \u2022Third wave feminism\u00a0&#8211;\u00a0\u200eGillis\u00a0&#8211;<\/p>\n<p style=\"text-align: center\">\u2022Third wave\u00a0agenda: Being feminist, doing\u00a0feminism<\/p>\n<p style=\"text-align: center\">\u2022\u2026 &#8216;: Economic Determinants of\u00a0Third Wave Feminism\u2026\u00a0&#8211;\u00a0\u200eHeywood\u00a0&#8211;<\/p>\n<p style=\"text-align: center\">Tienes uno de los trabajos y an\u00e1lisis: http:\/\/www.tandfonline.com\/doi\/abs\/10.1080\/07393180128079#\/doi\/abs\/10.1080\/07393180128079<\/p>\n<p style=\"text-align: center\">Y hay algo que llaman \u00abhistoria\u00bb, deber\u00edas conocerla. As\u00ed como existe FemFreq, Chicas Scum, solicitudes de censura virtual y persecuci\u00f3n f\u00edsica y laboral, propuestas en la ONU para mutilar la libertad de expresi\u00f3n, etc., no te enfermar\u00e1 conocer antes de hablar.<\/p>\n<p style=\"text-align: center\">2) Me sacas del grupo y te gusta mentir e insistir, a mis espaldas, en cubrir tu desconocimiento con ataques personales y m\u00e1s errores. Para ti, ser arrogante es tener conocimientos y mostrarlos, para que no sigan con falsedades y desinformaci\u00f3n, es lamentable.<\/p>\n<p style=\"text-align: center\">3) Ni siquiera sabes de qu\u00e9 hablas, ni puedes demostrar que yo sea \u00abmachista\u00bb o que use formas y medios de tal corriente, ni que soy \u00abpseudointelectual\u00bb, ni \u00abarrogante\u00bb, ni nada de tus ilusos se\u00f1alamientos. Ten gallard\u00eda y debate con la gente, de forma culta y seria, siendo responsable para contrastar los hechos y aceptarlos. Lo tuyo, como tambi\u00e9n es de Lorena, quien te ordena expulsarme e inventa problemas y cosas m\u00edas&#8230; es solo un dogma de: escuchen y crean. Todo aquel que les demuestre que se equivocan, lo se\u00f1alan, lo burlan sus reaccionarios adoctrinados, lo censuran y luego lo calumnian.<\/p>\n<p style=\"text-align: center\">Bonito grupo de ateos, qu\u00e9 gran favor nos hace a la causa. Un aplauso.<\/p>\n<p style=\"text-align: center\">4) All\u00ed est\u00e1, la tercera ola y el da\u00f1o existen, otra vez demuestro que NO SABES, no puedes demostrar nada de lo que inventas, y hay acad\u00e9micas como <a href=\"https:\/\/youtu.be\/phUhSgxiNrg\" target=\"_blank\">Christina Hoff<\/a> (s\u00ed, mujer), quien con su iniciativa de feminismo objetivo, hacen y han hecho m\u00e1s que t\u00fa (y tu grupo impulsivo) por las mujeres, como bien he trabajado yo siempre, incluyendo trabajos literarios que me han puesto en riesgo, as\u00ed como las realidades activas de <a href=\"https:\/\/youtu.be\/2RNaspc5Ep4\" target=\"_blank\">Factual Feminism<\/a>, <a href=\"https:\/\/youtu.be\/TQas34criFo\">Christopher Hitchens<\/a>, <a href=\"https:\/\/youtu.be\/1JrYCHC0bkE\" target=\"_blank\">Sam Harris<\/a>, <a href=\"https:\/\/youtu.be\/FGTmwyKpz0o\" target=\"_blank\">Richard Dawkins<\/a>, <a href=\"https:\/\/youtu.be\/p5TMmxlsLN8\" target=\"_blank\">Dr. Phil<\/a>* <a href=\"https:\/\/youtu.be\/FWxAljFlb-c\" target=\"_blank\">Mason<\/a>*&#8230; Pero a\u00fan as\u00ed tienes el descaro de hablar de esa manera, de personas en todo el mundo que no se autoenga\u00f1an, ni nadan en la ignorancia que t\u00fa tienes en este tema. Ten seriedad, s\u00e9 honesto.<\/p>\n<p style=\"text-align: center\">5) Existe machismo, y es deplorable, siempre ha sido una verg\u00fcenza para la humanidad. De la misma forma, existe hembrismo, que fue una ca\u00edda, por tanto caos, en patrones machistas que surgieron en sectores femeninos.<\/p>\n<p style=\"text-align: center\">Hay misoginia y hay misandr\u00eda, negar esa realidad no hace que desaparezca. Todos los odios deben ser combatidos, porque el ser humano debe acceder a todos los derechos.<\/p>\n<p style=\"text-align: center\">Todas las personas debemos ir escalando en la adquisici\u00f3n de igualdad, para todos, y si un g\u00e9nero est\u00e1 en desigualdad, buscar nivelarlo, pero con propuestas, cr\u00edtica, racionalidad y cordura. Sustentado por evidencias, no por gustos y caprichos.<\/p>\n<p style=\"text-align: center\">Son derechos humanos, es legislaci\u00f3n, y falta mucho, s\u00ed, pero no se logra con gente como ustedes llevando una bandera sin saber en qu\u00e9 se est\u00e1n metiendo.<\/p>\n<p style=\"text-align: center\">Te agradecer\u00eda que cuando hables de m\u00ed, o toques temas importantes, seas responsable y al menos conozcas lo esencial en cada aspecto.\u00a0Es todo.<img data-recalc-dims=\"1\" loading=\"lazy\" decoding=\"async\" data-attachment-id=\"53179\" data-permalink=\"https:\/\/www.panfletonegro.com\/v\/2016\/03\/07\/53176\/img1456272286355\/\" data-orig-file=\"https:\/\/i0.wp.com\/www.panfletonegro.com\/v\/wp-content\/uploads\/2016\/03\/img1456272286355.png?fit=540%2C560&amp;ssl=1\" data-orig-size=\"540,560\" data-comments-opened=\"1\" data-image-meta=\"{&quot;aperture&quot;:&quot;0&quot;,&quot;credit&quot;:&quot;&quot;,&quot;camera&quot;:&quot;&quot;,&quot;caption&quot;:&quot;&quot;,&quot;created_timestamp&quot;:&quot;0&quot;,&quot;copyright&quot;:&quot;&quot;,&quot;focal_length&quot;:&quot;0&quot;,&quot;iso&quot;:&quot;0&quot;,&quot;shutter_speed&quot;:&quot;0&quot;,&quot;title&quot;:&quot;&quot;,&quot;orientation&quot;:&quot;0&quot;}\" data-image-title=\"img1456272286355\" data-image-description=\"\" data-image-caption=\"\" data-large-file=\"https:\/\/i0.wp.com\/www.panfletonegro.com\/v\/wp-content\/uploads\/2016\/03\/img1456272286355.png?fit=540%2C560&amp;ssl=1\" class=\"aligncenter size-thumbnail wp-image-53179\" src=\"https:\/\/i0.wp.com\/www.panfletonegro.com\/v\/wp-content\/uploads\/2016\/03\/img1456272286355-150x150.png?resize=150%2C150\" alt=\"img1456272286355\" width=\"150\" height=\"150\" srcset=\"https:\/\/i0.wp.com\/www.panfletonegro.com\/v\/wp-content\/uploads\/2016\/03\/img1456272286355.png?resize=150%2C150&amp;ssl=1 150w, https:\/\/i0.wp.com\/www.panfletonegro.com\/v\/wp-content\/uploads\/2016\/03\/img1456272286355.png?resize=32%2C32&amp;ssl=1 32w, https:\/\/i0.wp.com\/www.panfletonegro.com\/v\/wp-content\/uploads\/2016\/03\/img1456272286355.png?resize=64%2C64&amp;ssl=1 64w, https:\/\/i0.wp.com\/www.panfletonegro.com\/v\/wp-content\/uploads\/2016\/03\/img1456272286355.png?resize=96%2C96&amp;ssl=1 96w, https:\/\/i0.wp.com\/www.panfletonegro.com\/v\/wp-content\/uploads\/2016\/03\/img1456272286355.png?resize=128%2C128&amp;ssl=1 128w, https:\/\/i0.wp.com\/www.panfletonegro.com\/v\/wp-content\/uploads\/2016\/03\/img1456272286355.png?zoom=2&amp;resize=150%2C150&amp;ssl=1 300w, https:\/\/i0.wp.com\/www.panfletonegro.com\/v\/wp-content\/uploads\/2016\/03\/img1456272286355.png?zoom=3&amp;resize=150%2C150&amp;ssl=1 450w\" sizes=\"auto, (max-width: 150px) 100vw, 150px\" \/><\/p>\n<\/blockquote>\n<p style=\"text-align: justify\">Como ven, le demostr\u00e9 de nuevo su desconocimiento, de frente, con evidencias y etiquet\u00e1ndolo. Esto, sumado a la lluvia de comentarios y gustos por el conocimiento, lo dejaron, junto a Lorena, con la \u00fanica opci\u00f3n de quitarse la etiqueta y eliminarme del perfil, obvio, as\u00ed act\u00faan quienes no reconocen sus errores. Despu\u00e9s de esto me llovieron denuncias y avisos de bloqueo, unos descartados y otro efectivo. Y es que no se puede esperar mucho de alguien que, curiosamente, lidera un grupo en Ecuador buscando dignidad para el ate\u00edsmo y otras minor\u00edas, cuando la c\u00fapula administrativa es la que da peor imagen con censura y exigencias para solo \u00abescuchar y creer\u00bb, adem\u00e1s de mostrar <a href=\"http:\/\/www.panfletonegro.com\/v\/2016\/02\/23\/la-pacotilla-intelectual-parte-1-danos-feminismo\/\" target=\"_blank\">un desconocimiento inmenso.<\/a><\/p>\n<p style=\"text-align: justify\">Gustavo La Mota es el Donald Trump del ate\u00edsmo. Lo anterior, que ya le demostr\u00e9 como equivocado, no es nada comparado con lo que sigue:<\/p>\n<p><img data-recalc-dims=\"1\" loading=\"lazy\" decoding=\"async\" data-attachment-id=\"53184\" data-permalink=\"https:\/\/www.panfletonegro.com\/v\/2016\/03\/07\/53176\/img1457062003498\/\" data-orig-file=\"https:\/\/i0.wp.com\/www.panfletonegro.com\/v\/wp-content\/uploads\/2016\/03\/img1457062003498.png?fit=525%2C416&amp;ssl=1\" data-orig-size=\"525,416\" data-comments-opened=\"1\" data-image-meta=\"{&quot;aperture&quot;:&quot;0&quot;,&quot;credit&quot;:&quot;&quot;,&quot;camera&quot;:&quot;&quot;,&quot;caption&quot;:&quot;&quot;,&quot;created_timestamp&quot;:&quot;0&quot;,&quot;copyright&quot;:&quot;&quot;,&quot;focal_length&quot;:&quot;0&quot;,&quot;iso&quot;:&quot;0&quot;,&quot;shutter_speed&quot;:&quot;0&quot;,&quot;title&quot;:&quot;&quot;,&quot;orientation&quot;:&quot;0&quot;}\" data-image-title=\"img1457062003498\" data-image-description=\"\" data-image-caption=\"\" data-large-file=\"https:\/\/i0.wp.com\/www.panfletonegro.com\/v\/wp-content\/uploads\/2016\/03\/img1457062003498.png?fit=525%2C416&amp;ssl=1\" class=\"aligncenter size-full wp-image-53184\" src=\"https:\/\/i0.wp.com\/www.panfletonegro.com\/v\/wp-content\/uploads\/2016\/03\/img1457062003498.png?resize=525%2C416\" alt=\"img1457062003498\" width=\"525\" height=\"416\" \/><\/p>\n<p style=\"text-align: justify\">Seg\u00fan Gustavo, las mujeres en Ecuador no pueden votar, la comedia es muy buena, pero no creo que le provoque mucha risa al presidente Correa, al que tanto aman en esa asociaci\u00f3n, y especialmente en la jerarqu\u00eda. Es que La Mota ni siquiera sabe que la 1ra ola feminista fue la que consigui\u00f3, pocos a\u00f1os despu\u00e9s que los hombres, el voto femenino, gracias a ellas, las mujeres tuvieron acceso al derecho del voto que fue mejorando en la mayor\u00eda del mundo, aunque seg\u00fan la sabidur\u00eda del sujeto en cuesti\u00f3n, a Ecuador no ha llegado, tal vez los votos femeninos que vemos en noticieros, y que ellos ven all\u00e1, son otra ficci\u00f3n. Las mujeres que lucharon en la 1ra ola, que ten\u00edan una visi\u00f3n importante, son mujeres que, si pudiesen resucitar, pedir\u00edan morir de nuevo, as\u00ed evitar\u00edan la decepci\u00f3n al ver lo que han hecho sectores feministas en la actualidad. Y ac\u00e1 es importante mencionar a una mujer como\u00a0<a href=\"https:\/\/youtu.be\/bxEicO6BoPE\" target=\"_blank\">Janice Fiamengo<\/a>.<\/p>\n<p style=\"text-align: justify\">A veces una imagen vale m\u00e1s que&#8230; bueno, ya saben. Gustavo <em>(y un porcentaje alto de gente que se hace llamar \u00abracional y librepensador\u00bb)<\/em> cree que la 3ra ola feminista es ficci\u00f3n, ya lo sab\u00edamos, y se le mostr\u00f3 que NO, que estaba equivocado muchas veces, como se ha hecho ac\u00e1 de nuevo. Sin embargo, decir que la 1ra ola no lleg\u00f3 a Ecuador, y seguir hablando sin saber qu\u00e9 est\u00e1 diciendo, es la cereza que faltaba, y es la descripci\u00f3n concisa de los cuatro p\u00e1rrafos que dan inicio a este art\u00edculo.<\/p>\n<p style=\"text-align: justify\">Repasemos esa ficci\u00f3n de un grupo inmenso y en lamentable crecimiento, y de una compa\u00f1era en esa carrera de las v\u00edctimas profesionales, como ya lo hab\u00eda expuesto en la serie de <a href=\"http:\/\/www.panfletonegro.com\/v\/2016\/02\/26\/parte-2-contra-la-pacotilla-intelectual-hechos-y-relativismo\/\" target=\"_blank\">la pacotilla intelectual<\/a>:<\/p>\n<figure id=\"attachment_53118\" aria-describedby=\"caption-attachment-53118\" style=\"width: 960px\" class=\"wp-caption aligncenter\"><img data-recalc-dims=\"1\" loading=\"lazy\" decoding=\"async\" data-attachment-id=\"53118\" data-permalink=\"https:\/\/www.panfletonegro.com\/v\/2016\/02\/26\/parte-2-contra-la-pacotilla-intelectual-hechos-y-relativismo\/screenshot_2016-02-21-00-26-57\/\" data-orig-file=\"https:\/\/i0.wp.com\/www.panfletonegro.com\/v\/wp-content\/uploads\/2016\/02\/Screenshot_2016-02-21-00-26-57.png?fit=960%2C540&amp;ssl=1\" data-orig-size=\"960,540\" data-comments-opened=\"1\" data-image-meta=\"{&quot;aperture&quot;:&quot;0&quot;,&quot;credit&quot;:&quot;&quot;,&quot;camera&quot;:&quot;&quot;,&quot;caption&quot;:&quot;&quot;,&quot;created_timestamp&quot;:&quot;0&quot;,&quot;copyright&quot;:&quot;&quot;,&quot;focal_length&quot;:&quot;0&quot;,&quot;iso&quot;:&quot;0&quot;,&quot;shutter_speed&quot;:&quot;0&quot;,&quot;title&quot;:&quot;&quot;,&quot;orientation&quot;:&quot;0&quot;}\" data-image-title=\"Screenshot_2016-02-21-00-26-57\" data-image-description=\"\" data-image-caption=\"\" data-large-file=\"https:\/\/i0.wp.com\/www.panfletonegro.com\/v\/wp-content\/uploads\/2016\/02\/Screenshot_2016-02-21-00-26-57.png?fit=696%2C392&amp;ssl=1\" class=\"wp-image-53118 size-full\" src=\"https:\/\/i0.wp.com\/www.panfletonegro.com\/v\/wp-content\/uploads\/2016\/02\/Screenshot_2016-02-21-00-26-57.png?resize=696%2C392\" alt=\"Screenshot_2016-02-21-00-26-57\" width=\"696\" height=\"392\" srcset=\"https:\/\/i0.wp.com\/www.panfletonegro.com\/v\/wp-content\/uploads\/2016\/02\/Screenshot_2016-02-21-00-26-57.png?w=960&amp;ssl=1 960w, https:\/\/i0.wp.com\/www.panfletonegro.com\/v\/wp-content\/uploads\/2016\/02\/Screenshot_2016-02-21-00-26-57.png?resize=768%2C432&amp;ssl=1 768w\" sizes=\"auto, (max-width: 696px) 100vw, 696px\" \/><figcaption id=\"caption-attachment-53118\" class=\"wp-caption-text\">\u00abNecesitamos se\u00f1alar seriamente las conexiones entre violencia, sexismo e ideas t\u00f3xicas de la hombr\u00eda antes que los chicos y hombres cometan m\u00e1s asesinatos masivos\u00bb. _Del grupo: Frecuencia Feminista.\u00a0<em>L\u00edder: <a href=\"https:\/\/www.youtube.com\/watch?v=WuRSaLZidWI\" target=\"_blank\">Anita Sarkeesi<strong>a<\/strong><\/a><strong><a href=\"https:\/\/www.youtube.com\/watch?v=WuRSaLZidWI\" target=\"_blank\">n<\/a>.<\/strong><\/em><\/figcaption><\/figure>\n<hr \/>\n<figure id=\"attachment_53119\" aria-describedby=\"caption-attachment-53119\" style=\"width: 960px\" class=\"wp-caption aligncenter\"><img data-recalc-dims=\"1\" loading=\"lazy\" decoding=\"async\" data-attachment-id=\"53119\" data-permalink=\"https:\/\/www.panfletonegro.com\/v\/2016\/02\/26\/parte-2-contra-la-pacotilla-intelectual-hechos-y-relativismo\/screenshot_2016-02-24-11-54-42\/\" data-orig-file=\"https:\/\/i0.wp.com\/www.panfletonegro.com\/v\/wp-content\/uploads\/2016\/02\/Screenshot_2016-02-24-11-54-42.png?fit=960%2C540&amp;ssl=1\" data-orig-size=\"960,540\" data-comments-opened=\"1\" data-image-meta=\"{&quot;aperture&quot;:&quot;0&quot;,&quot;credit&quot;:&quot;&quot;,&quot;camera&quot;:&quot;&quot;,&quot;caption&quot;:&quot;&quot;,&quot;created_timestamp&quot;:&quot;0&quot;,&quot;copyright&quot;:&quot;&quot;,&quot;focal_length&quot;:&quot;0&quot;,&quot;iso&quot;:&quot;0&quot;,&quot;shutter_speed&quot;:&quot;0&quot;,&quot;title&quot;:&quot;&quot;,&quot;orientation&quot;:&quot;0&quot;}\" data-image-title=\"Screenshot_2016-02-24-11-54-42\" data-image-description=\"\" data-image-caption=\"\" data-large-file=\"https:\/\/i0.wp.com\/www.panfletonegro.com\/v\/wp-content\/uploads\/2016\/02\/Screenshot_2016-02-24-11-54-42.png?fit=696%2C392&amp;ssl=1\" class=\"wp-image-53119 size-full\" src=\"https:\/\/i0.wp.com\/www.panfletonegro.com\/v\/wp-content\/uploads\/2016\/02\/Screenshot_2016-02-24-11-54-42.png?resize=696%2C392\" alt=\"Screenshot_2016-02-24-11-54-42\" width=\"696\" height=\"392\" srcset=\"https:\/\/i0.wp.com\/www.panfletonegro.com\/v\/wp-content\/uploads\/2016\/02\/Screenshot_2016-02-24-11-54-42.png?w=960&amp;ssl=1 960w, https:\/\/i0.wp.com\/www.panfletonegro.com\/v\/wp-content\/uploads\/2016\/02\/Screenshot_2016-02-24-11-54-42.png?resize=768%2C432&amp;ssl=1 768w\" sizes=\"auto, (max-width: 696px) 100vw, 696px\" \/><figcaption id=\"caption-attachment-53119\" class=\"wp-caption-text\">\u201c*Pregunta tonta. El racismo y los blancos van juntos. Solo la gente blanca puede ser racista. *Los gays blancos piensan que son una especie de tono especial que deber\u00eda ser agrupado con gente de color. \u00a1Su blancura ya est\u00e1 centrada!\u00bb.\u00a0_Suey Park, <a href=\"https:\/\/newrepublic.com\/article\/121861\/suey-parkof-cancelcolbert-fame-has-stopped-fighting-twitter\" target=\"_blank\">v\u00edctima profesional<\/a>.<\/figcaption><\/figure>\n<hr \/>\n<figure id=\"attachment_53117\" aria-describedby=\"caption-attachment-53117\" style=\"width: 960px\" class=\"wp-caption aligncenter\"><img data-recalc-dims=\"1\" loading=\"lazy\" decoding=\"async\" data-attachment-id=\"53117\" data-permalink=\"https:\/\/www.panfletonegro.com\/v\/2016\/02\/26\/parte-2-contra-la-pacotilla-intelectual-hechos-y-relativismo\/screenshot_2016-02-21-09-52-09\/\" data-orig-file=\"https:\/\/i0.wp.com\/www.panfletonegro.com\/v\/wp-content\/uploads\/2016\/02\/Screenshot_2016-02-21-09-52-09.png?fit=960%2C540&amp;ssl=1\" data-orig-size=\"960,540\" data-comments-opened=\"1\" data-image-meta=\"{&quot;aperture&quot;:&quot;0&quot;,&quot;credit&quot;:&quot;&quot;,&quot;camera&quot;:&quot;&quot;,&quot;caption&quot;:&quot;&quot;,&quot;created_timestamp&quot;:&quot;0&quot;,&quot;copyright&quot;:&quot;&quot;,&quot;focal_length&quot;:&quot;0&quot;,&quot;iso&quot;:&quot;0&quot;,&quot;shutter_speed&quot;:&quot;0&quot;,&quot;title&quot;:&quot;&quot;,&quot;orientation&quot;:&quot;0&quot;}\" data-image-title=\"Screenshot_2016-02-21-09-52-09\" data-image-description=\"\" data-image-caption=\"\" data-large-file=\"https:\/\/i0.wp.com\/www.panfletonegro.com\/v\/wp-content\/uploads\/2016\/02\/Screenshot_2016-02-21-09-52-09.png?fit=696%2C392&amp;ssl=1\" class=\"wp-image-53117 size-full\" src=\"https:\/\/i0.wp.com\/www.panfletonegro.com\/v\/wp-content\/uploads\/2016\/02\/Screenshot_2016-02-21-09-52-09.png?resize=696%2C392\" alt=\"Screenshot_2016-02-21-09-52-09\" width=\"696\" height=\"392\" srcset=\"https:\/\/i0.wp.com\/www.panfletonegro.com\/v\/wp-content\/uploads\/2016\/02\/Screenshot_2016-02-21-09-52-09.png?w=960&amp;ssl=1 960w, https:\/\/i0.wp.com\/www.panfletonegro.com\/v\/wp-content\/uploads\/2016\/02\/Screenshot_2016-02-21-09-52-09.png?resize=768%2C432&amp;ssl=1 768w\" sizes=\"auto, (max-width: 696px) 100vw, 696px\" \/><figcaption id=\"caption-attachment-53117\" class=\"wp-caption-text\">\u00abLos tiroteos masivos son una tr\u00e1gica consecuencia de una cultura que perpet\u00faa ideas t\u00f3xicas de masculinidad. As\u00ed es como el patriarcado puede da\u00f1ar tambi\u00e9n a los hombres\u201c. _Grupo: Frecuencia Feminista. L\u00edder: Anita Sarkeesian.<\/figcaption><\/figure>\n<hr \/>\n<p style=\"text-align: justify\">Volviendo con los reaccionarios de AAE, las arengas trasnochadas y el postureo, otro error democr\u00e1tico es el siguiente, el chiste se explica f\u00e1cil, y los fieles del grupo aplauden, ve\u00e1nlo y entender\u00e1n, no merece muchos comentarios:<\/p>\n<figure id=\"attachment_53191\" aria-describedby=\"caption-attachment-53191\" style=\"width: 525px\" class=\"wp-caption aligncenter\"><img data-recalc-dims=\"1\" loading=\"lazy\" decoding=\"async\" data-attachment-id=\"53191\" data-permalink=\"https:\/\/www.panfletonegro.com\/v\/2016\/03\/07\/53176\/img1457068966071\/\" data-orig-file=\"https:\/\/i0.wp.com\/www.panfletonegro.com\/v\/wp-content\/uploads\/2016\/03\/img1457068966071.png?fit=525%2C171&amp;ssl=1\" data-orig-size=\"525,171\" data-comments-opened=\"1\" data-image-meta=\"{&quot;aperture&quot;:&quot;0&quot;,&quot;credit&quot;:&quot;&quot;,&quot;camera&quot;:&quot;&quot;,&quot;caption&quot;:&quot;&quot;,&quot;created_timestamp&quot;:&quot;0&quot;,&quot;copyright&quot;:&quot;&quot;,&quot;focal_length&quot;:&quot;0&quot;,&quot;iso&quot;:&quot;0&quot;,&quot;shutter_speed&quot;:&quot;0&quot;,&quot;title&quot;:&quot;&quot;,&quot;orientation&quot;:&quot;0&quot;}\" data-image-title=\"img1457068966071\" data-image-description=\"\" data-image-caption=\"&lt;p&gt;Claro, o eres vegetariano o eres un asesino, o eres cristiano o eres un ser malvado y condenado. As\u00ed es la constipaci\u00f3n de estos guerreros de justicia social.&lt;\/p&gt;\n\" data-large-file=\"https:\/\/i0.wp.com\/www.panfletonegro.com\/v\/wp-content\/uploads\/2016\/03\/img1457068966071.png?fit=525%2C171&amp;ssl=1\" class=\"size-full wp-image-53191\" src=\"https:\/\/i0.wp.com\/www.panfletonegro.com\/v\/wp-content\/uploads\/2016\/03\/img1457068966071.png?resize=525%2C171\" alt=\"Claro, o eres vegetariano o eres un asesino, o eres cristiano o eres un ser malvado y condenado. As\u00ed es la constipaci\u00f3n de estos guerreros de justicia social.\" width=\"525\" height=\"171\" \/><figcaption id=\"caption-attachment-53191\" class=\"wp-caption-text\">Claro, o eres vegetariano o eres un asesino, o apoyas a Fidel Castro o eres un imperialista degenerado, o eres cristiano o eres un ser malvado y condenado. As\u00ed es la constipaci\u00f3n de estos guerreros de justicia social.<\/figcaption><\/figure>\n<hr \/>\n<p style=\"text-align: justify\">Pero la historia mejora, se invita a leer, a supuestamente \u00abeducarse\u00bb, y se hace con un lenguaje vulgar, con el desconocimiento que brilla en la Asociaci\u00f3n Atea Ecuatoriana, y con el repetido v\u00ednculo c\u00f3mico del lenguaje inclusivo, con uno de sus actores, la \u00abX\u00bb, como si una letra incluyera sexos, y ya saben, esas personas no saben la diferencia entre sexo y g\u00e9nero en el idioma. Esto es de lo productores ejecutivos de: \u00abus@ la \u00ab@\u00bb porque soy muy inclusiv@ utilizando un s\u00edmbolo como multiletras y uni\u00f3n de sexos\u00bb:<\/p>\n<p style=\"text-align: justify\"><img data-recalc-dims=\"1\" loading=\"lazy\" decoding=\"async\" data-attachment-id=\"53195\" data-permalink=\"https:\/\/www.panfletonegro.com\/v\/2016\/03\/07\/53176\/img1457070738337-2\/\" data-orig-file=\"https:\/\/i0.wp.com\/www.panfletonegro.com\/v\/wp-content\/uploads\/2016\/03\/img1457070738337-2.jpg?fit=443%2C349&amp;ssl=1\" data-orig-size=\"443,349\" data-comments-opened=\"1\" data-image-meta=\"{&quot;aperture&quot;:&quot;0&quot;,&quot;credit&quot;:&quot;&quot;,&quot;camera&quot;:&quot;&quot;,&quot;caption&quot;:&quot;&quot;,&quot;created_timestamp&quot;:&quot;0&quot;,&quot;copyright&quot;:&quot;&quot;,&quot;focal_length&quot;:&quot;0&quot;,&quot;iso&quot;:&quot;0&quot;,&quot;shutter_speed&quot;:&quot;0&quot;,&quot;title&quot;:&quot;&quot;,&quot;orientation&quot;:&quot;0&quot;}\" data-image-title=\"img1457070738337-2\" data-image-description=\"\" data-image-caption=\"\" data-large-file=\"https:\/\/i0.wp.com\/www.panfletonegro.com\/v\/wp-content\/uploads\/2016\/03\/img1457070738337-2.jpg?fit=443%2C349&amp;ssl=1\" class=\"aligncenter size-full wp-image-53195\" src=\"https:\/\/i0.wp.com\/www.panfletonegro.com\/v\/wp-content\/uploads\/2016\/03\/img1457070738337-2.jpg?resize=443%2C349\" alt=\"img1457070738337-2\" width=\"443\" height=\"349\" \/><\/p>\n<hr \/>\n<p style=\"text-align: justify\">Cuando se les muestra conocimiento, hechos, datos y lecturas verificables, como las entregadas en p\u00e1rrafos anteriores, entonces la comedia regresa. Se invita a leer, sin haber le\u00eddo (as\u00ed son los &#8216;posers&#8217;), y luego esto resulta peor:<\/p>\n<p style=\"text-align: justify\"><img data-recalc-dims=\"1\" loading=\"lazy\" decoding=\"async\" data-attachment-id=\"53196\" data-permalink=\"https:\/\/www.panfletonegro.com\/v\/2016\/03\/07\/53176\/img1457069259815\/\" data-orig-file=\"https:\/\/i0.wp.com\/www.panfletonegro.com\/v\/wp-content\/uploads\/2016\/03\/img1457069259815.png?fit=525%2C138&amp;ssl=1\" data-orig-size=\"525,138\" data-comments-opened=\"1\" data-image-meta=\"{&quot;aperture&quot;:&quot;0&quot;,&quot;credit&quot;:&quot;&quot;,&quot;camera&quot;:&quot;&quot;,&quot;caption&quot;:&quot;&quot;,&quot;created_timestamp&quot;:&quot;0&quot;,&quot;copyright&quot;:&quot;&quot;,&quot;focal_length&quot;:&quot;0&quot;,&quot;iso&quot;:&quot;0&quot;,&quot;shutter_speed&quot;:&quot;0&quot;,&quot;title&quot;:&quot;&quot;,&quot;orientation&quot;:&quot;0&quot;}\" data-image-title=\"img1457069259815\" data-image-description=\"\" data-image-caption=\"\" data-large-file=\"https:\/\/i0.wp.com\/www.panfletonegro.com\/v\/wp-content\/uploads\/2016\/03\/img1457069259815.png?fit=525%2C138&amp;ssl=1\" class=\"aligncenter size-full wp-image-53196\" src=\"https:\/\/i0.wp.com\/www.panfletonegro.com\/v\/wp-content\/uploads\/2016\/03\/img1457069259815.png?resize=525%2C138\" alt=\"img1457069259815\" width=\"525\" height=\"138\" srcset=\"https:\/\/i0.wp.com\/www.panfletonegro.com\/v\/wp-content\/uploads\/2016\/03\/img1457069259815.png?w=525&amp;ssl=1 525w, https:\/\/i0.wp.com\/www.panfletonegro.com\/v\/wp-content\/uploads\/2016\/03\/img1457069259815.png?resize=520%2C138&amp;ssl=1 520w\" sizes=\"auto, (max-width: 525px) 100vw, 525px\" \/><\/p>\n<p style=\"text-align: justify\">Como dice la canci\u00f3n: \u00abMalo si s\u00ed, malo si no, ni preguntes\u00bb. Cansado de esto, y de t\u00edpicos vac\u00edos, o expresiones como estas, que son posteriores en otro muro, siendo espejo de lo \u00fanico que saben decir&#8230;<\/p>\n<p style=\"text-align: justify\"><img data-recalc-dims=\"1\" loading=\"lazy\" decoding=\"async\" data-attachment-id=\"53248\" data-permalink=\"https:\/\/www.panfletonegro.com\/v\/2016\/03\/07\/53176\/screenshot_2016-03-02-15-43-45-1-1\/\" data-orig-file=\"https:\/\/i0.wp.com\/www.panfletonegro.com\/v\/wp-content\/uploads\/2016\/03\/Screenshot_2016-03-02-15-43-45-1-1.png?fit=539%2C239&amp;ssl=1\" data-orig-size=\"539,239\" data-comments-opened=\"1\" data-image-meta=\"{&quot;aperture&quot;:&quot;0&quot;,&quot;credit&quot;:&quot;&quot;,&quot;camera&quot;:&quot;&quot;,&quot;caption&quot;:&quot;&quot;,&quot;created_timestamp&quot;:&quot;0&quot;,&quot;copyright&quot;:&quot;&quot;,&quot;focal_length&quot;:&quot;0&quot;,&quot;iso&quot;:&quot;0&quot;,&quot;shutter_speed&quot;:&quot;0&quot;,&quot;title&quot;:&quot;&quot;,&quot;orientation&quot;:&quot;0&quot;}\" data-image-title=\"Screenshot_2016-03-02-15-43-45-1-1\" data-image-description=\"\" data-image-caption=\"\" data-large-file=\"https:\/\/i0.wp.com\/www.panfletonegro.com\/v\/wp-content\/uploads\/2016\/03\/Screenshot_2016-03-02-15-43-45-1-1.png?fit=539%2C239&amp;ssl=1\" class=\"aligncenter size-full wp-image-53248\" src=\"https:\/\/i0.wp.com\/www.panfletonegro.com\/v\/wp-content\/uploads\/2016\/03\/Screenshot_2016-03-02-15-43-45-1-1.png?resize=539%2C239\" alt=\"Screenshot_2016-03-02-15-43-45-1-1\" width=\"539\" height=\"239\" \/><\/p>\n<p style=\"text-align: justify\">&#8230;me limit\u00e9 a resumir de esta forma, ya que iniciaron borrando la bibliograf\u00eda y los comentarios que derrumbaban sus inventos:<\/p>\n<p style=\"text-align: justify\"><img data-recalc-dims=\"1\" loading=\"lazy\" decoding=\"async\" data-attachment-id=\"53205\" data-permalink=\"https:\/\/www.panfletonegro.com\/v\/2016\/03\/07\/53176\/screenshot_2016-02-22-23-00-40-1-1-2\/\" data-orig-file=\"https:\/\/i0.wp.com\/www.panfletonegro.com\/v\/wp-content\/uploads\/2016\/03\/Screenshot_2016-02-22-23-00-40-1-1-1.png?fit=538%2C742&amp;ssl=1\" data-orig-size=\"538,742\" data-comments-opened=\"1\" data-image-meta=\"{&quot;aperture&quot;:&quot;0&quot;,&quot;credit&quot;:&quot;&quot;,&quot;camera&quot;:&quot;&quot;,&quot;caption&quot;:&quot;&quot;,&quot;created_timestamp&quot;:&quot;0&quot;,&quot;copyright&quot;:&quot;&quot;,&quot;focal_length&quot;:&quot;0&quot;,&quot;iso&quot;:&quot;0&quot;,&quot;shutter_speed&quot;:&quot;0&quot;,&quot;title&quot;:&quot;&quot;,&quot;orientation&quot;:&quot;0&quot;}\" data-image-title=\"Screenshot_2016-02-22-23-00-40-1-1\" data-image-description=\"\" data-image-caption=\"\" data-large-file=\"https:\/\/i0.wp.com\/www.panfletonegro.com\/v\/wp-content\/uploads\/2016\/03\/Screenshot_2016-02-22-23-00-40-1-1-1.png?fit=538%2C742&amp;ssl=1\" class=\"aligncenter size-full wp-image-53205\" src=\"https:\/\/i0.wp.com\/www.panfletonegro.com\/v\/wp-content\/uploads\/2016\/03\/Screenshot_2016-02-22-23-00-40-1-1-1.png?resize=538%2C742\" alt=\"Screenshot_2016-02-22-23-00-40-1-1\" width=\"538\" height=\"742\" \/><\/p>\n<p style=\"text-align: justify\"><img data-recalc-dims=\"1\" loading=\"lazy\" decoding=\"async\" data-attachment-id=\"53208\" data-permalink=\"https:\/\/www.panfletonegro.com\/v\/2016\/03\/07\/53176\/screenshot_2016-02-22-23-00-44-1-1\/\" data-orig-file=\"https:\/\/i0.wp.com\/www.panfletonegro.com\/v\/wp-content\/uploads\/2016\/03\/Screenshot_2016-02-22-23-00-44-1-1.png?fit=539%2C242&amp;ssl=1\" data-orig-size=\"539,242\" data-comments-opened=\"1\" data-image-meta=\"{&quot;aperture&quot;:&quot;0&quot;,&quot;credit&quot;:&quot;&quot;,&quot;camera&quot;:&quot;&quot;,&quot;caption&quot;:&quot;&quot;,&quot;created_timestamp&quot;:&quot;0&quot;,&quot;copyright&quot;:&quot;&quot;,&quot;focal_length&quot;:&quot;0&quot;,&quot;iso&quot;:&quot;0&quot;,&quot;shutter_speed&quot;:&quot;0&quot;,&quot;title&quot;:&quot;&quot;,&quot;orientation&quot;:&quot;0&quot;}\" data-image-title=\"Screenshot_2016-02-22-23-00-44-1-1\" data-image-description=\"\" data-image-caption=\"\" data-large-file=\"https:\/\/i0.wp.com\/www.panfletonegro.com\/v\/wp-content\/uploads\/2016\/03\/Screenshot_2016-02-22-23-00-44-1-1.png?fit=539%2C242&amp;ssl=1\" class=\"aligncenter size-full wp-image-53208\" src=\"https:\/\/i0.wp.com\/www.panfletonegro.com\/v\/wp-content\/uploads\/2016\/03\/Screenshot_2016-02-22-23-00-44-1-1.png?resize=539%2C242\" alt=\"Screenshot_2016-02-22-23-00-44-1-1\" width=\"539\" height=\"242\" \/><\/p>\n<p style=\"text-align: justify\">La menci\u00f3n que hago del ecologismo y el anticapitalismo, deriva del chiste del d\u00eda, lo que cerr\u00f3 con broche de oro la constipaci\u00f3n que tienen estos grupos:<\/p>\n<p style=\"text-align: justify\"><img data-recalc-dims=\"1\" loading=\"lazy\" decoding=\"async\" data-attachment-id=\"53301\" data-permalink=\"https:\/\/www.panfletonegro.com\/v\/2016\/03\/07\/53176\/img1457376735975\/\" data-orig-file=\"https:\/\/i0.wp.com\/www.panfletonegro.com\/v\/wp-content\/uploads\/2016\/03\/img1457376735975.png?fit=525%2C236&amp;ssl=1\" data-orig-size=\"525,236\" data-comments-opened=\"1\" data-image-meta=\"{&quot;aperture&quot;:&quot;0&quot;,&quot;credit&quot;:&quot;&quot;,&quot;camera&quot;:&quot;&quot;,&quot;caption&quot;:&quot;&quot;,&quot;created_timestamp&quot;:&quot;0&quot;,&quot;copyright&quot;:&quot;&quot;,&quot;focal_length&quot;:&quot;0&quot;,&quot;iso&quot;:&quot;0&quot;,&quot;shutter_speed&quot;:&quot;0&quot;,&quot;title&quot;:&quot;&quot;,&quot;orientation&quot;:&quot;0&quot;}\" data-image-title=\"img1457376735975\" data-image-description=\"\" data-image-caption=\"\" data-large-file=\"https:\/\/i0.wp.com\/www.panfletonegro.com\/v\/wp-content\/uploads\/2016\/03\/img1457376735975.png?fit=525%2C236&amp;ssl=1\" class=\"aligncenter size-full wp-image-53301\" src=\"https:\/\/i0.wp.com\/www.panfletonegro.com\/v\/wp-content\/uploads\/2016\/03\/img1457376735975.png?resize=525%2C236\" alt=\"img1457376735975\" width=\"525\" height=\"236\" \/><\/p>\n<hr \/>\n<p style=\"text-align: justify\">No es mucho lo que puede argumentar alguien que no sabe de qu\u00e9 habla, sus recursos siempre son: llamar \u00abarrogante y prepotente\u00bb a quien les demuestra sus horrores, insultarlo y nunca facilitar estudios ni hechos, y claro, inventar que el emisor \u00abse cree intelectual\u00bb. Son muchos los delirios, y Lorena Zambrano result\u00f3 destilando el odio que hace mucho me ten\u00eda, del cual me enter\u00e9 en ese suceso. Pero no llenar\u00e9 esto de sus mensajes, pondr\u00e9 pocos, y luego comentar\u00e9 algo referente a Nietzsche, lo cual es una iron\u00eda deliciosa:<\/p>\n<p style=\"text-align: justify\"><img data-recalc-dims=\"1\" loading=\"lazy\" decoding=\"async\" data-attachment-id=\"53221\" data-permalink=\"https:\/\/www.panfletonegro.com\/v\/2016\/03\/07\/53176\/screenshot_2016-03-03-14-10-01-1-1\/\" data-orig-file=\"https:\/\/i0.wp.com\/www.panfletonegro.com\/v\/wp-content\/uploads\/2016\/03\/Screenshot_2016-03-03-14-10-01-1-1.png?fit=540%2C146&amp;ssl=1\" data-orig-size=\"540,146\" data-comments-opened=\"1\" data-image-meta=\"{&quot;aperture&quot;:&quot;0&quot;,&quot;credit&quot;:&quot;&quot;,&quot;camera&quot;:&quot;&quot;,&quot;caption&quot;:&quot;&quot;,&quot;created_timestamp&quot;:&quot;0&quot;,&quot;copyright&quot;:&quot;&quot;,&quot;focal_length&quot;:&quot;0&quot;,&quot;iso&quot;:&quot;0&quot;,&quot;shutter_speed&quot;:&quot;0&quot;,&quot;title&quot;:&quot;&quot;,&quot;orientation&quot;:&quot;0&quot;}\" data-image-title=\"Screenshot_2016-03-03-14-10-01-1-1\" data-image-description=\"\" data-image-caption=\"\" data-large-file=\"https:\/\/i0.wp.com\/www.panfletonegro.com\/v\/wp-content\/uploads\/2016\/03\/Screenshot_2016-03-03-14-10-01-1-1.png?fit=540%2C146&amp;ssl=1\" class=\"aligncenter size-full wp-image-53221\" src=\"https:\/\/i0.wp.com\/www.panfletonegro.com\/v\/wp-content\/uploads\/2016\/03\/Screenshot_2016-03-03-14-10-01-1-1.png?resize=540%2C146\" alt=\"Screenshot_2016-03-03-14-10-01-1-1\" width=\"540\" height=\"146\" \/><\/p>\n<figure id=\"attachment_53226\" aria-describedby=\"caption-attachment-53226\" style=\"width: 537px\" class=\"wp-caption aligncenter\"><img data-recalc-dims=\"1\" loading=\"lazy\" decoding=\"async\" data-attachment-id=\"53226\" data-permalink=\"https:\/\/www.panfletonegro.com\/v\/2016\/03\/07\/53176\/screenshot_2016-03-02-18-17-54-1-1\/\" data-orig-file=\"https:\/\/i0.wp.com\/www.panfletonegro.com\/v\/wp-content\/uploads\/2016\/03\/Screenshot_2016-03-02-18-17-54-1-1.png?fit=537%2C92&amp;ssl=1\" data-orig-size=\"537,92\" data-comments-opened=\"1\" data-image-meta=\"{&quot;aperture&quot;:&quot;0&quot;,&quot;credit&quot;:&quot;&quot;,&quot;camera&quot;:&quot;&quot;,&quot;caption&quot;:&quot;&quot;,&quot;created_timestamp&quot;:&quot;0&quot;,&quot;copyright&quot;:&quot;&quot;,&quot;focal_length&quot;:&quot;0&quot;,&quot;iso&quot;:&quot;0&quot;,&quot;shutter_speed&quot;:&quot;0&quot;,&quot;title&quot;:&quot;&quot;,&quot;orientation&quot;:&quot;0&quot;}\" data-image-title=\"Screenshot_2016-03-02-18-17-54-1-1\" data-image-description=\"\" data-image-caption=\"\" data-large-file=\"https:\/\/i0.wp.com\/www.panfletonegro.com\/v\/wp-content\/uploads\/2016\/03\/Screenshot_2016-03-02-18-17-54-1-1.png?fit=537%2C92&amp;ssl=1\" class=\"wp-image-53226 size-full\" src=\"https:\/\/i0.wp.com\/www.panfletonegro.com\/v\/wp-content\/uploads\/2016\/03\/Screenshot_2016-03-02-18-17-54-1-1.png?resize=537%2C92\" alt=\"Screenshot_2016-03-02-18-17-54-1-1\" width=\"537\" height=\"92\" \/><figcaption id=\"caption-attachment-53226\" class=\"wp-caption-text\"><em>Nadie le ha dicho que gaste algo en mis trabajos impresos, pero siempre aparece esta obsesi\u00f3n de atacar mi libro, ya que aunque no est\u00e9 diciendo algo acerca del mismo, su impotencia los lleva a mencionar esto.<\/em><\/figcaption><\/figure>\n<hr \/>\n<p>&nbsp;<\/p>\n<p style=\"text-align: justify\"><img data-recalc-dims=\"1\" loading=\"lazy\" decoding=\"async\" data-attachment-id=\"53225\" data-permalink=\"https:\/\/www.panfletonegro.com\/v\/2016\/03\/07\/53176\/img1457122055635\/\" data-orig-file=\"https:\/\/i0.wp.com\/www.panfletonegro.com\/v\/wp-content\/uploads\/2016\/03\/img1457122055635.png?fit=525%2C379&amp;ssl=1\" data-orig-size=\"525,379\" data-comments-opened=\"1\" data-image-meta=\"{&quot;aperture&quot;:&quot;0&quot;,&quot;credit&quot;:&quot;&quot;,&quot;camera&quot;:&quot;&quot;,&quot;caption&quot;:&quot;&quot;,&quot;created_timestamp&quot;:&quot;0&quot;,&quot;copyright&quot;:&quot;&quot;,&quot;focal_length&quot;:&quot;0&quot;,&quot;iso&quot;:&quot;0&quot;,&quot;shutter_speed&quot;:&quot;0&quot;,&quot;title&quot;:&quot;&quot;,&quot;orientation&quot;:&quot;0&quot;}\" data-image-title=\"img1457122055635\" data-image-description=\"\" data-image-caption=\"\" data-large-file=\"https:\/\/i0.wp.com\/www.panfletonegro.com\/v\/wp-content\/uploads\/2016\/03\/img1457122055635.png?fit=525%2C379&amp;ssl=1\" class=\"aligncenter size-full wp-image-53225\" src=\"https:\/\/i0.wp.com\/www.panfletonegro.com\/v\/wp-content\/uploads\/2016\/03\/img1457122055635.png?resize=525%2C379\" alt=\"img1457122055635\" width=\"525\" height=\"379\" \/><\/p>\n<hr \/>\n<p style=\"text-align: justify\">\u00abNazi\u00bb y \u00abracista\u00bb, este Donald Trump ecuatoriano tiene fuertes problemas, va m\u00e1s all\u00e1 de no saber de los temas que quiere hablar, desconocer la historia, los conceptos, las olas feministas, en fin. Ahora, cada respuesta a quien lo increpa, siempre trae su gran \u00abcultura\u00bb y razonamiento, como llamar \u00abpiltrafa\u00bb a una mujer, y es que no es porque sea mujer, basta con el maltrato a un individuo realizado de esta forma, pero como el tema que inici\u00f3 esto fue la supuesta \u00abdefensa de las mujeres\u00bb, comprender\u00e1n la raz\u00f3n para subrayarlo:<\/p>\n<figure id=\"attachment_53227\" aria-describedby=\"caption-attachment-53227\" style=\"width: 960px\" class=\"wp-caption aligncenter\"><img data-recalc-dims=\"1\" loading=\"lazy\" decoding=\"async\" data-attachment-id=\"53227\" data-permalink=\"https:\/\/www.panfletonegro.com\/v\/2016\/03\/07\/53176\/img1457109629558\/\" data-orig-file=\"https:\/\/i0.wp.com\/www.panfletonegro.com\/v\/wp-content\/uploads\/2016\/03\/img1457109629558.jpg?fit=960%2C960&amp;ssl=1\" data-orig-size=\"960,960\" data-comments-opened=\"1\" data-image-meta=\"{&quot;aperture&quot;:&quot;0&quot;,&quot;credit&quot;:&quot;&quot;,&quot;camera&quot;:&quot;&quot;,&quot;caption&quot;:&quot;&quot;,&quot;created_timestamp&quot;:&quot;0&quot;,&quot;copyright&quot;:&quot;&quot;,&quot;focal_length&quot;:&quot;0&quot;,&quot;iso&quot;:&quot;0&quot;,&quot;shutter_speed&quot;:&quot;0&quot;,&quot;title&quot;:&quot;&quot;,&quot;orientation&quot;:&quot;0&quot;}\" data-image-title=\"img1457109629558\" data-image-description=\"\" data-image-caption=\"\" data-large-file=\"https:\/\/i0.wp.com\/www.panfletonegro.com\/v\/wp-content\/uploads\/2016\/03\/img1457109629558.jpg?fit=696%2C557&amp;ssl=1\" class=\"wp-image-53227 size-full\" src=\"https:\/\/i0.wp.com\/www.panfletonegro.com\/v\/wp-content\/uploads\/2016\/03\/img1457109629558.jpg?resize=696%2C696\" alt=\"img1457109629558\" width=\"696\" height=\"696\" srcset=\"https:\/\/i0.wp.com\/www.panfletonegro.com\/v\/wp-content\/uploads\/2016\/03\/img1457109629558.jpg?w=960&amp;ssl=1 960w, https:\/\/i0.wp.com\/www.panfletonegro.com\/v\/wp-content\/uploads\/2016\/03\/img1457109629558.jpg?resize=150%2C150&amp;ssl=1 150w, https:\/\/i0.wp.com\/www.panfletonegro.com\/v\/wp-content\/uploads\/2016\/03\/img1457109629558.jpg?resize=768%2C768&amp;ssl=1 768w, https:\/\/i0.wp.com\/www.panfletonegro.com\/v\/wp-content\/uploads\/2016\/03\/img1457109629558.jpg?resize=32%2C32&amp;ssl=1 32w, https:\/\/i0.wp.com\/www.panfletonegro.com\/v\/wp-content\/uploads\/2016\/03\/img1457109629558.jpg?resize=64%2C64&amp;ssl=1 64w, https:\/\/i0.wp.com\/www.panfletonegro.com\/v\/wp-content\/uploads\/2016\/03\/img1457109629558.jpg?resize=96%2C96&amp;ssl=1 96w, https:\/\/i0.wp.com\/www.panfletonegro.com\/v\/wp-content\/uploads\/2016\/03\/img1457109629558.jpg?resize=128%2C128&amp;ssl=1 128w\" sizes=\"auto, (max-width: 696px) 100vw, 696px\" \/><figcaption id=\"caption-attachment-53227\" class=\"wp-caption-text\"><em>\u00abNo me etiquetes piltrafa\u00bb, esa es la mejor respuesta a un p\u00e1rrafo d\u00f3nde le reiteraban que segu\u00eda hablando de lo que no sab\u00eda (y difamando).<\/em> ~Esto sucedi\u00f3 en otro grupo de ateos, en Ateos Ecuatorianos, donde se cont\u00f3 mi caso y Gustavo entr\u00f3 insultando hasta a la administradora de ese grupo~<\/figcaption><\/figure>\n<hr \/>\n<figure id=\"attachment_53133\" aria-describedby=\"caption-attachment-53133\" style=\"width: 510px\" class=\"wp-caption aligncenter\"><img data-recalc-dims=\"1\" loading=\"lazy\" decoding=\"async\" data-attachment-id=\"53133\" data-permalink=\"https:\/\/www.panfletonegro.com\/v\/2016\/02\/26\/parte-2-contra-la-pacotilla-intelectual-hechos-y-relativismo\/b\/\" data-orig-file=\"https:\/\/i0.wp.com\/www.panfletonegro.com\/v\/wp-content\/uploads\/2016\/02\/b.jpg?fit=510%2C395&amp;ssl=1\" data-orig-size=\"510,395\" data-comments-opened=\"1\" data-image-meta=\"{&quot;aperture&quot;:&quot;0&quot;,&quot;credit&quot;:&quot;&quot;,&quot;camera&quot;:&quot;&quot;,&quot;caption&quot;:&quot;&quot;,&quot;created_timestamp&quot;:&quot;0&quot;,&quot;copyright&quot;:&quot;&quot;,&quot;focal_length&quot;:&quot;0&quot;,&quot;iso&quot;:&quot;0&quot;,&quot;shutter_speed&quot;:&quot;0&quot;,&quot;title&quot;:&quot;&quot;,&quot;orientation&quot;:&quot;0&quot;}\" data-image-title=\"b\" data-image-description=\"\" data-image-caption=\"&lt;p&gt;Uno de los temas en el libro. &lt;\/p&gt;\n\" data-large-file=\"https:\/\/i0.wp.com\/www.panfletonegro.com\/v\/wp-content\/uploads\/2016\/02\/b.jpg?fit=510%2C395&amp;ssl=1\" class=\"size-full wp-image-53133\" src=\"https:\/\/i0.wp.com\/www.panfletonegro.com\/v\/wp-content\/uploads\/2016\/02\/b.jpg?resize=510%2C395\" alt=\"Uno de los temas en el libro. \" width=\"510\" height=\"395\" \/><figcaption id=\"caption-attachment-53133\" class=\"wp-caption-text\">Uno de los temas en el libro.<\/figcaption><\/figure>\n<hr \/>\n<p style=\"text-align: justify\">En La Santa Iglesia de la Asociaci\u00f3n Atea Ecuatoriana, cada paso intenta superar al anterior. Ellos publican material de grupos desubicados, es que entre iguales se entienden. Veamos esta publicaci\u00f3n compartida desde el colectivo \u00abMarcha de las Putas de Guayaquil\u00bb:<\/p>\n<figure id=\"attachment_53263\" aria-describedby=\"caption-attachment-53263\" style=\"width: 525px\" class=\"wp-caption aligncenter\"><img data-recalc-dims=\"1\" loading=\"lazy\" decoding=\"async\" data-attachment-id=\"53263\" data-permalink=\"https:\/\/www.panfletonegro.com\/v\/2016\/03\/07\/53176\/img1457198544307\/\" data-orig-file=\"https:\/\/i0.wp.com\/www.panfletonegro.com\/v\/wp-content\/uploads\/2016\/03\/img1457198544307.png?fit=525%2C468&amp;ssl=1\" data-orig-size=\"525,468\" data-comments-opened=\"1\" data-image-meta=\"{&quot;aperture&quot;:&quot;0&quot;,&quot;credit&quot;:&quot;&quot;,&quot;camera&quot;:&quot;&quot;,&quot;caption&quot;:&quot;&quot;,&quot;created_timestamp&quot;:&quot;0&quot;,&quot;copyright&quot;:&quot;&quot;,&quot;focal_length&quot;:&quot;0&quot;,&quot;iso&quot;:&quot;0&quot;,&quot;shutter_speed&quot;:&quot;0&quot;,&quot;title&quot;:&quot;&quot;,&quot;orientation&quot;:&quot;0&quot;}\" data-image-title=\"img1457198544307\" data-image-description=\"\" data-image-caption=\"\" data-large-file=\"https:\/\/i0.wp.com\/www.panfletonegro.com\/v\/wp-content\/uploads\/2016\/03\/img1457198544307.png?fit=525%2C468&amp;ssl=1\" class=\"wp-image-53263 size-full\" src=\"https:\/\/i0.wp.com\/www.panfletonegro.com\/v\/wp-content\/uploads\/2016\/03\/img1457198544307.png?resize=525%2C468\" alt=\"img1457198544307\" width=\"525\" height=\"468\" \/><figcaption id=\"caption-attachment-53263\" class=\"wp-caption-text\">Ella es <strong>Lorena Zambrano<\/strong>, quien en sus perfiles (luego ver\u00e1n otros) se agrega con orgullo el apellido del famoso <strong>Nietzsche<\/strong>, algo entretenido, porque Nietzsche habl\u00f3 fuerte de las mujeres y es considerado <strong><em>mis\u00f3gino<\/em><\/strong>, <strong>machista<\/strong> y despreciable por muchas <strong>FEMINISTAS<\/strong>. Nietzsche se divertir\u00eda mucho con una \u00abanarcofeminista\u00bb.<\/figcaption><\/figure>\n<hr \/>\n<p>&nbsp;<\/p>\n<figure id=\"attachment_53249\" aria-describedby=\"caption-attachment-53249\" style=\"width: 454px\" class=\"wp-caption aligncenter\"><img data-recalc-dims=\"1\" loading=\"lazy\" decoding=\"async\" data-attachment-id=\"53249\" data-permalink=\"https:\/\/www.panfletonegro.com\/v\/2016\/03\/07\/53176\/img1457117510560\/\" data-orig-file=\"https:\/\/i0.wp.com\/www.panfletonegro.com\/v\/wp-content\/uploads\/2016\/03\/img1457117510560.png?fit=454%2C711&amp;ssl=1\" data-orig-size=\"454,711\" data-comments-opened=\"1\" data-image-meta=\"{&quot;aperture&quot;:&quot;0&quot;,&quot;credit&quot;:&quot;&quot;,&quot;camera&quot;:&quot;&quot;,&quot;caption&quot;:&quot;&quot;,&quot;created_timestamp&quot;:&quot;0&quot;,&quot;copyright&quot;:&quot;&quot;,&quot;focal_length&quot;:&quot;0&quot;,&quot;iso&quot;:&quot;0&quot;,&quot;shutter_speed&quot;:&quot;0&quot;,&quot;title&quot;:&quot;&quot;,&quot;orientation&quot;:&quot;0&quot;}\" data-image-title=\"img1457117510560\" data-image-description=\"\" data-image-caption=\"\" data-large-file=\"https:\/\/i0.wp.com\/www.panfletonegro.com\/v\/wp-content\/uploads\/2016\/03\/img1457117510560.png?fit=454%2C711&amp;ssl=1\" class=\"wp-image-53249 size-full\" src=\"https:\/\/i0.wp.com\/www.panfletonegro.com\/v\/wp-content\/uploads\/2016\/03\/img1457117510560.png?resize=454%2C711\" alt=\"img1457117510560\" width=\"454\" height=\"711\" \/><figcaption id=\"caption-attachment-53249\" class=\"wp-caption-text\">\u00abEres menos in\u00fatil\u00bb. Oh, qu\u00e9 muestra de igualdad y bonita forma de crear mensajes para manifestar. Es decir, el hombre es un ser in\u00fatil, y al hacer algo es menos in\u00fatil de lo que ya es. Ni nos imaginemos si alguien dice: \u00abMujer, jub\u00edlate a la misma edad que el hombre, as\u00ed ser\u00e1s menos in\u00fatil\u00bb. El esc\u00e1ndalo ser\u00eda enorme.<\/figcaption><\/figure>\n<hr \/>\n<p style=\"text-align: justify\">Qu\u00e9 joya tan grande. Un mensaje con cordura debe decir: \u00abNo eres menos hombre por lavar los platos, eso te hace m\u00e1s \u00fatil (porque debemos partir de la utilidad de todo ser humano) y ayuda a dividirnos las labores\u00bb. Por otro lado, siempre ha sido muy entretenido ver que sectores feministas denuncian, con mucho \u00e1nimo, el uso de la imagen de la mujer, para seducir y vender algo, la paranoia con la \u00abcosificaci\u00f3n\u00bb de la mujer, y mientras tanto, las que critican, son las que marchan desnudas. Uno no sabe si re\u00edr o llorar. Este tema es muy interesante en grupos de ateos de estos que son \u00abfeministas\u00bb por postureo y no saben nada del tema. Si se critica a los terceraolistas del feminismo, actitudes como las de Sarkeesian, o se pone un v\u00eddeo de <a href=\"https:\/\/youtu.be\/vNErQFmOwq0\" target=\"_blank\">Lauren Southern <\/a>\u00a0o <a href=\"https:\/\/youtu.be\/OfPhq1JiETg\" target=\"_blank\">Christina Hoff<\/a>, est\u00e1 mal, uno es \u00abmachista\u00bb, \u00abopresor\u00bb, \u00abpseudointelectual\u00bb (ay, es que hasta me da risa redactarlo), pero bastante que les gusta publicar cosas como esta:<\/p>\n<figure id=\"attachment_53250\" aria-describedby=\"caption-attachment-53250\" style=\"width: 524px\" class=\"wp-caption aligncenter\"><img data-recalc-dims=\"1\" loading=\"lazy\" decoding=\"async\" data-attachment-id=\"53250\" data-permalink=\"https:\/\/www.panfletonegro.com\/v\/2016\/03\/07\/53176\/img1457118809013\/\" data-orig-file=\"https:\/\/i0.wp.com\/www.panfletonegro.com\/v\/wp-content\/uploads\/2016\/03\/img1457118809013.png?fit=524%2C711&amp;ssl=1\" data-orig-size=\"524,711\" data-comments-opened=\"1\" data-image-meta=\"{&quot;aperture&quot;:&quot;0&quot;,&quot;credit&quot;:&quot;&quot;,&quot;camera&quot;:&quot;&quot;,&quot;caption&quot;:&quot;&quot;,&quot;created_timestamp&quot;:&quot;0&quot;,&quot;copyright&quot;:&quot;&quot;,&quot;focal_length&quot;:&quot;0&quot;,&quot;iso&quot;:&quot;0&quot;,&quot;shutter_speed&quot;:&quot;0&quot;,&quot;title&quot;:&quot;&quot;,&quot;orientation&quot;:&quot;0&quot;}\" data-image-title=\"img1457118809013\" data-image-description=\"\" data-image-caption=\"\" data-large-file=\"https:\/\/i0.wp.com\/www.panfletonegro.com\/v\/wp-content\/uploads\/2016\/03\/img1457118809013.png?fit=524%2C711&amp;ssl=1\" class=\"wp-image-53250 size-full\" src=\"https:\/\/i0.wp.com\/www.panfletonegro.com\/v\/wp-content\/uploads\/2016\/03\/img1457118809013.png?resize=524%2C711\" alt=\"img1457118809013\" width=\"524\" height=\"711\" \/><figcaption id=\"caption-attachment-53250\" class=\"wp-caption-text\"><em>\u00abNo quiero tu piropo\u00bb, \u00abno usen el cuerpo de la mujer como objeto sexual\u00bb, \u00abno me da risa un chiste porque es sexista\u00bb,\u00a0<\/em>eso es lo que gritan en coro, pero para hacer chistes o publicar lo que se ajuste a su visi\u00f3n cerrada: bienvenido.<\/figcaption><\/figure>\n<hr \/>\n<figure id=\"attachment_53262\" aria-describedby=\"caption-attachment-53262\" style=\"width: 545px\" class=\"wp-caption aligncenter\"><img data-recalc-dims=\"1\" loading=\"lazy\" decoding=\"async\" data-attachment-id=\"53262\" data-permalink=\"https:\/\/www.panfletonegro.com\/v\/2016\/03\/07\/53176\/fb_img_1457199158233\/\" data-orig-file=\"https:\/\/i0.wp.com\/www.panfletonegro.com\/v\/wp-content\/uploads\/2016\/03\/FB_IMG_1457199158233.jpg?fit=545%2C296&amp;ssl=1\" data-orig-size=\"545,296\" data-comments-opened=\"1\" data-image-meta=\"{&quot;aperture&quot;:&quot;0&quot;,&quot;credit&quot;:&quot;&quot;,&quot;camera&quot;:&quot;&quot;,&quot;caption&quot;:&quot;&quot;,&quot;created_timestamp&quot;:&quot;0&quot;,&quot;copyright&quot;:&quot;&quot;,&quot;focal_length&quot;:&quot;0&quot;,&quot;iso&quot;:&quot;0&quot;,&quot;shutter_speed&quot;:&quot;0&quot;,&quot;title&quot;:&quot;&quot;,&quot;orientation&quot;:&quot;0&quot;}\" data-image-title=\"FB_IMG_1457199158233\" data-image-description=\"\" data-image-caption=\"\" data-large-file=\"https:\/\/i0.wp.com\/www.panfletonegro.com\/v\/wp-content\/uploads\/2016\/03\/FB_IMG_1457199158233.jpg?fit=545%2C296&amp;ssl=1\" class=\"wp-image-53262 size-full\" src=\"https:\/\/i0.wp.com\/www.panfletonegro.com\/v\/wp-content\/uploads\/2016\/03\/FB_IMG_1457199158233.jpg?resize=545%2C296\" alt=\"FB_IMG_1457199158233\" width=\"545\" height=\"296\" \/><figcaption id=\"caption-attachment-53262\" class=\"wp-caption-text\">Dentro de estos colectivos hay cr\u00edticas si una mujer se maquilla, si se viste de una u otra forma libre, si se depila, si es delgada, si es delicada&#8230; Hay dogmas, y quien no los cumpla, es una disidente oprimida por el patriarcado.<\/figcaption><\/figure>\n<hr \/>\n<figure id=\"attachment_53305\" aria-describedby=\"caption-attachment-53305\" style=\"width: 480px\" class=\"wp-caption aligncenter\"><img data-recalc-dims=\"1\" loading=\"lazy\" decoding=\"async\" data-attachment-id=\"53305\" data-permalink=\"https:\/\/www.panfletonegro.com\/v\/2016\/03\/07\/53176\/fb_img_1457382308943\/\" data-orig-file=\"https:\/\/i0.wp.com\/www.panfletonegro.com\/v\/wp-content\/uploads\/2016\/03\/FB_IMG_1457382308943.jpg?fit=480%2C573&amp;ssl=1\" data-orig-size=\"480,573\" data-comments-opened=\"1\" data-image-meta=\"{&quot;aperture&quot;:&quot;0&quot;,&quot;credit&quot;:&quot;&quot;,&quot;camera&quot;:&quot;&quot;,&quot;caption&quot;:&quot;&quot;,&quot;created_timestamp&quot;:&quot;0&quot;,&quot;copyright&quot;:&quot;&quot;,&quot;focal_length&quot;:&quot;0&quot;,&quot;iso&quot;:&quot;0&quot;,&quot;shutter_speed&quot;:&quot;0&quot;,&quot;title&quot;:&quot;&quot;,&quot;orientation&quot;:&quot;0&quot;}\" data-image-title=\"FB_IMG_1457382308943\" data-image-description=\"\" data-image-caption=\"&lt;p&gt;BuzzFeed: As\u00ed es como los trajes de ba\u00f1o de Victoria Secret se ven en mujeres reales. Es dif\u00edcil describir esto, una mujer real es gorda, porque han cre\u00eddo que despreciar a las delgadas le da valor a las gordas, su razonamiento es tan bajo que no le hace ning\u00fan favor a las gordas. Ambas mujeres son lindas, y seguro tienen grandes cualidades, dar privilegio a una no es una \u00ablucha\u00bb, no es argumento, no es aporte para avanzar. Y claro, lo OBVIO, la mujer delgada tambi\u00e9n es real, existen muchas, como la que est\u00e1 modelando el traje de ba\u00f1o, ignorantes. La paranoia es tan grande, que medios masivos como BuzzFeed dan gala de la irracionalidad con orgullo.&lt;\/p&gt;\n\" data-large-file=\"https:\/\/i0.wp.com\/www.panfletonegro.com\/v\/wp-content\/uploads\/2016\/03\/FB_IMG_1457382308943.jpg?fit=480%2C573&amp;ssl=1\" class=\"wp-image-53305 size-full\" src=\"https:\/\/i0.wp.com\/www.panfletonegro.com\/v\/wp-content\/uploads\/2016\/03\/FB_IMG_1457382308943.jpg?resize=480%2C573&#038;ssl=1\" alt=\"BuzzFeed: As\u00ed es como los trajes de ba\u00f1o de Victoria Secret se ven en mujeres reales. Es dif\u00edcil describir esto, una mujer real es gorda, porque han cre\u00eddo que despreciar a las delgadas le da valor a las gordas, su razonamiento es tan bajo que no le hace ning\u00fan favor a las gordas. Ambas mujeres son lindas, y seguro tienen grandes cualidades, dar privilegio a una no es una &quot;lucha&quot;, no es argumento, no es aporte para avanzar. Y claro, lo OBVIO, la mujer delgada tambi\u00e9n es real, existen muchas, como la que est\u00e1 modelando el traje de ba\u00f1o, ignorantes. La paranoia es tan grande, que medios masivos como BuzzFeed dan gala de la irracionalidad con orgullo.\" width=\"480\" height=\"573\" \/><figcaption id=\"caption-attachment-53305\" class=\"wp-caption-text\">BuzzFeed: \u00abAs\u00ed es como los trajes de ba\u00f1o de Victoria Secret se ven en mujeres reales\u00bb. La paranoia es tan grande, que medios masivos como BuzzFeed dan gala de la irracionalidad con orgullo, este medio es uno de los principales para estos casos.<\/figcaption><\/figure>\n<hr \/>\n<figure id=\"attachment_53307\" aria-describedby=\"caption-attachment-53307\" style=\"width: 720px\" class=\"wp-caption aligncenter\"><img data-recalc-dims=\"1\" loading=\"lazy\" decoding=\"async\" data-attachment-id=\"53307\" data-permalink=\"https:\/\/www.panfletonegro.com\/v\/2016\/03\/07\/53176\/380239_468844323142358_1053724552_n\/\" data-orig-file=\"https:\/\/i0.wp.com\/www.panfletonegro.com\/v\/wp-content\/uploads\/2016\/03\/380239_468844323142358_1053724552_n.jpg?fit=720%2C540&amp;ssl=1\" data-orig-size=\"720,540\" data-comments-opened=\"1\" data-image-meta=\"{&quot;aperture&quot;:&quot;0&quot;,&quot;credit&quot;:&quot;&quot;,&quot;camera&quot;:&quot;&quot;,&quot;caption&quot;:&quot;&quot;,&quot;created_timestamp&quot;:&quot;0&quot;,&quot;copyright&quot;:&quot;&quot;,&quot;focal_length&quot;:&quot;0&quot;,&quot;iso&quot;:&quot;0&quot;,&quot;shutter_speed&quot;:&quot;0&quot;,&quot;title&quot;:&quot;&quot;,&quot;orientation&quot;:&quot;0&quot;}\" data-image-title=\"380239_468844323142358_1053724552_n\" data-image-description=\"\" data-image-caption=\"&lt;p&gt;Cambien de lugar las palabras \u00abmujer\u00bb y \u00abhombre\u00bb, ahora cierren los ojos e imaginen el esc\u00e1ndalo, la locura en Youtube, en memes, y si la lleva puesta un hombre&amp;#8230;&lt;\/p&gt;\n\" data-large-file=\"https:\/\/i0.wp.com\/www.panfletonegro.com\/v\/wp-content\/uploads\/2016\/03\/380239_468844323142358_1053724552_n.jpg?fit=696%2C522&amp;ssl=1\" class=\"size-full wp-image-53307\" src=\"https:\/\/i0.wp.com\/www.panfletonegro.com\/v\/wp-content\/uploads\/2016\/03\/380239_468844323142358_1053724552_n.jpg?resize=696%2C522\" alt=\"Cambien de lugar las palabras &quot;mujer&quot; y &quot;hombre&quot;, ahora cierren los ojos e imaginen el esc\u00e1ndalo, la locura en Youtube, en memes, y si la lleva puesta un hombre...\" width=\"696\" height=\"522\" srcset=\"https:\/\/i0.wp.com\/www.panfletonegro.com\/v\/wp-content\/uploads\/2016\/03\/380239_468844323142358_1053724552_n.jpg?w=720&amp;ssl=1 720w, https:\/\/i0.wp.com\/www.panfletonegro.com\/v\/wp-content\/uploads\/2016\/03\/380239_468844323142358_1053724552_n.jpg?resize=640%2C480&amp;ssl=1 640w\" sizes=\"auto, (max-width: 696px) 100vw, 696px\" \/><figcaption id=\"caption-attachment-53307\" class=\"wp-caption-text\">Cambien de lugar las palabras \u00abmujer\u00bb y \u00abhombre\u00bb, y que se lleve a un acto p\u00fablico (por ejemplo, despu\u00e9s de un descubrimiento cient\u00edfico), ahora cierren los ojos e imaginen el esc\u00e1ndalo, la locura en Youtube, en memes, y si la lleva puesta un hombre&#8230;<\/figcaption><\/figure>\n<hr \/>\n<p><img data-recalc-dims=\"1\" loading=\"lazy\" decoding=\"async\" data-attachment-id=\"53309\" data-permalink=\"https:\/\/www.panfletonegro.com\/v\/2016\/03\/07\/53176\/screenshot_2016-03-07-15-44-29-1\/\" data-orig-file=\"https:\/\/i0.wp.com\/www.panfletonegro.com\/v\/wp-content\/uploads\/2016\/03\/Screenshot_2016-03-07-15-44-29-1.png?fit=538%2C438&amp;ssl=1\" data-orig-size=\"538,438\" data-comments-opened=\"1\" data-image-meta=\"{&quot;aperture&quot;:&quot;0&quot;,&quot;credit&quot;:&quot;&quot;,&quot;camera&quot;:&quot;&quot;,&quot;caption&quot;:&quot;&quot;,&quot;created_timestamp&quot;:&quot;0&quot;,&quot;copyright&quot;:&quot;&quot;,&quot;focal_length&quot;:&quot;0&quot;,&quot;iso&quot;:&quot;0&quot;,&quot;shutter_speed&quot;:&quot;0&quot;,&quot;title&quot;:&quot;&quot;,&quot;orientation&quot;:&quot;0&quot;}\" data-image-title=\"Screenshot_2016-03-07-15-44-29-1\" data-image-description=\"\" data-image-caption=\"\" data-large-file=\"https:\/\/i0.wp.com\/www.panfletonegro.com\/v\/wp-content\/uploads\/2016\/03\/Screenshot_2016-03-07-15-44-29-1.png?fit=538%2C438&amp;ssl=1\" class=\"aligncenter size-full wp-image-53309\" src=\"https:\/\/i0.wp.com\/www.panfletonegro.com\/v\/wp-content\/uploads\/2016\/03\/Screenshot_2016-03-07-15-44-29-1.png?resize=538%2C438\" alt=\"Screenshot_2016-03-07-15-44-29-1\" width=\"538\" height=\"438\" \/><\/p>\n<figure id=\"attachment_53121\" aria-describedby=\"caption-attachment-53121\" style=\"width: 960px\" class=\"wp-caption aligncenter\"><img data-recalc-dims=\"1\" loading=\"lazy\" decoding=\"async\" data-attachment-id=\"53121\" data-permalink=\"https:\/\/www.panfletonegro.com\/v\/2016\/02\/26\/parte-2-contra-la-pacotilla-intelectual-hechos-y-relativismo\/img1456270184467\/\" data-orig-file=\"https:\/\/i0.wp.com\/www.panfletonegro.com\/v\/wp-content\/uploads\/2016\/02\/img1456270184467.jpg?fit=960%2C1279&amp;ssl=1\" data-orig-size=\"960,1279\" data-comments-opened=\"1\" data-image-meta=\"{&quot;aperture&quot;:&quot;0&quot;,&quot;credit&quot;:&quot;&quot;,&quot;camera&quot;:&quot;&quot;,&quot;caption&quot;:&quot;&quot;,&quot;created_timestamp&quot;:&quot;0&quot;,&quot;copyright&quot;:&quot;&quot;,&quot;focal_length&quot;:&quot;0&quot;,&quot;iso&quot;:&quot;0&quot;,&quot;shutter_speed&quot;:&quot;0&quot;,&quot;title&quot;:&quot;&quot;,&quot;orientation&quot;:&quot;0&quot;}\" data-image-title=\"img1456270184467\" data-image-description=\"\" data-image-caption=\"&lt;p&gt;Luchas y luchos en la idioma y el idiomo.&lt;\/p&gt;\n\" data-large-file=\"https:\/\/i0.wp.com\/www.panfletonegro.com\/v\/wp-content\/uploads\/2016\/02\/img1456270184467.jpg?fit=696%2C557&amp;ssl=1\" class=\"size-full wp-image-53121\" src=\"https:\/\/i0.wp.com\/www.panfletonegro.com\/v\/wp-content\/uploads\/2016\/02\/img1456270184467.jpg?resize=696%2C927\" alt=\"Luchas y luchos en la idioma y el idiomo.\" width=\"696\" height=\"927\" srcset=\"https:\/\/i0.wp.com\/www.panfletonegro.com\/v\/wp-content\/uploads\/2016\/02\/img1456270184467.jpg?w=960&amp;ssl=1 960w, https:\/\/i0.wp.com\/www.panfletonegro.com\/v\/wp-content\/uploads\/2016\/02\/img1456270184467.jpg?resize=768%2C1023&amp;ssl=1 768w\" sizes=\"auto, (max-width: 696px) 100vw, 696px\" \/><figcaption id=\"caption-attachment-53121\" class=\"wp-caption-text\"><em>Todxs est\u00e1n invitadxs<\/em>, l@s miembr@s siguen en <em>luchas y luchos en la idioma y el idiomo.<\/em><\/figcaption><\/figure>\n<hr \/>\n<p style=\"text-align: justify\">Adem\u00e1s, les gusta aparentar que piden respeto para la mujer, sin embargo, por dar un ejemplo simple y reciente, el mi\u00e9rcoles de ceniza muchos se enloquecieron publicando una imagen de una mujer, con la cruz de ceniza en la frente, y una flecha se\u00f1alando con la frase: \u00abinserte cerebro ac\u00e1\u00bb. Humor es humor, pero debe llevar ingenio y congruencia. Estas personas no saben ni de coherencia.<\/p>\n<p style=\"text-align: justify\">Hablando de malos intentos de humor, a veces se intenta tapar la ignorancia e incoherencia, inventando que se ha usado \u00absarcasmo\u00bb, cuando, para empezar, ni siquiera saben qu\u00e9 es sarcasmo. Esta fue la imagen que publicaron despu\u00e9s de difamar a mucha gente, diciendo que eran machistas, solo por no comulgar con ellos:<\/p>\n<figure id=\"attachment_53253\" aria-describedby=\"caption-attachment-53253\" style=\"width: 540px\" class=\"wp-caption aligncenter\"><img data-recalc-dims=\"1\" loading=\"lazy\" decoding=\"async\" data-attachment-id=\"53253\" data-permalink=\"https:\/\/www.panfletonegro.com\/v\/2016\/03\/07\/53176\/screenshot_2016-03-01-13-30-20-1\/\" data-orig-file=\"https:\/\/i0.wp.com\/www.panfletonegro.com\/v\/wp-content\/uploads\/2016\/03\/Screenshot_2016-03-01-13-30-20-1.png?fit=540%2C794&amp;ssl=1\" data-orig-size=\"540,794\" data-comments-opened=\"1\" data-image-meta=\"{&quot;aperture&quot;:&quot;0&quot;,&quot;credit&quot;:&quot;&quot;,&quot;camera&quot;:&quot;&quot;,&quot;caption&quot;:&quot;&quot;,&quot;created_timestamp&quot;:&quot;0&quot;,&quot;copyright&quot;:&quot;&quot;,&quot;focal_length&quot;:&quot;0&quot;,&quot;iso&quot;:&quot;0&quot;,&quot;shutter_speed&quot;:&quot;0&quot;,&quot;title&quot;:&quot;&quot;,&quot;orientation&quot;:&quot;0&quot;}\" data-image-title=\"Screenshot_2016-03-01-13-30-20-1\" data-image-description=\"\" data-image-caption=\"\" data-large-file=\"https:\/\/i0.wp.com\/www.panfletonegro.com\/v\/wp-content\/uploads\/2016\/03\/Screenshot_2016-03-01-13-30-20-1.png?fit=540%2C768&amp;ssl=1\" class=\"wp-image-53253 size-full\" src=\"https:\/\/i0.wp.com\/www.panfletonegro.com\/v\/wp-content\/uploads\/2016\/03\/Screenshot_2016-03-01-13-30-20-1.png?resize=540%2C794\" alt=\"Screenshot_2016-03-01-13-30-20-1\" width=\"540\" height=\"794\" \/><figcaption id=\"caption-attachment-53253\" class=\"wp-caption-text\">Este es un meme para se\u00f1alar, con humor, la tendencia a ser delicado y sereno, como la esencia femenina biol\u00f3gica y fisiol\u00f3gicamente, en matices generales, para actuar frente a alguna labor o lo que el editor quiera moldear. No tiene ninguna congruencia ni finalidad, que lo usen personas que ven machismo y sexismo en todas partes, porque con esa visi\u00f3n, esto es sexista, es una forma despectiva contra mujeres y homosexuales, y peor a\u00fan cuando le acompa\u00f1a ese mensaje.<\/figcaption><\/figure>\n<hr \/>\n<p style=\"text-align: justify\">Cuando le dijeron a Gustavo que eso era sexista (todav\u00eda queda gente que analiza todo este panorama), y se burlaba de la mujer, porque evidentemente pone al hombre como v\u00edctima, emulando a una mujer para, precisamente mostrarse d\u00e9bil y victimizado (es tan obvio), \u00e9l, al mejor estilo de Donald Trump, justific\u00f3 su acci\u00f3n, expuls\u00f3 m\u00e1s gente, no reconoci\u00f3 el error -nunca lo hace-, e invent\u00f3 que era \u00absarcasmo\u00bb. Uno no sabe si re\u00edr o&#8230; s\u00ed, mejor re\u00edr, pero es que el chiste est\u00e1 en que muchas personas creen que tomar una imagen y poner algo tan absurdo, ya es ingenioso. No, para el humor se necesita inteligencia. Hay personas que intentan hacer humor con las diferencias de color de piel, y solo est\u00e1n siendo racistas, no saben crear una conexi\u00f3n de conocimiento con gracia, caso contrario pasa con otros, como Chris Rock* o Eliot Chang**, quienes siendo negro* y de descendencia asi\u00e1tica**, respectivamente, crean chistes de negros y asi\u00e1ticos, y son geniales, no es racismo, es humor con el absurdo de los prejuicios y los excesos. Repito, el buen humor requiere conocimiento. Por cierto, <a href=\"https:\/\/youtu.be\/YFmCNIY2QtI\" target=\"_blank\">Eliot Chang tiene una rutina acerca de mujeres<\/a>, que evolucionada dos puntos, provocar\u00eda c\u00f3licos cada diez segundos a las de Frecuencia Feminista y, particularmente, otro doctorado de victimizaci\u00f3n para Anita Sarkeesian.<\/p>\n<p style=\"text-align: justify\">Ahora veamos otro banquete en el liderazgo de AAE, con Lorena Zambrano, orgullosa de agregar frases de Nietzsche, fotos de sus libros, y a\u00f1adir ese apellido para ella: Lorena Nietzsche, y voy a tratar de terminar con este tema, porque solo he usado la jerarqu\u00eda y capturas de lo m\u00e1s repetido por la base de ese grupo. Para ver las conversaciones completas, pueden entrar en su red, si a\u00fan tienen las publicaciones para todo p\u00fablico. Mis comentarios y todas las referencias, fueron borradas cuando me expulsaron y siguieron repitiendo\u00a0las mentiras ya narradas.<\/p>\n<p style=\"text-align: justify\">As\u00ed festeja la iron\u00eda:<\/p>\n<figure id=\"attachment_53264\" aria-describedby=\"caption-attachment-53264\" style=\"width: 525px\" class=\"wp-caption aligncenter\"><img data-recalc-dims=\"1\" loading=\"lazy\" decoding=\"async\" data-attachment-id=\"53264\" data-permalink=\"https:\/\/www.panfletonegro.com\/v\/2016\/03\/07\/53176\/img1457198223915\/\" data-orig-file=\"https:\/\/i0.wp.com\/www.panfletonegro.com\/v\/wp-content\/uploads\/2016\/03\/img1457198223915.png?fit=525%2C376&amp;ssl=1\" data-orig-size=\"525,376\" data-comments-opened=\"1\" data-image-meta=\"{&quot;aperture&quot;:&quot;0&quot;,&quot;credit&quot;:&quot;&quot;,&quot;camera&quot;:&quot;&quot;,&quot;caption&quot;:&quot;&quot;,&quot;created_timestamp&quot;:&quot;0&quot;,&quot;copyright&quot;:&quot;&quot;,&quot;focal_length&quot;:&quot;0&quot;,&quot;iso&quot;:&quot;0&quot;,&quot;shutter_speed&quot;:&quot;0&quot;,&quot;title&quot;:&quot;&quot;,&quot;orientation&quot;:&quot;0&quot;}\" data-image-title=\"img1457198223915\" data-image-description=\"\" data-image-caption=\"&lt;p&gt;Nietzsche sigue siendo objeto de cr\u00edticas y odio, por su lado agresivo con las mujeres. Cuando una mujer que ve machismo en todos lados y es anarcofeminista, se molesta si muestran errores en el feminismo, pero adora a un autor despreciado en el feminismo, podemos escuchar esto del mismo personaje: &lt;\/p&gt;\n&lt;p&gt;\u00abHay mujeres que, por mucho que en ellas se busque, no tienen interior, no son m\u00e1s que m\u00e1scaras. Hay que compadecer al hombre que se abandona a estos seres casi fantasmales, necesariamente incapaces de satisfacer\u00bb. ~Friedrich Nietzsche, de Humano, demasiado humano.&lt;\/p&gt;\n\" data-large-file=\"https:\/\/i0.wp.com\/www.panfletonegro.com\/v\/wp-content\/uploads\/2016\/03\/img1457198223915.png?fit=525%2C376&amp;ssl=1\" class=\"wp-image-53264 size-full\" src=\"https:\/\/i0.wp.com\/www.panfletonegro.com\/v\/wp-content\/uploads\/2016\/03\/img1457198223915.png?resize=525%2C376\" alt=\"Nietzsche sigue siendo objeto de cr\u00edticas y odio, por su lado agresivo con las mujeres. Cuando una mujer que ve machismo en todos lados y es anarcofeminista, se molesta si muestran errores en el feminismo, pero adora a un autor despreciado en el feminismo, podemos escuchar esto del mismo personaje: &quot;Hay mujeres que, por mucho que en ellas se busque, no tienen interior, no son m\u00e1s que m\u00e1scaras. Hay que compadecer al hombre que se abandona a estos seres casi fantasmales, necesariamente incapaces de satisfacer&quot;. ~Friedrich Nietzsche, de Humano, demasiado humano.\" width=\"525\" height=\"376\" \/><figcaption id=\"caption-attachment-53264\" class=\"wp-caption-text\">Nietzsche sigue siendo objeto de cr\u00edticas y odio, por su lado agresivo con las mujeres. Cuando una mujer que ve machismo en todos lados y es anarcofeminista, se molesta si muestran errores en el feminismo, pero adora a un autor despreciado en el feminismo, podemos escuchar esto del mismo personaje:<br \/>\u00abHay mujeres que, por mucho que se busque en ellas, no tienen interior, no son m\u00e1s que m\u00e1scaras. Es de compadecer el hombre que se abandona a estos seres casi fantasmales, necesariamente incapaces de satisfacer\u00bb. Friedrich Nietzsche, de Humano, demasiado humano.<\/figcaption><\/figure>\n<hr \/>\n<p>&nbsp;<\/p>\n<figure id=\"attachment_53265\" aria-describedby=\"caption-attachment-53265\" style=\"width: 525px\" class=\"wp-caption aligncenter\"><img data-recalc-dims=\"1\" loading=\"lazy\" decoding=\"async\" data-attachment-id=\"53265\" data-permalink=\"https:\/\/www.panfletonegro.com\/v\/2016\/03\/07\/53176\/img1457198282839\/\" data-orig-file=\"https:\/\/i0.wp.com\/www.panfletonegro.com\/v\/wp-content\/uploads\/2016\/03\/img1457198282839.png?fit=525%2C262&amp;ssl=1\" data-orig-size=\"525,262\" data-comments-opened=\"1\" data-image-meta=\"{&quot;aperture&quot;:&quot;0&quot;,&quot;credit&quot;:&quot;&quot;,&quot;camera&quot;:&quot;&quot;,&quot;caption&quot;:&quot;&quot;,&quot;created_timestamp&quot;:&quot;0&quot;,&quot;copyright&quot;:&quot;&quot;,&quot;focal_length&quot;:&quot;0&quot;,&quot;iso&quot;:&quot;0&quot;,&quot;shutter_speed&quot;:&quot;0&quot;,&quot;title&quot;:&quot;&quot;,&quot;orientation&quot;:&quot;0&quot;}\" data-image-title=\"img1457198282839\" data-image-description=\"\" data-image-caption=\"\" data-large-file=\"https:\/\/i0.wp.com\/www.panfletonegro.com\/v\/wp-content\/uploads\/2016\/03\/img1457198282839.png?fit=525%2C262&amp;ssl=1\" class=\"wp-image-53265 size-full\" src=\"https:\/\/i0.wp.com\/www.panfletonegro.com\/v\/wp-content\/uploads\/2016\/03\/img1457198282839.png?resize=525%2C262\" alt=\"img1457198282839\" width=\"525\" height=\"262\" \/><figcaption id=\"caption-attachment-53265\" class=\"wp-caption-text\">Otro de sus perfiles.<\/figcaption><\/figure>\n<hr \/>\n<figure id=\"attachment_53266\" aria-describedby=\"caption-attachment-53266\" style=\"width: 525px\" class=\"wp-caption aligncenter\"><img data-recalc-dims=\"1\" loading=\"lazy\" decoding=\"async\" data-attachment-id=\"53266\" data-permalink=\"https:\/\/www.panfletonegro.com\/v\/2016\/03\/07\/53176\/img1457198133014\/\" data-orig-file=\"https:\/\/i0.wp.com\/www.panfletonegro.com\/v\/wp-content\/uploads\/2016\/03\/img1457198133014.png?fit=525%2C293&amp;ssl=1\" data-orig-size=\"525,293\" data-comments-opened=\"1\" data-image-meta=\"{&quot;aperture&quot;:&quot;0&quot;,&quot;credit&quot;:&quot;&quot;,&quot;camera&quot;:&quot;&quot;,&quot;caption&quot;:&quot;&quot;,&quot;created_timestamp&quot;:&quot;0&quot;,&quot;copyright&quot;:&quot;&quot;,&quot;focal_length&quot;:&quot;0&quot;,&quot;iso&quot;:&quot;0&quot;,&quot;shutter_speed&quot;:&quot;0&quot;,&quot;title&quot;:&quot;&quot;,&quot;orientation&quot;:&quot;0&quot;}\" data-image-title=\"img1457198133014\" data-image-description=\"\" data-image-caption=\"&lt;p&gt;Y otro perfil, este de FanPage.&lt;\/p&gt;\n\" data-large-file=\"https:\/\/i0.wp.com\/www.panfletonegro.com\/v\/wp-content\/uploads\/2016\/03\/img1457198133014.png?fit=525%2C293&amp;ssl=1\" class=\"size-full wp-image-53266\" src=\"https:\/\/i0.wp.com\/www.panfletonegro.com\/v\/wp-content\/uploads\/2016\/03\/img1457198133014.png?resize=525%2C293\" alt=\"Y otro perfil, este de FanPage.\" width=\"525\" height=\"293\" \/><figcaption id=\"caption-attachment-53266\" class=\"wp-caption-text\">Y otro perfil, este de FanPage.<\/figcaption><\/figure>\n<hr \/>\n<p style=\"text-align: justify\">Nietzsche es un gran personaje, su legado supera \u00e9pocas, pero debido a los problemas que tuvo en el amor, escrib\u00eda y dec\u00eda cosas muy fuertes acerca de las mujeres. En \u00abAs\u00ed habl\u00f3 Zaratustra\u00bb dej\u00f3 plasmados pensamientos que, sin duda, fueron una forma de expresar malas experiencias, en un tono duro, como dura fue su m\u00e1s famosa historia con\u00a0Lou Andreas-Salom\u00e9. Claro, esto no quita m\u00e9ritos a la potencia intelectual de Friedrich Nietzsche en temas acad\u00e9micos, con los problemas filos\u00f3ficos y todo, recordemos que lo se\u00f1alado ac\u00e1 es el v\u00ednculo y admiraci\u00f3n incongruente y absurdo con muchas mujeres, como Lorena Zambrano (Nietzsche), porque por ser \u00abfeministas\u00bb, anarcofeministas, feminifascistas al estilo Sarkeesian, o lo que quieran etiquetar, est\u00e1n mostrando mucho desconocimiento, y claro, la incoherencia ya marcada de del postureo.<\/p>\n<p style=\"text-align: justify\">Vamos a la p\u00e1gina de la frase que cit\u00e9 de Nietzsche en la imagen del perfil de Lorena Z.<\/p>\n<figure id=\"attachment_53270\" aria-describedby=\"caption-attachment-53270\" style=\"width: 894px\" class=\"wp-caption aligncenter\"><img data-recalc-dims=\"1\" loading=\"lazy\" decoding=\"async\" data-attachment-id=\"53270\" data-permalink=\"https:\/\/www.panfletonegro.com\/v\/2016\/03\/07\/53176\/screenshot_2016-03-05-12-54-36-1\/\" data-orig-file=\"https:\/\/i0.wp.com\/www.panfletonegro.com\/v\/wp-content\/uploads\/2016\/03\/Screenshot_2016-03-05-12-54-36-1.png?fit=894%2C489&amp;ssl=1\" data-orig-size=\"894,489\" data-comments-opened=\"1\" data-image-meta=\"{&quot;aperture&quot;:&quot;0&quot;,&quot;credit&quot;:&quot;&quot;,&quot;camera&quot;:&quot;&quot;,&quot;caption&quot;:&quot;&quot;,&quot;created_timestamp&quot;:&quot;0&quot;,&quot;copyright&quot;:&quot;&quot;,&quot;focal_length&quot;:&quot;0&quot;,&quot;iso&quot;:&quot;0&quot;,&quot;shutter_speed&quot;:&quot;0&quot;,&quot;title&quot;:&quot;&quot;,&quot;orientation&quot;:&quot;0&quot;}\" data-image-title=\"Screenshot_2016-03-05-12-54-36-1\" data-image-description=\"\" data-image-caption=\"\" data-large-file=\"https:\/\/i0.wp.com\/www.panfletonegro.com\/v\/wp-content\/uploads\/2016\/03\/Screenshot_2016-03-05-12-54-36-1.png?fit=696%2C381&amp;ssl=1\" class=\"wp-image-53270 size-full\" src=\"https:\/\/i0.wp.com\/www.panfletonegro.com\/v\/wp-content\/uploads\/2016\/03\/Screenshot_2016-03-05-12-54-36-1.png?resize=696%2C381\" alt=\"Screenshot_2016-03-05-12-54-36-1\" width=\"696\" height=\"381\" srcset=\"https:\/\/i0.wp.com\/www.panfletonegro.com\/v\/wp-content\/uploads\/2016\/03\/Screenshot_2016-03-05-12-54-36-1.png?w=894&amp;ssl=1 894w, https:\/\/i0.wp.com\/www.panfletonegro.com\/v\/wp-content\/uploads\/2016\/03\/Screenshot_2016-03-05-12-54-36-1.png?resize=768%2C420&amp;ssl=1 768w\" sizes=\"auto, (max-width: 696px) 100vw, 696px\" \/><figcaption id=\"caption-attachment-53270\" class=\"wp-caption-text\">\u00ab&#8230; persiguen justamente el mismo fin que las cortesanas, s\u00f3lo que \u00e9stas son m\u00e1s malignas y deshonestas. Hay mujeres que, por mucho que se busque en ellas, no tienen interior, no son m\u00e1s que m\u00e1scaras. Es de compadecer el hombre que se abandona a estos seres casi fantasmales, necesariamente incapaces de satisfacer (\u2026)\u00bb. Friedrich Nietzsche, de Humano, demasiado humano\u00bb.<\/figcaption><\/figure>\n<hr \/>\n<p style=\"text-align: justify\">\u00abNo tienen interior, no son m\u00e1s que m\u00e1scaras\u00bb, sin intenci\u00f3n, ya Nietzsche describ\u00eda la tercera ola del feminismo, interesante. Es una predicci\u00f3n de los grupos actuales que piden \u00abmachete para el machote\u00bb, que dicen que el hombre es in\u00fatil, que todo es sexista, que suponen que usar su sangre menstrual, no depilarse y denunciar publicaciones en internet: es una gran revoluci\u00f3n de \u00abigualdad\u00bb. Mientras tanto, en oriente, donde s\u00ed hay guerra contra la mujer, asesinatos, violaciones permitidas por ley, prohibici\u00f3n de estudios&#8230; tienen que ver que en occidente est\u00e9n peleando porque un cient\u00edfico use una camisa con mujeres semidesnudas, denuncien \u00abacoso\u00bb porque otro te invite a salir o a tomar un caf\u00e9, o se empe\u00f1en en ponderar mujeres gordas como las que se consideren \u00abreales\u00bb, mientras se busca que \u00ablos y las personas hablen y hablan as\u00ed y as\u00e1\u00bb. En fin, volvamos a Nietzsche:<\/p>\n<figure id=\"attachment_53268\" aria-describedby=\"caption-attachment-53268\" style=\"width: 751px\" class=\"wp-caption aligncenter\"><img data-recalc-dims=\"1\" loading=\"lazy\" decoding=\"async\" data-attachment-id=\"53268\" data-permalink=\"https:\/\/www.panfletonegro.com\/v\/2016\/03\/07\/53176\/screenshot_2016-03-05-13-36-34-1\/\" data-orig-file=\"https:\/\/i0.wp.com\/www.panfletonegro.com\/v\/wp-content\/uploads\/2016\/03\/Screenshot_2016-03-05-13-36-34-1.png?fit=751%2C230&amp;ssl=1\" data-orig-size=\"751,230\" data-comments-opened=\"1\" data-image-meta=\"{&quot;aperture&quot;:&quot;0&quot;,&quot;credit&quot;:&quot;&quot;,&quot;camera&quot;:&quot;&quot;,&quot;caption&quot;:&quot;&quot;,&quot;created_timestamp&quot;:&quot;0&quot;,&quot;copyright&quot;:&quot;&quot;,&quot;focal_length&quot;:&quot;0&quot;,&quot;iso&quot;:&quot;0&quot;,&quot;shutter_speed&quot;:&quot;0&quot;,&quot;title&quot;:&quot;&quot;,&quot;orientation&quot;:&quot;0&quot;}\" data-image-title=\"Screenshot_2016-03-05-13-36-34-1\" data-image-description=\"\" data-image-caption=\"\" data-large-file=\"https:\/\/i0.wp.com\/www.panfletonegro.com\/v\/wp-content\/uploads\/2016\/03\/Screenshot_2016-03-05-13-36-34-1.png?fit=696%2C213&amp;ssl=1\" class=\"wp-image-53268 size-full\" src=\"https:\/\/i0.wp.com\/www.panfletonegro.com\/v\/wp-content\/uploads\/2016\/03\/Screenshot_2016-03-05-13-36-34-1.png?resize=696%2C213\" alt=\"Screenshot_2016-03-05-13-36-34-1\" width=\"696\" height=\"213\" \/><figcaption id=\"caption-attachment-53268\" class=\"wp-caption-text\">\u00ab&#8230; el hombre es simplemente inclinado al mal; pero <strong>la mujer es malvada<\/strong>\u00ab. ~<strong>Friedrich Nietzsche<\/strong>, Also sprach Zarathustra: Ein Buch f\u00fcr Alle und Keinen. (De: As\u00ed habl\u00f3 Zaratustra).<\/figcaption><\/figure>\n<hr \/>\n<p style=\"text-align: justify\">Bueno, acerca de Nietzsche y este tema hay mucho por contar, \u00e9l tambi\u00e9n escrib\u00eda bonitas cosas acerca de las mujeres, pero ha sido exagerado a trav\u00e9s del tiempo para mostrarlo peor y como un mis\u00f3gino, ese que las feministas rechazan, pero eso pertenecer\u00eda a otra publicaci\u00f3n, repito, en esta solo se usa la referencia para seguir mostrando la pintoresca situaci\u00f3n de feministas en <a href=\"http:\/\/mirrall.blogspot.com.co\/2007\/02\/nietzsche-y-las-mujeres-ii.html?m=1\" target=\"_blank\">estos casos<\/a>. Y es que estas personas no conocen a fondo los temas, no son consecuentes, pero por su acceso y formaci\u00f3n legal de grupos, sumados al camuflaje por la etiqueta de \u00abateos\u00bb, creen que pueden ir atropellando y difamando a los que no comulguen con sus dogmas, y que no traer\u00e1 consecuencias.<\/p>\n<p><img data-recalc-dims=\"1\" loading=\"lazy\" decoding=\"async\" data-attachment-id=\"53177\" data-permalink=\"https:\/\/www.panfletonegro.com\/v\/2016\/03\/07\/53176\/img1457043676443\/\" data-orig-file=\"https:\/\/i0.wp.com\/www.panfletonegro.com\/v\/wp-content\/uploads\/2016\/03\/img1457043676443.jpg?fit=960%2C1279&amp;ssl=1\" data-orig-size=\"960,1279\" data-comments-opened=\"1\" data-image-meta=\"{&quot;aperture&quot;:&quot;0&quot;,&quot;credit&quot;:&quot;&quot;,&quot;camera&quot;:&quot;&quot;,&quot;caption&quot;:&quot;&quot;,&quot;created_timestamp&quot;:&quot;0&quot;,&quot;copyright&quot;:&quot;&quot;,&quot;focal_length&quot;:&quot;0&quot;,&quot;iso&quot;:&quot;0&quot;,&quot;shutter_speed&quot;:&quot;0&quot;,&quot;title&quot;:&quot;&quot;,&quot;orientation&quot;:&quot;0&quot;}\" data-image-title=\"img1457043676443\" data-image-description=\"\" data-image-caption=\"\" data-large-file=\"https:\/\/i0.wp.com\/www.panfletonegro.com\/v\/wp-content\/uploads\/2016\/03\/img1457043676443.jpg?fit=696%2C557&amp;ssl=1\" class=\"aligncenter size-full wp-image-53177\" src=\"https:\/\/i0.wp.com\/www.panfletonegro.com\/v\/wp-content\/uploads\/2016\/03\/img1457043676443.jpg?resize=696%2C927\" alt=\"img1457043676443\" width=\"696\" height=\"927\" srcset=\"https:\/\/i0.wp.com\/www.panfletonegro.com\/v\/wp-content\/uploads\/2016\/03\/img1457043676443.jpg?w=960&amp;ssl=1 960w, https:\/\/i0.wp.com\/www.panfletonegro.com\/v\/wp-content\/uploads\/2016\/03\/img1457043676443.jpg?resize=768%2C1023&amp;ssl=1 768w\" sizes=\"auto, (max-width: 696px) 100vw, 696px\" \/><\/p>\n<hr \/>\n<p>&nbsp;<\/p>\n<p style=\"text-align: justify\">El tema es muy claro, y una \u00abfeminista\u00bb con el apellido Nietzsche es por lo menos, un homenaje al absurdo. Se les puede explicar en muestras sencillas, y\u00a0obviamente, con fuentes y publicaciones <a href=\"http:\/\/mirrall.blogspot.com.co\/2007\/02\/nietzsche-y-las-mujeres-ii.html?m=1\" target=\"_blank\">como esta<\/a>. Donde se mantiene presente la pol\u00e9mica del t\u00f3pico en cuesti\u00f3n:<\/p>\n<figure id=\"attachment_53274\" aria-describedby=\"caption-attachment-53274\" style=\"width: 539px\" class=\"wp-caption aligncenter\"><img data-recalc-dims=\"1\" loading=\"lazy\" decoding=\"async\" data-attachment-id=\"53274\" data-permalink=\"https:\/\/www.panfletonegro.com\/v\/2016\/03\/07\/53176\/screenshot_2016-03-05-13-09-35-1\/\" data-orig-file=\"https:\/\/i0.wp.com\/www.panfletonegro.com\/v\/wp-content\/uploads\/2016\/03\/Screenshot_2016-03-05-13-09-35-1.png?fit=539%2C877&amp;ssl=1\" data-orig-size=\"539,877\" data-comments-opened=\"1\" data-image-meta=\"{&quot;aperture&quot;:&quot;0&quot;,&quot;credit&quot;:&quot;&quot;,&quot;camera&quot;:&quot;&quot;,&quot;caption&quot;:&quot;&quot;,&quot;created_timestamp&quot;:&quot;0&quot;,&quot;copyright&quot;:&quot;&quot;,&quot;focal_length&quot;:&quot;0&quot;,&quot;iso&quot;:&quot;0&quot;,&quot;shutter_speed&quot;:&quot;0&quot;,&quot;title&quot;:&quot;&quot;,&quot;orientation&quot;:&quot;0&quot;}\" data-image-title=\"Screenshot_2016-03-05-13-09-35-1\" data-image-description=\"\" data-image-caption=\"\" data-large-file=\"https:\/\/i0.wp.com\/www.panfletonegro.com\/v\/wp-content\/uploads\/2016\/03\/Screenshot_2016-03-05-13-09-35-1.png?fit=539%2C768&amp;ssl=1\" class=\"wp-image-53274 size-full\" src=\"https:\/\/i0.wp.com\/www.panfletonegro.com\/v\/wp-content\/uploads\/2016\/03\/Screenshot_2016-03-05-13-09-35-1.png?resize=539%2C877\" alt=\"Screenshot_2016-03-05-13-09-35-1\" width=\"539\" height=\"877\" \/><figcaption id=\"caption-attachment-53274\" class=\"wp-caption-text\"><a href=\"http:\/\/mirrall.blogspot.com.co\/2007\/02\/nietzsche-y-las-mujeres-ii.html?m=1\" target=\"_blank\">Art\u00edculo<\/a><\/figcaption><\/figure>\n<hr \/>\n<p style=\"text-align: justify\">Cuando terminaba de redactar este breve relato de la actual censura mundial, veo mi buz\u00f3n de mensajes para abrir una notificaci\u00f3n nueva, era una captura de pantalla acompa\u00f1ada con este link. El remitente dec\u00eda: <em>\u00abeste sujeto saca a la gente por su libertad de opini\u00f3n y no tolera que le hagan saber lo equivocado y farandulero que es&#8230; la gente en su mayor\u00eda no lo sabe y les gusta ese mensaje donde \u00e9l habla de libertad, es un hip\u00f3crita al\u00a0<a href=\"https:\/\/m.facebook.com\/groups\/100378303339715?view=permalink&amp;id=1095718250472377\" target=\"_blank\">publicar eso<\/a>, con la canallada del cuadro azul\u00bb.<\/em><\/p>\n<p style=\"text-align: justify\">Luego veo r\u00e1pidamente otros mensajes, y sorpresa, tres mujeres me hab\u00edan env\u00edado la misma publicaci\u00f3n el 5 de marzo, pero no las hab\u00eda visto porque estaba restringido en mi cuenta. Entonces decid\u00ed agregar esa insolencia en el link de arriba y as\u00ed:<\/p>\n<p style=\"text-align: justify\"><img data-recalc-dims=\"1\" loading=\"lazy\" decoding=\"async\" data-attachment-id=\"53318\" data-permalink=\"https:\/\/www.panfletonegro.com\/v\/2016\/03\/07\/53176\/img1457389945786\/\" data-orig-file=\"https:\/\/i0.wp.com\/www.panfletonegro.com\/v\/wp-content\/uploads\/2016\/03\/img1457389945786.png?fit=525%2C525&amp;ssl=1\" data-orig-size=\"525,525\" data-comments-opened=\"1\" data-image-meta=\"{&quot;aperture&quot;:&quot;0&quot;,&quot;credit&quot;:&quot;&quot;,&quot;camera&quot;:&quot;&quot;,&quot;caption&quot;:&quot;&quot;,&quot;created_timestamp&quot;:&quot;0&quot;,&quot;copyright&quot;:&quot;&quot;,&quot;focal_length&quot;:&quot;0&quot;,&quot;iso&quot;:&quot;0&quot;,&quot;shutter_speed&quot;:&quot;0&quot;,&quot;title&quot;:&quot;&quot;,&quot;orientation&quot;:&quot;0&quot;}\" data-image-title=\"img1457389945786\" data-image-description=\"\" data-image-caption=\"\" data-large-file=\"https:\/\/i0.wp.com\/www.panfletonegro.com\/v\/wp-content\/uploads\/2016\/03\/img1457389945786.png?fit=525%2C525&amp;ssl=1\" class=\"aligncenter size-full wp-image-53318\" src=\"https:\/\/i0.wp.com\/www.panfletonegro.com\/v\/wp-content\/uploads\/2016\/03\/img1457389945786.png?resize=525%2C525\" alt=\"img1457389945786\" width=\"525\" height=\"525\" srcset=\"https:\/\/i0.wp.com\/www.panfletonegro.com\/v\/wp-content\/uploads\/2016\/03\/img1457389945786.png?w=525&amp;ssl=1 525w, https:\/\/i0.wp.com\/www.panfletonegro.com\/v\/wp-content\/uploads\/2016\/03\/img1457389945786.png?resize=150%2C150&amp;ssl=1 150w, https:\/\/i0.wp.com\/www.panfletonegro.com\/v\/wp-content\/uploads\/2016\/03\/img1457389945786.png?resize=32%2C32&amp;ssl=1 32w, https:\/\/i0.wp.com\/www.panfletonegro.com\/v\/wp-content\/uploads\/2016\/03\/img1457389945786.png?resize=64%2C64&amp;ssl=1 64w, https:\/\/i0.wp.com\/www.panfletonegro.com\/v\/wp-content\/uploads\/2016\/03\/img1457389945786.png?resize=96%2C96&amp;ssl=1 96w, https:\/\/i0.wp.com\/www.panfletonegro.com\/v\/wp-content\/uploads\/2016\/03\/img1457389945786.png?resize=128%2C128&amp;ssl=1 128w\" sizes=\"auto, (max-width: 525px) 100vw, 525px\" \/><\/p>\n<hr \/>\n<p style=\"text-align: justify\">Reitero algo expuesto al inicio, debemos estar atentos y recordar que es por estos ataques a la libertad de expresi\u00f3n, de conocimiento y de causas justas, que siempre es necesario enfrentar y revelar a estas personas y grupos, ya que est\u00e1n <a href=\"https:\/\/www.youtube.com\/watch?v=FWxAljFlb-c\" target=\"_blank\">envenenando<\/a> la <a href=\"https:\/\/www.youtube.com\/watch?v=sXQkXXBqj_U\" target=\"_blank\">cultura<\/a> con <a href=\"https:\/\/www.youtube.com\/watch?v=8e0G6uhn45A\">su<\/a><strong><a href=\"https:\/\/www.youtube.com\/watch?v=8e0G6uhn45A\"> manipulaci\u00f3n<\/a>.<\/strong>\u00a0Es todo por el momento.<\/p>\n<p>Me despido con Hitchens:<\/p>\n<p><strong><br \/>\n<img data-recalc-dims=\"1\" loading=\"lazy\" decoding=\"async\" data-attachment-id=\"53314\" data-permalink=\"https:\/\/www.panfletonegro.com\/v\/2016\/03\/07\/53176\/fb_img_1457386850712\/\" data-orig-file=\"https:\/\/i0.wp.com\/www.panfletonegro.com\/v\/wp-content\/uploads\/2016\/03\/FB_IMG_1457386850712.jpg?fit=552%2C288&amp;ssl=1\" data-orig-size=\"552,288\" data-comments-opened=\"1\" data-image-meta=\"{&quot;aperture&quot;:&quot;0&quot;,&quot;credit&quot;:&quot;&quot;,&quot;camera&quot;:&quot;&quot;,&quot;caption&quot;:&quot;&quot;,&quot;created_timestamp&quot;:&quot;0&quot;,&quot;copyright&quot;:&quot;&quot;,&quot;focal_length&quot;:&quot;0&quot;,&quot;iso&quot;:&quot;0&quot;,&quot;shutter_speed&quot;:&quot;0&quot;,&quot;title&quot;:&quot;&quot;,&quot;orientation&quot;:&quot;0&quot;}\" data-image-title=\"FB_IMG_1457386850712\" data-image-description=\"\" data-image-caption=\"\" data-large-file=\"https:\/\/i0.wp.com\/www.panfletonegro.com\/v\/wp-content\/uploads\/2016\/03\/FB_IMG_1457386850712.jpg?fit=552%2C288&amp;ssl=1\" class=\"aligncenter size-full wp-image-53314\" src=\"https:\/\/i0.wp.com\/www.panfletonegro.com\/v\/wp-content\/uploads\/2016\/03\/FB_IMG_1457386850712.jpg?resize=552%2C288\" alt=\"FB_IMG_1457386850712\" width=\"552\" height=\"288\" \/><\/strong><\/p>\n<blockquote><p>Nunca seas un espectador de la injusticia o la estupidez. La tumba te dar\u00e1 bastante tiempo para el silencio.<\/p>\n<p>~Christopher Hitchens.<\/p><\/blockquote>\n<p>*<em>Solo doy respuestas en Facebook.<\/em><\/p>\n<p style=\"text-align: justify\">Twitter: <a href=\"https:\/\/twitter.com\/chrismewol\" target=\"_blank\">@Chrismewol<\/a>\u00a0 Facebook: <a href=\"https:\/\/es-la.facebook.com\/Cristhian.Menesesm10\" target=\"_blank\">Cristhian<strong>.<\/strong>Menesesm10<\/a><\/p>\n<p style=\"text-align: justify\">\u2014Cristhian Meneses (Colombia, 1985).<br \/>\nEscritor, actor, activista y docente. Autor del libro: Notas rebeldes para un mundo sumiso. Disponible en Amazon\u00a0Amazon \u2014 amzn.to\/1t6LemS \u2014<\/p>\n","protected":false},"excerpt":{"rendered":"<p>El gran Hitchens dec\u00eda: \u2018Nunca seas un espectador de la injusticia o la estupidez\u2019. Sigue la inquisici\u00f3n virtual, bloqueos, denuncias y censura, solo por exponer manipulaciones de los predicadores \u2018guerreros de justicia social\u2019. Todos los odios deben ser combatidos, porque el ser humano debe acceder a todos los derechos.\u00a0Mucha gente se divierte y se cree [&hellip;]<\/p>\n","protected":false},"author":2865,"featured_media":53177,"comment_status":"open","ping_status":"open","sticky":false,"template":"","format":"standard","meta":{"jetpack_post_was_ever_published":false,"_jetpack_newsletter_access":"","_jetpack_dont_email_post_to_subs":false,"_jetpack_newsletter_tier_id":0,"_jetpack_memberships_contains_paywalled_content":false,"_jetpack_memberships_contains_paid_content":false,"footnotes":"","jetpack_publicize_message":"","jetpack_publicize_feature_enabled":true,"jetpack_social_post_already_shared":false,"jetpack_social_options":{"image_generator_settings":{"template":"highway","default_image_id":0,"font":"","enabled":false},"version":2}},"categories":[3],"tags":[1381,603,673,3447,225,1992],"class_list":{"0":"post-53176","1":"post","2":"type-post","3":"status-publish","4":"format-standard","5":"has-post-thumbnail","7":"category-descontento","8":"tag-ateismo","9":"tag-censura","10":"tag-cultura","11":"tag-feminismo","12":"tag-libertad-de-expresion","13":"tag-pensamiento-critico"},"jetpack_publicize_connections":[],"jetpack_featured_media_url":"https:\/\/i0.wp.com\/www.panfletonegro.com\/v\/wp-content\/uploads\/2016\/03\/img1457043676443.jpg?fit=960%2C1279&ssl=1","jetpack_shortlink":"https:\/\/wp.me\/sfpCD-53176","jetpack_sharing_enabled":true,"_links":{"self":[{"href":"https:\/\/www.panfletonegro.com\/v\/wp-json\/wp\/v2\/posts\/53176","targetHints":{"allow":["GET"]}}],"collection":[{"href":"https:\/\/www.panfletonegro.com\/v\/wp-json\/wp\/v2\/posts"}],"about":[{"href":"https:\/\/www.panfletonegro.com\/v\/wp-json\/wp\/v2\/types\/post"}],"author":[{"embeddable":true,"href":"https:\/\/www.panfletonegro.com\/v\/wp-json\/wp\/v2\/users\/2865"}],"replies":[{"embeddable":true,"href":"https:\/\/www.panfletonegro.com\/v\/wp-json\/wp\/v2\/comments?post=53176"}],"version-history":[{"count":0,"href":"https:\/\/www.panfletonegro.com\/v\/wp-json\/wp\/v2\/posts\/53176\/revisions"}],"wp:featuredmedia":[{"embeddable":true,"href":"https:\/\/www.panfletonegro.com\/v\/wp-json\/wp\/v2\/media\/53177"}],"wp:attachment":[{"href":"https:\/\/www.panfletonegro.com\/v\/wp-json\/wp\/v2\/media?parent=53176"}],"wp:term":[{"taxonomy":"category","embeddable":true,"href":"https:\/\/www.panfletonegro.com\/v\/wp-json\/wp\/v2\/categories?post=53176"},{"taxonomy":"post_tag","embeddable":true,"href":"https:\/\/www.panfletonegro.com\/v\/wp-json\/wp\/v2\/tags?post=53176"}],"curies":[{"name":"wp","href":"https:\/\/api.w.org\/{rel}","templated":true}]}}