{"id":5307,"date":"2009-11-06T13:21:10","date_gmt":"2009-11-06T17:51:10","guid":{"rendered":"http:\/\/www.panfletonegro.com\/v\/2009\/11\/06\/backstage-%e2%80%a6o-detras-del-escenario\/"},"modified":"2014-06-07T12:09:43","modified_gmt":"2014-06-07T16:39:43","slug":"backstage-o-detras-del-escenario","status":"publish","type":"post","link":"https:\/\/www.panfletonegro.com\/v\/2009\/11\/06\/backstage-o-detras-del-escenario\/","title":{"rendered":"BACKSTAGE \u2026o detr\u00e1s del escenario"},"content":{"rendered":"<p style=\"text-align: center;\"><strong><a rel=\"attachment wp-att-5311\" href=\"http:\/\/www.panfletonegro.com\/v\/2009\/11\/06\/backstage-%e2%80%a6o-detras-del-escenario\/img_7441mm1\/\"><img data-recalc-dims=\"1\" loading=\"lazy\" decoding=\"async\" data-attachment-id=\"5311\" data-permalink=\"https:\/\/www.panfletonegro.com\/v\/2009\/11\/06\/backstage-o-detras-del-escenario\/img_7441mm1\/\" data-orig-file=\"https:\/\/i0.wp.com\/www.panfletonegro.com\/v\/wp-content\/uploads\/2009\/11\/img_7441mm1.jpg?fit=2544%2C2987&amp;ssl=1\" data-orig-size=\"2544,2987\" data-comments-opened=\"1\" data-image-meta=\"{&quot;aperture&quot;:&quot;13&quot;,&quot;credit&quot;:&quot;&quot;,&quot;camera&quot;:&quot;Canon EOS 450D&quot;,&quot;caption&quot;:&quot;&quot;,&quot;created_timestamp&quot;:&quot;1255825284&quot;,&quot;copyright&quot;:&quot;&quot;,&quot;focal_length&quot;:&quot;24&quot;,&quot;iso&quot;:&quot;400&quot;,&quot;shutter_speed&quot;:&quot;0.125&quot;,&quot;title&quot;:&quot;&quot;}\" data-image-title=\"Backstage&amp;#8230;o detr\u00e1s del escenario\" data-image-description=\"\" data-image-caption=\"\" data-large-file=\"https:\/\/i0.wp.com\/www.panfletonegro.com\/v\/wp-content\/uploads\/2009\/11\/img_7441mm1.jpg?fit=696%2C817&amp;ssl=1\" class=\"aligncenter size-large wp-image-5311\" src=\"https:\/\/i0.wp.com\/www.panfletonegro.com\/v\/wp-content\/uploads\/2009\/11\/img_7441mm1-872x1024.jpg?resize=427%2C502\" alt=\"Backstage...o detr\u00e1s del escenario\" width=\"427\" height=\"502\" srcset=\"https:\/\/i0.wp.com\/www.panfletonegro.com\/v\/wp-content\/uploads\/2009\/11\/img_7441mm1.jpg?resize=872%2C1024&amp;ssl=1 872w, https:\/\/i0.wp.com\/www.panfletonegro.com\/v\/wp-content\/uploads\/2009\/11\/img_7441mm1.jpg?resize=255%2C300&amp;ssl=1 255w, https:\/\/i0.wp.com\/www.panfletonegro.com\/v\/wp-content\/uploads\/2009\/11\/img_7441mm1.jpg?w=1392&amp;ssl=1 1392w, https:\/\/i0.wp.com\/www.panfletonegro.com\/v\/wp-content\/uploads\/2009\/11\/img_7441mm1.jpg?w=2088&amp;ssl=1 2088w\" sizes=\"auto, (max-width: 427px) 100vw, 427px\" \/><\/a><\/strong><\/p>\n<p>LOs PrOductOres A.C en Co-Producci\u00f3n con TEATREX llevan a escena un espect\u00e1culo musical dedicado a todas las personas que hacen posible cada montaje teatral.<\/p>\n<p>Es natural que en un teatro los que sue\u00f1en sean los actores y algunas veces &#8211; con suerte- alg\u00fan espectador decidido a vivir a trav\u00e9s de alg\u00fan personaje. Pero, es acaso imposible que los \u201cotros\u201d tambi\u00e9n sue\u00f1en? Los otros son esos seres que detr\u00e1s del escenario hacen que la magia parezca realidad, esos que aparecen en los programas de mano como el equipo t\u00e9cnico incluyendo al personal de mantenimiento.<\/p>\n<p>BACKSTAGE \u2026o detr\u00e1s del escenario, narra la historia de los sue\u00f1os de gente que tambi\u00e9n es artista, pero que aun no han tenido la oportunidad de demostrarlo o no han querido. En medio de la rutina que implica un final de funci\u00f3n, nuestros personajes se ir\u00e1n descubriendo los unos a los otros como seres que tambi\u00e9n quieren ser reconocidos, como personas que desean interpretar personajes, sin saber que ellos mismos ya lo son.<\/p>\n<p>A trav\u00e9s de conocidos temas del repertorio de los grandes musicales de Broadway, versionados e interpretados en espa\u00f1ol, estos personajes demostraran de qu\u00e9 est\u00e1n hechos y se dar\u00e1n cuenta que para ser reconocidos como una estrella, no hace falta estar siempre bajo la luz de un reflector. El elenco de esta pieza est\u00e1 conformado por Simona Chirinos, Gabriel Blanco, Roy Lorenzo, Domingo Bladucci, Celsa Castillo, Gabriel Ag\u00fcero y Sarah Scuzzarello. La direcci\u00f3n coreogr\u00e1fica es de Roy Lorenzo, la direcci\u00f3n vocal est\u00e1 a cargo de Domingo Balducci, el dise\u00f1o de iluminaci\u00f3n es de Alfredo Caldera, las fotograf\u00edas de Andrea Hunck, la producci\u00f3n ejecutiva es de Alyeska Gil, la producci\u00f3n general est\u00e1 a cargo de Robert Chac\u00f3n mientras que la direcci\u00f3n general es de Gabriel Blanco.<\/p>\n<p>BACKSTAGE \u2026o detr\u00e1s del escenario se estar\u00e1 presentando en TEATREX del Centro Comercial Paseo El Hatillo, Piso 5. A partir del 29 de octubre de 2009, los jueves musicales con doble funci\u00f3n a las 08:00 p.m. y a las 10:00 p.m. Las entradas est\u00e1n a la venta a trav\u00e9s de www.teatrex.com.ve \/ www.solotickets.com \/ por el tel\u00e9fono (0212) 2115311 y taquillas de Teatrex.<\/p>\n","protected":false},"excerpt":{"rendered":"<p>BACKSTAGE&#8230; o detr\u00e1s del escenario. Todos los Jueves musicales en TEATREX. C.C Paseo el Hatillo, piso 5, doble finci\u00f3n 8PM Y 10PM. Una ENTRADAS A LA VENTA YA! por www.teatrex.com.ve\/por el call center 0212- 2115311 y en las taquillas de TEATREX. Una producci\u00f3n de Alyeska Gil y Robert Chac\u00f3n, bajo la direcci\u00f3n de Gabriel Blanco.<\/p>\n","protected":false},"author":1149,"featured_media":5310,"comment_status":"open","ping_status":"open","sticky":false,"template":"","format":"standard","meta":{"jetpack_post_was_ever_published":false,"_jetpack_newsletter_access":"","_jetpack_dont_email_post_to_subs":false,"_jetpack_newsletter_tier_id":0,"_jetpack_memberships_contains_paywalled_content":false,"_jetpack_memberships_contains_paid_content":false,"footnotes":"","jetpack_publicize_message":"","jetpack_publicize_feature_enabled":true,"jetpack_social_post_already_shared":false,"jetpack_social_options":{"image_generator_settings":{"template":"highway","default_image_id":0,"font":"","enabled":false},"version":2}},"categories":[2439],"tags":[331,328,334,330,333,327,332,329],"class_list":{"0":"post-5307","1":"post","2":"type-post","3":"status-publish","4":"format-standard","5":"has-post-thumbnail","7":"category-arte","8":"tag-alyeska-gil","9":"tag-broadway","10":"tag-detras-del-escenario","11":"tag-escenario","12":"tag-gabriel-blanco","13":"tag-musical","14":"tag-robert-chacon","15":"tag-teatro"},"jetpack_publicize_connections":[],"jetpack_featured_media_url":"https:\/\/i0.wp.com\/www.panfletonegro.com\/v\/wp-content\/uploads\/2009\/11\/img_7441mm.jpg?fit=2544%2C2987&ssl=1","jetpack_shortlink":"https:\/\/wp.me\/pfpCD-1nB","jetpack_sharing_enabled":true,"_links":{"self":[{"href":"https:\/\/www.panfletonegro.com\/v\/wp-json\/wp\/v2\/posts\/5307","targetHints":{"allow":["GET"]}}],"collection":[{"href":"https:\/\/www.panfletonegro.com\/v\/wp-json\/wp\/v2\/posts"}],"about":[{"href":"https:\/\/www.panfletonegro.com\/v\/wp-json\/wp\/v2\/types\/post"}],"author":[{"embeddable":true,"href":"https:\/\/www.panfletonegro.com\/v\/wp-json\/wp\/v2\/users\/1149"}],"replies":[{"embeddable":true,"href":"https:\/\/www.panfletonegro.com\/v\/wp-json\/wp\/v2\/comments?post=5307"}],"version-history":[{"count":0,"href":"https:\/\/www.panfletonegro.com\/v\/wp-json\/wp\/v2\/posts\/5307\/revisions"}],"wp:featuredmedia":[{"embeddable":true,"href":"https:\/\/www.panfletonegro.com\/v\/wp-json\/wp\/v2\/media\/5310"}],"wp:attachment":[{"href":"https:\/\/www.panfletonegro.com\/v\/wp-json\/wp\/v2\/media?parent=5307"}],"wp:term":[{"taxonomy":"category","embeddable":true,"href":"https:\/\/www.panfletonegro.com\/v\/wp-json\/wp\/v2\/categories?post=5307"},{"taxonomy":"post_tag","embeddable":true,"href":"https:\/\/www.panfletonegro.com\/v\/wp-json\/wp\/v2\/tags?post=5307"}],"curies":[{"name":"wp","href":"https:\/\/api.w.org\/{rel}","templated":true}]}}