{"id":52865,"date":"2016-01-12T00:22:49","date_gmt":"2016-01-12T04:52:49","guid":{"rendered":"http:\/\/www.panfletonegro.com\/v\/?p=52865"},"modified":"2016-01-12T00:23:11","modified_gmt":"2016-01-12T04:53:11","slug":"la-mud-y-su-laberinto","status":"publish","type":"post","link":"https:\/\/www.panfletonegro.com\/v\/2016\/01\/12\/la-mud-y-su-laberinto\/","title":{"rendered":"La MUD y su Laberinto"},"content":{"rendered":"<p><a href=\"http:\/\/www.panfletonegro.com\/v\/2016\/01\/12\/la-mud-y-su-laberinto\/b_n9agpwiaam6uz\/#main\" rel=\"attachment wp-att-52866\"><img data-recalc-dims=\"1\" loading=\"lazy\" decoding=\"async\" data-attachment-id=\"52866\" data-permalink=\"https:\/\/www.panfletonegro.com\/v\/2016\/01\/12\/la-mud-y-su-laberinto\/b_n9agpwiaam6uz\/\" data-orig-file=\"https:\/\/i0.wp.com\/www.panfletonegro.com\/v\/wp-content\/uploads\/2016\/01\/B_n9AgpWIAAm6uZ.jpg?fit=600%2C789&amp;ssl=1\" data-orig-size=\"600,789\" data-comments-opened=\"1\" data-image-meta=\"{&quot;aperture&quot;:&quot;0&quot;,&quot;credit&quot;:&quot;&quot;,&quot;camera&quot;:&quot;&quot;,&quot;caption&quot;:&quot;&quot;,&quot;created_timestamp&quot;:&quot;0&quot;,&quot;copyright&quot;:&quot;&quot;,&quot;focal_length&quot;:&quot;0&quot;,&quot;iso&quot;:&quot;0&quot;,&quot;shutter_speed&quot;:&quot;0&quot;,&quot;title&quot;:&quot;&quot;,&quot;orientation&quot;:&quot;0&quot;}\" data-image-title=\"B_n9AgpWIAAm6uZ\" data-image-description=\"\" data-image-caption=\"\" data-large-file=\"https:\/\/i0.wp.com\/www.panfletonegro.com\/v\/wp-content\/uploads\/2016\/01\/B_n9AgpWIAAm6uZ.jpg?fit=600%2C768&amp;ssl=1\" class=\"wp-image-52866  alignleft\" src=\"https:\/\/i0.wp.com\/www.panfletonegro.com\/v\/wp-content\/uploads\/2016\/01\/B_n9AgpWIAAm6uZ-150x150.jpg?resize=264%2C264\" alt=\"B_n9AgpWIAAm6uZ\" width=\"264\" height=\"264\" srcset=\"https:\/\/i0.wp.com\/www.panfletonegro.com\/v\/wp-content\/uploads\/2016\/01\/B_n9AgpWIAAm6uZ.jpg?resize=150%2C150&amp;ssl=1 150w, https:\/\/i0.wp.com\/www.panfletonegro.com\/v\/wp-content\/uploads\/2016\/01\/B_n9AgpWIAAm6uZ.jpg?resize=32%2C32&amp;ssl=1 32w, https:\/\/i0.wp.com\/www.panfletonegro.com\/v\/wp-content\/uploads\/2016\/01\/B_n9AgpWIAAm6uZ.jpg?resize=64%2C64&amp;ssl=1 64w, https:\/\/i0.wp.com\/www.panfletonegro.com\/v\/wp-content\/uploads\/2016\/01\/B_n9AgpWIAAm6uZ.jpg?resize=96%2C96&amp;ssl=1 96w, https:\/\/i0.wp.com\/www.panfletonegro.com\/v\/wp-content\/uploads\/2016\/01\/B_n9AgpWIAAm6uZ.jpg?resize=128%2C128&amp;ssl=1 128w, https:\/\/i0.wp.com\/www.panfletonegro.com\/v\/wp-content\/uploads\/2016\/01\/B_n9AgpWIAAm6uZ.jpg?zoom=2&amp;resize=264%2C264&amp;ssl=1 528w\" sizes=\"auto, (max-width: 264px) 100vw, 264px\" \/><\/a><\/p>\n<p>Observando con mucha preocupaci\u00f3n el GOLPE DE ESTADO que da el Regimen, a trav\u00e9s del TSJ inconstitucionalmente instalado, vale hacerse algunas consideraciones m\u00e1s pragmaticas que te\u00f3ricas. Si la MUD, no act\u00faa con sus 112 Diputados Electos con Mayor\u00eda Calificada, desconociendo a los Poderes AL SERVICIO y NOMINA del R\u00e9gimen NeoNazista NarcoMilitar Venezolano, atendiendo al Mandato del Pueblo al que CONVENCIERON que con el VOTO todo cambiar\u00eda (para bien) y de manera chevere sin m\u00e1s esfuerzo, simplemente les pasaran por encima y los suplantaran de manera expedita con la Asamblea Comunal, tal vez hasta presos vayan como ya lo sugiri\u00f3 el CAPO del Cartel de los Soles (recordemos que est\u00e1n en desacato del TSJ, aunque sabemos que es IRRITO, pero ante que instancia van a apelar..(?) sus decisiones&#8230;). Tan seguros est\u00e1n de su control que hasta ASOMAN LA POSIBILIDAD DE REPETIR LAS ELECCIONES.<\/p>\n<p>Ahora, si ACT\u00daAN COMO DEBE SER, arrop\u00e1ndose con el Poder Popular que les concedi\u00f3 la victoria (o la derrota al Chavizmo), entonces estar\u00edan d\u00e1ndonos la raz\u00f3n a aquellos que desde hace a\u00f1os llamamos a la DESOBEDIENCIA CIVIL PACIFICA fundamentada en el Art. 350 de la CRBV\u00a0 y se RECONOCER\u00cdA T\u00c1CITAMENTE que VOTO NO SACA DICTADURA y la \u00danica salida es la CALLE.<\/p>\n<p>Pero, entonces \u00bfVan a llamar al PUEBLO a tomar las calles a defender sus derechos violentados por el REGIMEN&#8230;tanto nadar para morir en la orilla&#8230;?\u00a0 o Simplemente \u00bfvan a hacer denuncias a nivel internacional a ver si se logra la aplicaci\u00f3n de la Carta Interamericana de la OEA..o que actu\u00e9 la DEA&#8230;?<\/p>\n<p>\u00bfQue har\u00e1n si el PUEBLO HASTIADO de tanta BURLA, ENGA\u00d1O y HUMILLACI\u00d3N decide salir a defender su LEGITIMA VOLUNTAD Expresada el 6D, acaso los van a dejar solos en la calle como hicieron el 2014, los denunciaran por GUARIMBEROS, los SAPEARAN para que los golpeen, torturen, violen y hasta asesinen como hicieron con los ESTUDIANTES y todo aquel que hiciera sentir su VOZ DE PROTESTA&#8230;?<\/p>\n<p>\u00bfSaldr\u00e1n a pedir que se hagan Caceroleadas, Bailoterapias y a Sonar Salsa, hasta que se les pase la ARRECHERA y entonces se invente alguna otra acci\u00f3n ELECTORAL que permita seguir con la guachafita y en \u00abEsa si Ganamos y Recuperamos al pa\u00eds&#8230;\u00bb?<\/p>\n<p>A todas luces, la soluci\u00f3n sigue siendo la m\u00e1s SIMPLE y REALISTA de TODAS, aunque eso les cueste darnos la raz\u00f3n a los que pareciera realmente nos duele<br \/>\nVENEZUELA, y hacemos llamados para DEFENDERLA, por encima de las apetencias Pol\u00edticas y de Poder Econ\u00f3mico que s\u00f3lo son el NORTE y el Fundamento para la existencia de los Pensamientos \u00danicos como la MUD y el PSUV<\/p>\n<p>Por ello, cada vez se vislumbra MEJOR que \u00abTodos los caminos conducen a Islandia&#8230;\u00bb<\/p>\n<p>#DesobedienciaCivilPacifica<\/p>\n<p>#ResistenciaCivilPacificaOrganizada<\/p>\n","protected":false},"excerpt":{"rendered":"<p>Observando con mucha preocupaci\u00f3n el GOLPE DE ESTADO que da el Regimen, a trav\u00e9s del TSJ inconstitucionalmente instalado, vale hacerse algunas consideraciones m\u00e1s pragmaticas que te\u00f3ricas. Si la MUD, no act\u00faa con sus 112 Diputados Electos con Mayor\u00eda Calificada, desconociendo a los Poderes AL SERVICIO y NOMINA del R\u00e9gimen NeoNazista NarcoMilitar Venezolano, atendiendo al Mandato [&hellip;]<\/p>\n","protected":false},"author":2213,"featured_media":52866,"comment_status":"open","ping_status":"open","sticky":false,"template":"","format":"standard","meta":{"jetpack_post_was_ever_published":false,"_jetpack_newsletter_access":"","_jetpack_dont_email_post_to_subs":false,"_jetpack_newsletter_tier_id":0,"_jetpack_memberships_contains_paywalled_content":false,"_jetpack_memberships_contains_paid_content":false,"footnotes":"","jetpack_publicize_message":"","jetpack_publicize_feature_enabled":true,"jetpack_social_post_already_shared":false,"jetpack_social_options":{"image_generator_settings":{"template":"highway","default_image_id":0,"font":"","enabled":false},"version":2}},"categories":[1],"tags":[],"class_list":{"0":"post-52865","1":"post","2":"type-post","3":"status-publish","4":"format-standard","5":"has-post-thumbnail","7":"category-azares"},"jetpack_publicize_connections":[],"jetpack_featured_media_url":"https:\/\/i0.wp.com\/www.panfletonegro.com\/v\/wp-content\/uploads\/2016\/01\/B_n9AgpWIAAm6uZ.jpg?fit=600%2C789&ssl=1","jetpack_shortlink":"https:\/\/wp.me\/pfpCD-dKF","jetpack_sharing_enabled":true,"_links":{"self":[{"href":"https:\/\/www.panfletonegro.com\/v\/wp-json\/wp\/v2\/posts\/52865","targetHints":{"allow":["GET"]}}],"collection":[{"href":"https:\/\/www.panfletonegro.com\/v\/wp-json\/wp\/v2\/posts"}],"about":[{"href":"https:\/\/www.panfletonegro.com\/v\/wp-json\/wp\/v2\/types\/post"}],"author":[{"embeddable":true,"href":"https:\/\/www.panfletonegro.com\/v\/wp-json\/wp\/v2\/users\/2213"}],"replies":[{"embeddable":true,"href":"https:\/\/www.panfletonegro.com\/v\/wp-json\/wp\/v2\/comments?post=52865"}],"version-history":[{"count":0,"href":"https:\/\/www.panfletonegro.com\/v\/wp-json\/wp\/v2\/posts\/52865\/revisions"}],"wp:featuredmedia":[{"embeddable":true,"href":"https:\/\/www.panfletonegro.com\/v\/wp-json\/wp\/v2\/media\/52866"}],"wp:attachment":[{"href":"https:\/\/www.panfletonegro.com\/v\/wp-json\/wp\/v2\/media?parent=52865"}],"wp:term":[{"taxonomy":"category","embeddable":true,"href":"https:\/\/www.panfletonegro.com\/v\/wp-json\/wp\/v2\/categories?post=52865"},{"taxonomy":"post_tag","embeddable":true,"href":"https:\/\/www.panfletonegro.com\/v\/wp-json\/wp\/v2\/tags?post=52865"}],"curies":[{"name":"wp","href":"https:\/\/api.w.org\/{rel}","templated":true}]}}