{"id":52490,"date":"2015-12-01T07:50:40","date_gmt":"2015-12-01T12:20:40","guid":{"rendered":"http:\/\/www.panfletonegro.com\/v\/?p=52490"},"modified":"2015-12-01T07:57:27","modified_gmt":"2015-12-01T12:27:27","slug":"la-matrix-ahora-en-ted","status":"publish","type":"post","link":"https:\/\/www.panfletonegro.com\/v\/2015\/12\/01\/la-matrix-ahora-en-ted\/","title":{"rendered":"La Matrix &#8211; Ahora en TED"},"content":{"rendered":"<p><a href=\"https:\/\/i0.wp.com\/www.panfletonegro.com\/v\/wp-content\/uploads\/2015\/12\/matrix-chavez1.jpg\"><img data-recalc-dims=\"1\" loading=\"lazy\" decoding=\"async\" data-attachment-id=\"52495\" data-permalink=\"https:\/\/www.panfletonegro.com\/v\/2015\/12\/01\/la-matrix-ahora-en-ted\/matrix-chavez1\/\" data-orig-file=\"https:\/\/i0.wp.com\/www.panfletonegro.com\/v\/wp-content\/uploads\/2015\/12\/matrix-chavez1.jpg?fit=975%2C293&amp;ssl=1\" data-orig-size=\"975,293\" data-comments-opened=\"1\" data-image-meta=\"{&quot;aperture&quot;:&quot;0&quot;,&quot;credit&quot;:&quot;&quot;,&quot;camera&quot;:&quot;&quot;,&quot;caption&quot;:&quot;&quot;,&quot;created_timestamp&quot;:&quot;0&quot;,&quot;copyright&quot;:&quot;&quot;,&quot;focal_length&quot;:&quot;0&quot;,&quot;iso&quot;:&quot;0&quot;,&quot;shutter_speed&quot;:&quot;0&quot;,&quot;title&quot;:&quot;&quot;,&quot;orientation&quot;:&quot;1&quot;}\" data-image-title=\"matrix-chavez1\" data-image-description=\"\" data-image-caption=\"\" data-large-file=\"https:\/\/i0.wp.com\/www.panfletonegro.com\/v\/wp-content\/uploads\/2015\/12\/matrix-chavez1.jpg?fit=696%2C209&amp;ssl=1\" class=\"alignnone size-medium wp-image-52495\" src=\"https:\/\/i0.wp.com\/www.panfletonegro.com\/v\/wp-content\/uploads\/2015\/12\/matrix-chavez1-640x293.jpg?resize=640%2C293\" alt=\"matrix-chavez1\" width=\"640\" height=\"293\" \/><\/a>Video en respuesta al art\u00edculo publicado en Panfleto negro en 2014 sobre la Matrix\u00a0http:\/\/www.panfletonegro.com\/v\/2014\/02\/25\/la-matrix-historia-relatada-por-un-ex-chavista\/<\/p>\n<p><span class=\"embed-youtube\" style=\"text-align:center; display: block;\"><iframe loading=\"lazy\" class=\"youtube-player\" width=\"696\" height=\"392\" src=\"https:\/\/www.youtube.com\/embed\/NSk7uN9ywkE?version=3&#038;rel=1&#038;showsearch=0&#038;showinfo=1&#038;iv_load_policy=1&#038;fs=1&#038;hl=es-ES&#038;autohide=2&#038;wmode=transparent\" allowfullscreen=\"true\" style=\"border:0;\" sandbox=\"allow-scripts allow-same-origin allow-popups allow-presentation allow-popups-to-escape-sandbox\"><\/iframe><\/span><\/p>\n<p>En medio de la crisis de la democracia, Javier Medina y sus compa\u00f1eros creen que los no pol\u00edticos vali\u00e9ndose de las nuevas tecnolog\u00edas, tienen un papel determinante en la actualizaci\u00f3n del sistema. Vali\u00e9ndose de una analog\u00eda con \u201cthe Matrix\u201d responde qui\u00e9n es el \u201cneo\u201d que le pone fin a las problem\u00e1ticas sociales.<\/p>\n<p>@Javierenred<\/p>\n","protected":false},"excerpt":{"rendered":"<p>Video en respuesta al art\u00edculo publicado en Panfleto negro en 2014 sobre la Matrix\u00a0http:\/\/www.panfletonegro.com\/v\/2014\/02\/25\/la-matrix-historia-relatada-por-un-ex-chavista\/ En medio de la crisis de la democracia, Javier Medina y sus compa\u00f1eros creen que los no pol\u00edticos vali\u00e9ndose de las nuevas tecnolog\u00edas, tienen un papel determinante en la actualizaci\u00f3n del sistema. Vali\u00e9ndose de una analog\u00eda con \u201cthe Matrix\u201d responde qui\u00e9n [&hellip;]<\/p>\n","protected":false},"author":2749,"featured_media":52495,"comment_status":"open","ping_status":"open","sticky":false,"template":"","format":"standard","meta":{"jetpack_post_was_ever_published":false,"_jetpack_newsletter_access":"","_jetpack_dont_email_post_to_subs":false,"_jetpack_newsletter_tier_id":0,"_jetpack_memberships_contains_paywalled_content":false,"_jetpack_memberships_contains_paid_content":false,"footnotes":"","jetpack_publicize_message":"","jetpack_publicize_feature_enabled":true,"jetpack_social_post_already_shared":false,"jetpack_social_options":{"image_generator_settings":{"template":"highway","default_image_id":0,"font":"","enabled":false},"version":2}},"categories":[3],"tags":[],"class_list":{"0":"post-52490","1":"post","2":"type-post","3":"status-publish","4":"format-standard","5":"has-post-thumbnail","7":"category-descontento"},"jetpack_publicize_connections":[],"jetpack_featured_media_url":"https:\/\/i0.wp.com\/www.panfletonegro.com\/v\/wp-content\/uploads\/2015\/12\/matrix-chavez1.jpg?fit=975%2C293&ssl=1","jetpack_shortlink":"https:\/\/wp.me\/pfpCD-dEC","jetpack_sharing_enabled":true,"_links":{"self":[{"href":"https:\/\/www.panfletonegro.com\/v\/wp-json\/wp\/v2\/posts\/52490","targetHints":{"allow":["GET"]}}],"collection":[{"href":"https:\/\/www.panfletonegro.com\/v\/wp-json\/wp\/v2\/posts"}],"about":[{"href":"https:\/\/www.panfletonegro.com\/v\/wp-json\/wp\/v2\/types\/post"}],"author":[{"embeddable":true,"href":"https:\/\/www.panfletonegro.com\/v\/wp-json\/wp\/v2\/users\/2749"}],"replies":[{"embeddable":true,"href":"https:\/\/www.panfletonegro.com\/v\/wp-json\/wp\/v2\/comments?post=52490"}],"version-history":[{"count":0,"href":"https:\/\/www.panfletonegro.com\/v\/wp-json\/wp\/v2\/posts\/52490\/revisions"}],"wp:featuredmedia":[{"embeddable":true,"href":"https:\/\/www.panfletonegro.com\/v\/wp-json\/wp\/v2\/media\/52495"}],"wp:attachment":[{"href":"https:\/\/www.panfletonegro.com\/v\/wp-json\/wp\/v2\/media?parent=52490"}],"wp:term":[{"taxonomy":"category","embeddable":true,"href":"https:\/\/www.panfletonegro.com\/v\/wp-json\/wp\/v2\/categories?post=52490"},{"taxonomy":"post_tag","embeddable":true,"href":"https:\/\/www.panfletonegro.com\/v\/wp-json\/wp\/v2\/tags?post=52490"}],"curies":[{"name":"wp","href":"https:\/\/api.w.org\/{rel}","templated":true}]}}