{"id":52485,"date":"2015-11-30T19:14:30","date_gmt":"2015-11-30T23:44:30","guid":{"rendered":"http:\/\/www.panfletonegro.com\/v\/?p=52485"},"modified":"2015-12-01T14:11:57","modified_gmt":"2015-12-01T18:41:57","slug":"52485","status":"publish","type":"post","link":"https:\/\/www.panfletonegro.com\/v\/2015\/11\/30\/52485\/","title":{"rendered":"Jes\u00fas y la venezolana que llora"},"content":{"rendered":"<div class=\"getty embed image\" style=\"background-color: white; color: #a7a7a7; display: inline-block; font-family: 'Helvetica Neue',Helvetica,Arial,sans-serif; font-size: 11px; max-width: 504px; width: 100%;\">\n<div style=\"height: 0; overflow: hidden; padding: 67.063492% 0 0 0; position: relative; width: 100%;\"><iframe loading=\"lazy\" style=\"display: inline-block; height: 100%; left: 0; position: absolute; top: 0; width: 100%;\" src=\"\/\/embed.gettyimages.com\/embed\/a0091-000144a?et=SOE4NdcWTvlLGLarXlYc8g&amp;viewMoreLink=off&amp;sig=cVxoWSxpS6moT44hkMauTtLzagcr_kFaHueBiOEMuEY=\" width=\"504\" height=\"338\" frameborder=\"0\" scrolling=\"no\"><\/iframe><\/div>\n<div style=\"margin: 0;\"><\/div>\n<div style=\"margin: 0 0 0 10px; padding: 0; text-align: left;\"><a style=\"border: none; color: #a7a7a7; display: inline-block; font-weight: normal !important; text-decoration: none;\" href=\"http:\/\/www.gettyimages.com\/detail\/a0091-000144a\" target=\"_blank\">View image<\/a> | <a style=\"border: none; color: #a7a7a7; display: inline-block; font-weight: normal !important; text-decoration: none;\" href=\"http:\/\/www.gettyimages.com\/\" target=\"_blank\">gettyimages.com<\/a><\/div>\n<\/div>\n<p><b>Venezuela<\/b>. Al escuchar esa palabra muchos extranjeros a\u00fan se sienten confundidos, casi cansados. Muchos venezolanos a\u00fan no tienen claro que hacer o que votar. Me dirijo a estos dos grupos.<\/p>\n<p>La confusi\u00f3n puede venir, en ambos casos, de no poder decidirse entre apoyar lo que consideran bueno de fondo, o rechazar lo que ha resultado ser un problema mayor que el que quer\u00eda enfrentar.<\/p>\n<p>La respuesta no es f\u00e1cil, pero hay un modo de salir de esa par\u00e1lisis: mirar a las v\u00edctimas. Jes\u00fas de Nazaret puede que no supiera de finanzas o de ideolog\u00edas, pero de v\u00edctimas sab\u00eda.<\/p>\n<div style=\"text-align: center;\">~~~~~~~~~~~~~~~~~~~~~<\/div>\n<p>&nbsp;<\/p>\n<div style=\"text-align: right;\">Jn 9, 1-3.<\/div>\n<p>Un d\u00eda andaba Jes\u00fas por un callej\u00f3n, de un barrio, de una ciudad de Venezuela. Vio desde lejos a una mujer joven llorando con un ni\u00f1o en brazos, sentada en un escal\u00f3n.<\/p>\n<p>El disc\u00edpulo m\u00e1s joven le pregunt\u00f3:<br \/>\n\u2013Maestro, \u00bfde qui\u00e9n es la culpa que esta mujer est\u00e9 as\u00ed? \u00bfQui\u00e9n pec\u00f3?<\/p>\n<p>Otro disc\u00edpulo, que sab\u00eda de teolog\u00eda de la liberaci\u00f3n, a\u00f1adi\u00f3:<br \/>\n\u2013\u00bfVerdad, Maestro, que es culpa del capitalismo imperialista que junto con la burgues\u00eda siguen azotando este pa\u00eds?<\/p>\n<p>Otro, que era m\u00e1s de Juan Pablo II, dijo:<br \/>\n\u2013\u00bfNo es cierto, Rab\u00ed, que es culpa de la dictadura comunista que implant\u00f3 Hugo Ch\u00e1vez con ayuda de Fidel Castro?<\/p>\n<p>Otro pens\u00f3 para s\u00ed:<br \/>\n\u2013La verdad no entiendo porque paren tan temprano.<\/p>\n<p>El m\u00e1s joven, confundido, termin\u00f3 preguntando:<br \/>\n\u2013Entonces, \u00bfpor qu\u00e9 est\u00e1 ella en esa miseria, quiz\u00e1s desde que naci\u00f3? \u00bfqui\u00e9n pec\u00f3, la izquierda o la derecha? \u00bfO fue ella la pecadora?<\/p>\n<p>Jes\u00fas les contest\u00f3:<br \/>\n\u2013Ni ella, ni la derecha ni la izquierda pecaron lo suficiente; ha sucedido as\u00ed para que se muestre en ella la acci\u00f3n de Dios, que no la deja sola. Al contrario, su amor quedar\u00e1 claro en cuanto la quiere y trabaja por ella.<\/p>\n<div style=\"text-align: center;\">~~~~~~~~~~~~~~~~~~~~~<\/div>\n<p>Todos sabemos que la mujer no tendr\u00eda porque estar llorando a su marido muerto por quitarle la cartera, ni porque <a href=\"http:\/\/gkillcity.com\/articulos\/el-mirador-politico\/venezuela-colas-violencia-y-elecciones\">no le alcanza la vida<\/a> para conseguir comida. No le alcanza el dinero con una inflaci\u00f3n de tres d\u00edgitos, y no le alcanza el tiempo de ir de sitio en sitio hasta que consigue una cola donde quiz\u00e1s logre comprar leche.<\/p>\n<p>Todos lo sabemos pero hay que hacerse cargo.<\/p>\n<div style=\"text-align: center;\">~~~~~~~~~~~~~~~~~~~~~<\/div>\n<div><\/div>\n<div style=\"text-align: right;\">Jn 8, 1-5. Mc 10, 5. Mc 3, 1-4. Mc 2, 27.<\/div>\n<p>Un d\u00eda estaba Jes\u00fas s\u00f3lo en una plaza. Los disc\u00edpulos hab\u00edan ido por el centro de la ciudad.<\/p>\n<p>Llego uno contando:<br \/>\n\u2013Hemos sabido de un chico que estaba protestando contra el gobierno. Fue detenido, llevado a una c\u00e1rcel y torturado. \u00a1Debemos denunciarlo!.<\/p>\n<p>\u2013Pero es que fue sorprendido \u2013a\u00f1adi\u00f3 otro\u2013 conspirando contra el gobierno popular y democr\u00e1tico que tanto bien ha tra\u00eddo al pueblo. Adem\u00e1s, la Ley de las Ideolog\u00edas dice que no se puede denunciar demasiado fuerte la situaci\u00f3n, no sea que los Estados Unidos se aprovechen.<\/p>\n<p>Jes\u00fas les respondi\u00f3:<br \/>\n\u2013Esa Ley fue escrita por la dureza del coraz\u00f3n de ustedes. Las ideolog\u00edas son para el hombre, no el hombre para las ideolog\u00edas.<\/p>\n<div style=\"text-align: center;\">~~~~~~~~~~~~~~~~~~~~~<\/div>\n<div><\/div>\n<p>Las ideas pol\u00edticas nos han ayudado a ver luz en momentos de gran oscuridad. A reconocer que un asesino tambi\u00e9n tiene derechos, que no todo vale en la guerra, que el nacer pobre y morir pobre no es s\u00f3lo una casualidad.<\/p>\n<p>Pero las ideas pol\u00edticas tambi\u00e9n nos paralizan, nos impiden ver claro lo que es evidente.<\/p>\n<p>En el caso de Ch\u00e1vez hay que ser honesto con los resultados de sus acciones pr\u00e1cticas, m\u00e1s all\u00e1 de su ret\u00f3rica social. Lo cierto y triste es que la Venezuela chavista es en la pr\u00e1ctica fracaso y destrucci\u00f3n.<\/p>\n<p>Fracaso, porque Ch\u00e1vez tuvo el capital pol\u00edtico y econ\u00f3mico m\u00e1s grande de toda nuestra historia. No exagero. Pero despu\u00e9s de todo este viaje de m\u00e1s de 15 a\u00f1os, hemos vuelto a los niveles de pobreza de antes de su primer per\u00edodo presidencial.<\/p>\n<p>Destrucci\u00f3n porque Ch\u00e1vez carcomi\u00f3 nuestra ya antes d\u00e9bil democracia. En la era chavista no se puede hablar de asuntos p\u00fablicos sin ser autom\u00e1ticamente calificado de ap\u00e1trida o chavista. Las instituciones est\u00e1n en las m\u00e1s completa ruina. Los magistrados del Tribunal Supremo, que tomaron posesi\u00f3n de sus cargos gritando <i>Uh Ah, Ch\u00e1vez no se va<\/i>, han pedido ahora su prejubilaci\u00f3n, en v\u00edsperas de las elecciones del 6 de diciembre. La Asamblea Nacional ni vigila al gobierno ni hace leyes. El gobierno imparte justicia por los medios y decreta directamente las leyes. El hilo constitucional se rompi\u00f3, finalmente de tanto tensarlo, cuando tras la muerte de Ch\u00e1vez, Maduro asumi\u00f3 la presidencia, y se present\u00f3 a las elecciones sin separarse del cargo. Casi todos los grandes medios de comunicaci\u00f3n est\u00e1n controlados o censurados en la pr\u00e1ctica. En el reciente caso de los 800 kg de coca\u00edna vinculados al entorno de Maduro, <a href=\"http:\/\/www.lapatilla.com\/site\/2015\/11\/12\/venezuela-censurada-asi-escondio-la-prensa-nacional-la-noticia-de-los-sobrinos-de-cilia-y-maduro-portadas\/\">casi ning\u00fan medio impreso importante en Venezuela cubri\u00f3 la noticia en su portada<\/a>.<\/p>\n<p>Y no nos equivoquemos: Maduro continu\u00f3 y continua las pol\u00edticas concretas de Ch\u00e1vez, que fue quien lo ungi\u00f3 \u201cde todo coraz\u00f3n\u201d. Fue el mismo Ch\u00e1vez qui\u00e9n convirti\u00f3 a la revoluci\u00f3n popular en autoritarismo, y a la participaci\u00f3n y beneficios sociales en maquinaria chantajista al servicio de ganar elecciones.<\/p>\n<p>No se trata entonces de seguir discutiendo de ideolog\u00edas. Es hora de mirar a las v\u00edctimas, y afinar los criterios mir\u00e1ndolas a ellas.<\/p>\n<div style=\"text-align: center;\">~~~~~~~~~~~~~~~~~~~~~<\/div>\n<div><\/div>\n<div style=\"text-align: right;\">Mt 27, 44. Lc 23, 43.<\/div>\n<p>Estaba Jes\u00fas crucificado junto a la mujer que lloraba, y segu\u00eda llorando. Los rodeaban otros crucificados.<\/p>\n<p>A la izquierda de ellos otro crucificado le grit\u00f3 a la mujer:<br \/>\n\u2013\u00a1Escu\u00e1lida ap\u00e1trida! \u00a1Qui\u00e9n te mand\u00f3 a traicionar al comandante votando a la oposici\u00f3n! Te dejaste convencer con sus mentiras de libertad ego\u00edsta y de prosperidad burguesa.<\/p>\n<p>Del otro lado, otro crucificado gritaba:<br \/>\n\u2013\u00a1Chaburra pata-en-el-suelo! \u00a1Ah\u00ed tienes el resultado de todas las veces que votaste por Ch\u00e1vez y tambi\u00e9n de las veces que no fuiste a votar! El resentimiento y la envidia te castigaron.<\/p>\n<p>\u2013\u00a1D\u00e9jenme en paz! \u2013se defendi\u00f3 la mujer\u2013 \u00a1Yo quise algo mejor para m\u00ed y para mi hijo! \u00a1Pero despu\u00e9s me cans\u00e9 de ver como todo se convirti\u00f3 en insultos, corrupci\u00f3n y escasez!<\/p>\n<p>Jes\u00fas le dijo a la mujer:<br \/>\n\u2013Te aseguro que esto mejorar\u00e1 y t\u00fa estar\u00e1s hoy conmigo en el para\u00edso.<\/p>\n<div style=\"text-align: center;\">~~~~~~~~~~~~~~~~~~~~~<\/div>\n<div><\/div>\n<p>No lograremos hacer el para\u00edso en la tierra. No lo lograr\u00e1 ni la izquierda ni la derecha. Primero porque somos fr\u00e1giles, y segundo porque ni siendo buenos e inteligentes sabr\u00edamos como hacerlo bien del todo. Adem\u00e1s, siempre quedar\u00e1 el esposo asesinada de la mujer, las heridas que la miseria dej\u00f3 en el ni\u00f1o.<\/p>\n<p>En cada crisis hist\u00f3rica los pueblos hacen lo que pueden, desde el lugar en que est\u00e1n. La \u00fanica posibilidad sana para Venezuela es el cambio de gobierno. El chavismo estar\u00e1 llamado al di\u00e1logo para sobrevivir. La oposici\u00f3n pasar\u00e1 por hacer bandera de valores que han sido arrinconados: la pluralidad y la convivencia.<\/p>\n<p>Por una o dos generaciones muchos venezolanos sospechar\u00e1n de todo lo que suene a izquierda. El chavismo lo ha logrado a pulso, ha sido su propio peor enemigo.<\/p>\n<p>El verano pasado en Taiz\u00e9 habl\u00e1bamos en un taller sobre la riqueza y el evangelio. Los j\u00f3venes del este de Europa se pon\u00edan muy nerviosos y no paraban de hablar del esfuerzo propio y del trabajo, de su dignidad. Las cosas se calmaron cuando una chica dijo que el texto de la biblia que le\u00edamos s\u00f3lo se refer\u00eda al pobre L\u00e1zaro y al rico en cuya puerta estaba cada d\u00eda (Lc 16, 19-31).<\/p>\n<p>El evangelio es min\u00fasculo, d\u00e9bil. Esa es su fuerza (2 Cor 12, 8-10).<\/p>\n<div style=\"text-align: center;\">~~~~~~~~~~~~~~~~~~~~~<\/div>\n<div><\/div>\n<p>Nota final a mis compa\u00f1eros de iglesia que est\u00e1n pendientes en mente y manos de los pobres:<\/p>\n<p>A varios he dicho la inmensa soledad y dolor que me produce el silencio del progresismo mundial sobre las v\u00edctimas de los gobiernos de izquierda. No estoy pidiendo una lectura clara de cada situaci\u00f3n. S\u00f3lo pido que se denuncie expl\u00edcitamente, por ejemplo, que en Cuba no es posible hacer una manifestaci\u00f3n de ning\u00fan tipo contra el gobierno, <a href=\"http:\/\/www.panfletonegro.com\/v\/2013\/08\/13\/porno-para-ricardo-entrevista-a-gorki-aguila-en-barcelona-video\/\">ni siquiera dar un concierto<\/a>, o que al menos atiendan <a href=\"https:\/\/www.youtube.com\/watch?v=ndS9E704tpY\"><span id=\"goog_371183839\"><\/span>las denuncias de Amnist\u00eda Internacional (Video)<\/a>.<\/p>\n<p>Particular dolor me produce la ambig\u00fcedad de los te\u00f3logos de la liberaci\u00f3n frente a estas situaciones, por su vocaci\u00f3n p\u00fablica. No pido que no sean chavistas, pero que se les pegue la lengua al paladar si se olvidan de algunas v\u00edctimas (Sal 137). Su silencio en estos repetidos casos escandaliza a los que tienen fe en un mundo m\u00e1s justo. \u00abSer\u00eda preferible para \u00e9l que le ataran al cuello una piedra de moler y lo arrojaran al mar\u00bb (Mc 9, 42).<\/p>\n<p>Un caso cercano para mi fue cuando <a href=\"http:\/\/blog.cristianismeijusticia.net\/?p=12154&amp;lang=es\">Jos\u00e9 Ignacio Gonz\u00e1lez Faus escribi\u00f3 sobre Venezuela<\/a> justamente para compararla con la mujer adultera del evangelio, a punto de ser apedreada por los Estados Unidos y otras naciones.<\/p>\n<p>Jos\u00e9 Ignacio, las v\u00edctimas del evangelio son primeramente las personas concretas, no los gobiernos. As\u00ed como el t\u00edtulo de Vicario de Cristo s\u00f3lo se puede usar si se reconoce primeramente en los pobres, as\u00ed poner a un gobierno como v\u00edctima s\u00f3lo es posible despu\u00e9s de haber dicho claramente cuales son las v\u00edctimas primeras. As\u00ed como hab\u00eda que denunciar a las v\u00edctimas del Caracazo, hab\u00eda que denunciar que estudiantes acampando sean acusados de rebeli\u00f3n y conspiraci\u00f3n para delinquir y acaben en la c\u00e1rcel, habr\u00eda que denunciar el acoso a la alteridad pol\u00edtica, a la existencia del otro, al punto de ser considerados escoria por pensar distinto. Incompetencia y mala educaci\u00f3n son palabras leves, que adem\u00e1s no ata\u00f1en a la realidad de las v\u00edctimas concretas.<\/p>\n<p>No les pido que tengan respuestas para todo. Pero, por favor, no hagamos distinci\u00f3n alguna entre las v\u00edctimas.<\/p>\n<p>&nbsp;<\/p>\n<p>&#8212;&#8212;-<\/p>\n<p>Apareci\u00f3 primero en <a href=\"http:\/\/www.rayasypalabras.net\/2015\/11\/jesus-y-la-venezolana-que-llora.html\">Raya y Palabras: Jes\u00fas y la venezolana que llora.<\/a><\/p>\n","protected":false},"excerpt":{"rendered":"<p>View image | gettyimages.com Venezuela. Al escuchar esa palabra muchos extranjeros a\u00fan se sienten confundidos, casi cansados. Muchos venezolanos a\u00fan no tienen claro que hacer o que votar. Me dirijo a estos dos grupos. La confusi\u00f3n puede venir, en ambos casos, de no poder decidirse entre apoyar lo que consideran bueno de fondo, o rechazar [&hellip;]<\/p>\n","protected":false},"author":1641,"featured_media":0,"comment_status":"open","ping_status":"open","sticky":false,"template":"","format":"standard","meta":{"jetpack_post_was_ever_published":false,"_jetpack_newsletter_access":"","_jetpack_dont_email_post_to_subs":false,"_jetpack_newsletter_tier_id":0,"_jetpack_memberships_contains_paywalled_content":false,"_jetpack_memberships_contains_paid_content":false,"footnotes":"","jetpack_publicize_message":"","jetpack_publicize_feature_enabled":true,"jetpack_social_post_already_shared":false,"jetpack_social_options":{"image_generator_settings":{"template":"highway","default_image_id":0,"font":"","enabled":false},"version":2}},"categories":[1],"tags":[4332,45,4331,124],"class_list":{"0":"post-52485","1":"post","2":"type-post","3":"status-publish","4":"format-standard","6":"category-azares","7":"tag-biblia","8":"tag-chavez","9":"tag-critianismo","10":"tag-politica"},"jetpack_publicize_connections":[],"jetpack_featured_media_url":"","jetpack_shortlink":"https:\/\/wp.me\/sfpCD-52485","jetpack_sharing_enabled":true,"_links":{"self":[{"href":"https:\/\/www.panfletonegro.com\/v\/wp-json\/wp\/v2\/posts\/52485","targetHints":{"allow":["GET"]}}],"collection":[{"href":"https:\/\/www.panfletonegro.com\/v\/wp-json\/wp\/v2\/posts"}],"about":[{"href":"https:\/\/www.panfletonegro.com\/v\/wp-json\/wp\/v2\/types\/post"}],"author":[{"embeddable":true,"href":"https:\/\/www.panfletonegro.com\/v\/wp-json\/wp\/v2\/users\/1641"}],"replies":[{"embeddable":true,"href":"https:\/\/www.panfletonegro.com\/v\/wp-json\/wp\/v2\/comments?post=52485"}],"version-history":[{"count":0,"href":"https:\/\/www.panfletonegro.com\/v\/wp-json\/wp\/v2\/posts\/52485\/revisions"}],"wp:attachment":[{"href":"https:\/\/www.panfletonegro.com\/v\/wp-json\/wp\/v2\/media?parent=52485"}],"wp:term":[{"taxonomy":"category","embeddable":true,"href":"https:\/\/www.panfletonegro.com\/v\/wp-json\/wp\/v2\/categories?post=52485"},{"taxonomy":"post_tag","embeddable":true,"href":"https:\/\/www.panfletonegro.com\/v\/wp-json\/wp\/v2\/tags?post=52485"}],"curies":[{"name":"wp","href":"https:\/\/api.w.org\/{rel}","templated":true}]}}