{"id":51870,"date":"2015-08-29T13:51:20","date_gmt":"2015-08-29T18:21:20","guid":{"rendered":"http:\/\/www.panfletonegro.com\/v\/?p=51870"},"modified":"2015-08-29T13:54:28","modified_gmt":"2015-08-29T18:24:28","slug":"desmemorias-de-un-viaje-i","status":"publish","type":"post","link":"https:\/\/www.panfletonegro.com\/v\/2015\/08\/29\/desmemorias-de-un-viaje-i\/","title":{"rendered":"Desmemorias de un viaje (I)"},"content":{"rendered":"<div>\n<p><img data-recalc-dims=\"1\" loading=\"lazy\" decoding=\"async\" data-attachment-id=\"51873\" data-permalink=\"https:\/\/www.panfletonegro.com\/v\/2015\/08\/29\/desmemorias-de-un-viaje-i\/plaza-bolivar-de-la-ciudad-de-merida\/\" data-orig-file=\"https:\/\/i0.wp.com\/www.panfletonegro.com\/v\/wp-content\/uploads\/2015\/08\/Plaza-Bol%C3%ADvar-de-la-Ciudad-de-M%C3%A9rida.jpg?fit=250%2C187&amp;ssl=1\" data-orig-size=\"250,187\" data-comments-opened=\"1\" data-image-meta=\"{&quot;aperture&quot;:&quot;0&quot;,&quot;credit&quot;:&quot;&quot;,&quot;camera&quot;:&quot;&quot;,&quot;caption&quot;:&quot;&quot;,&quot;created_timestamp&quot;:&quot;0&quot;,&quot;copyright&quot;:&quot;&quot;,&quot;focal_length&quot;:&quot;0&quot;,&quot;iso&quot;:&quot;0&quot;,&quot;shutter_speed&quot;:&quot;0&quot;,&quot;title&quot;:&quot;&quot;,&quot;orientation&quot;:&quot;0&quot;}\" data-image-title=\"Plaza Bol\u00edvar de la Ciudad de M\u00e9rida\" data-image-description=\"\" data-image-caption=\"\" data-large-file=\"https:\/\/i0.wp.com\/www.panfletonegro.com\/v\/wp-content\/uploads\/2015\/08\/Plaza-Bol%C3%ADvar-de-la-Ciudad-de-M%C3%A9rida.jpg?fit=250%2C187&amp;ssl=1\" class=\"alignnone size-full wp-image-51873\" src=\"https:\/\/i0.wp.com\/www.panfletonegro.com\/v\/wp-content\/uploads\/2015\/08\/Plaza-Bol%C3%ADvar-de-la-Ciudad-de-M%C3%A9rida.jpg?resize=250%2C187\" alt=\"Plaza Bol\u00edvar de la Ciudad de M\u00e9rida\" width=\"250\" height=\"187\" \/><img data-recalc-dims=\"1\" loading=\"lazy\" decoding=\"async\" data-attachment-id=\"51871\" data-permalink=\"https:\/\/www.panfletonegro.com\/v\/2015\/08\/29\/desmemorias-de-un-viaje-i\/merida-teleferico\/\" data-orig-file=\"https:\/\/i0.wp.com\/www.panfletonegro.com\/v\/wp-content\/uploads\/2015\/08\/Merida-Teleferico.jpg?fit=200%2C208&amp;ssl=1\" data-orig-size=\"200,208\" data-comments-opened=\"1\" data-image-meta=\"{&quot;aperture&quot;:&quot;0&quot;,&quot;credit&quot;:&quot;&quot;,&quot;camera&quot;:&quot;&quot;,&quot;caption&quot;:&quot;&quot;,&quot;created_timestamp&quot;:&quot;0&quot;,&quot;copyright&quot;:&quot;&quot;,&quot;focal_length&quot;:&quot;0&quot;,&quot;iso&quot;:&quot;0&quot;,&quot;shutter_speed&quot;:&quot;0&quot;,&quot;title&quot;:&quot;&quot;,&quot;orientation&quot;:&quot;0&quot;}\" data-image-title=\"Merida-Teleferico\" data-image-description=\"\" data-image-caption=\"\" data-large-file=\"https:\/\/i0.wp.com\/www.panfletonegro.com\/v\/wp-content\/uploads\/2015\/08\/Merida-Teleferico.jpg?fit=200%2C208&amp;ssl=1\" class=\" size-full wp-image-51871 alignright\" src=\"https:\/\/i0.wp.com\/www.panfletonegro.com\/v\/wp-content\/uploads\/2015\/08\/Merida-Teleferico.jpg?resize=200%2C208\" alt=\"Merida-Teleferico\" width=\"200\" height=\"208\" srcset=\"https:\/\/i0.wp.com\/www.panfletonegro.com\/v\/wp-content\/uploads\/2015\/08\/Merida-Teleferico.jpg?w=200&amp;ssl=1 200w, https:\/\/i0.wp.com\/www.panfletonegro.com\/v\/wp-content\/uploads\/2015\/08\/Merida-Teleferico.jpg?resize=32%2C32&amp;ssl=1 32w\" sizes=\"auto, (max-width: 200px) 100vw, 200px\" \/><\/p>\n<p>&nbsp;<\/p>\n<p>Uno de los lugares mas fascinantes y que he tenido la oportunidad de visitar en mas de una ocasi\u00f3n es la ciudad de M\u00e9rida. Llegar a ella en avi\u00f3n al Aeropuerto Alberto Carnevalli que est\u00e1 muy cercano (Cosa rara, por cierto) al centro de la ciudad ya compensa lo que se paga por el boleto. El hecho de pasar entre las cumbres nevadas en un acto impactante. Se escucha en el ambiente de la cabina del avi\u00f3n una inhalaci\u00f3n profunda, un\u00e1nime dando la impresion que se ha agotado todo el ox\u00edgeno. La respiraci\u00f3n del grupo se corta por momentos, mientras unos piensan en lo sobrecogedor del paisaje, otros que sus d\u00edas terminar\u00e1n en medio de uno de esos picos rodeado de c\u00f3ndores y con un vestido de nieve como mortaja. Momentos despu\u00e9s se exhala el aire contenido y se empieza a respirar aliviado, en fin se trata de un suspiro un\u00e1nime y largo hasta empezar a descender, ver los techos de casas y edificios al alcance de la mano, el avi\u00f3n termina su trayecto haciendo una competencia con el autob\u00fas que corre en la calle paralela a la autopista hasta quedar completamente detenido frente al aeropuerto. Desfile de gente alta, de raros peinados nuevos, de otro idioma, mochilas gigantescas que llevan dentro la vida de unos meses, gente humilde deseosa por regresar a la monta\u00f1a con sonrisa radiante y que es recibida por un ej\u00e9rcito de familiares que esperaban ansiosamente, quejumbrosos por la demora del avi\u00f3n pero aliviado ante la llegada del ser esperado, familias ataviadas con su traje de campa\u00f1a de invierno habitual: blue jean, camisa manga larga, lentes oscuros, zapatos de monta\u00f1a y pesada chaqueta cuyo uso resulta exagerado para la temperatura con que la ciudad lo recibe y dispuestos a recorrer por las v\u00edas que sean toda la geograf\u00eda del estado y hurgar en cada cent\u00edmetro descubriendo novedades y caprichos de su naturaleza desbordada.<\/p>\n<\/div>\n<div>\n<p>Lo primero que se piensa en visitar al llegar es el Telef\u00e9rico, infraestructura de la cual sus administradores de turno se jactan (No sabemos si con raz\u00f3n o sin ella) de ser la mas grande del mundo en su tipo. El trayecto es e 12,5 kil\u00f3metros, alcanza 4.765 metros sobre el nivel del mar y pasa saliendo de Barinitas por 4 estaciones La Monta\u00f1a, La Aguada, Loma Redonda, Pico Espejo. Al llegar al terminar empieza la aventura dada la incertidumbre de saber si podr\u00edas utilizarlo o no pues el usuario est\u00e1 sujeto al incierto clima \u00f3 a la arbitrariedad de la burocracia que lo opera, para le fecha en que esto se escribe y es la raz\u00f3n de ser de estas l\u00edneas las autoridades de MINTUR prometen que operar\u00e1 dentro de 20 MESES!! Como si ya no fuera suficiente el tiempo que ha estado detenido \u00f3 si la vida no transcurriera .<\/p>\n<\/div>\n<div>\n<p>Apenas se inicia el ascenso la sensaci\u00f3n de no ser nada te invade y ves a la amable ciudad alejarse mientras pasas por las distintas estaciones hasta llegar a la denominada Pico Espejo donde te da la bienvenida un blanco incandescente e implacable (Si tienes la suerte que en el d\u00eda anterior haya nevado, evento cada vez menos frecuente) sientes que falta el aire y la emoci\u00f3n te embarga, sientes estar en la cima del mundo y que has alcanzado una haza\u00f1a.<\/p>\n<\/div>\n<div>\n<p>Lo mejor est\u00e1 por venir: Si se viene dispuesto a ello, el periplo podr\u00eda continuar bajando en la Estaci\u00f3n loma Redonda en el trayecto de regreso en la siguiente estaci\u00f3n y all\u00ed iniciar el viaje hacia Los Nevados bien sea a lomo de mula o a pie. Con la opci\u00f3n uno demoras aproximadamente 4 horas y con la opci\u00f3n 2, 6. Las mulas en cuesti\u00f3n hacen casi todo el trayecto al borde del desfiladero, cosa que hace del viaje casi un deporte extremo pues adem\u00e1s est\u00e1n en t\u00e1cita competencia con alguna compa\u00f1era de viaje de su mismo g\u00e9nero por obligar a la otra a ver como horizonte sus ancas. En el camino se ven arroyitos abri\u00e9ndose paso por el paisaje lunar del p\u00e1ramo entre la niebla a veces espesa, a veces ligera, regando frailejones y arbustos que en medio de la dureza del paisaje y del suelo son capaces de florecer. En Los Nevados existen posadas con lo elemental, ser\u00eda un honor inmerecido esperar en que en alguna haya agua caliente, dado lo precario del servicio el\u00e9ctrico del lugar sujeto a los derrumbes que pudieran ocasionar da\u00f1os en el tendido que lleva el flujo hasta all\u00e1 los cuales pueden demorar varios d\u00edas en ser reparados, sin embargo tal vez valga la pena experimentar esas calamidades dado lo hermoso del paisaje, lo agradable del clima, la novedad de deleitarse con los sabores de una cocina b\u00e1sica y sin pretensiones. Casi duele despedirse de ese lugar haciendo la firme promesa de regresar y pasar mas tiempo.<\/p>\n<\/div>\n<div>\n<p>Menci\u00f3n especial merece la ciudad de M\u00e9rida en s\u00ed. M\u00e9rida puede esconder en cada esquina sorpresas tales como un restaurant franc\u00e9s ubicado en una de las esquinas aleda\u00f1as a la Plaza de Glorias Patrias con precios muy solidarios, de men\u00fa amplio, carta de vinos generosa con un resultado, de servicio de excelencia, pleno y sin fisuras como pocos se pueden conseguir por \u00e9stas latitudes. Es muy lamentable no recordar el nombre ni saber si ha logrado sobrevivir en una naci\u00f3n en general y una actividad econ\u00f3mica en particular afiebradas por la novedad y la inmediatez, donde los edificios, casas, instituciones, calles y hasta las personas lucen agotadas a los pocos meses de construidas, fundadas \u00f3 nacidas. Disfrutar momentos gratos de la vida reflejados en un caf\u00e9 vespertino sazonando una conversaci\u00f3n amena, hacer una larga sobremesa en medio de un carnaval de postres, sentarse frente al verde infinito del p\u00e1ramo oyendo la sinfon\u00eda de arroyos, aves y brisa desde un balc\u00f3n por largas a horas a pensar saboreando un trago \u00f3 un chocolate caliente mientras nace \u00f3 se extingue el sol se han perdido pero pueden ser encontrados en M\u00e9rida. Donde vivir debe ser un deleite<\/p>\n<\/div>\n<div>\n<p>M\u00e9rida tiene una cantidad de atractivos que ofrecer al turista, pero mas all\u00e1 de sus paisajes lo que mas puede rescatarse es la laboriosidad de su gente, ese deseo de servir y agradar al cliente, la sencillez de sus sabores, la sobriedad de aquellos postres, el detalle y pasi\u00f3n en cada pieza artesanal, la creatividad en la b\u00fasqueda de nuevos productos que ampl\u00eden el horizonte gastron\u00f3mico y el uso de lo que la tierra produce, la limpieza de las \u00e1reas de uso mas com\u00fan como mercados y plazas muy alejado de esa imagen hostil que tenemos de la mayor\u00eda de las ciudades del Oriente venezolano plenas de gente de car\u00e1cter adusto y donde la negligencia es un habitante que salvo honrosas excepciones nunca se ha ido<\/p>\n<\/div>\n","protected":false},"excerpt":{"rendered":"<p>&nbsp; Uno de los lugares mas fascinantes y que he tenido la oportunidad de visitar en mas de una ocasi\u00f3n es la ciudad de M\u00e9rida. Llegar a ella en avi\u00f3n al Aeropuerto Alberto Carnevalli que est\u00e1 muy cercano (Cosa rara, por cierto) al centro de la ciudad ya compensa lo que se paga por el [&hellip;]<\/p>\n","protected":false},"author":3482,"featured_media":51871,"comment_status":"open","ping_status":"open","sticky":false,"template":"","format":"standard","meta":{"jetpack_post_was_ever_published":false,"_jetpack_newsletter_access":"","_jetpack_dont_email_post_to_subs":false,"_jetpack_newsletter_tier_id":0,"_jetpack_memberships_contains_paywalled_content":false,"_jetpack_memberships_contains_paid_content":false,"footnotes":"","jetpack_publicize_message":"","jetpack_publicize_feature_enabled":true,"jetpack_social_post_already_shared":false,"jetpack_social_options":{"image_generator_settings":{"template":"highway","default_image_id":0,"font":"","enabled":false},"version":2}},"categories":[2693],"tags":[4255],"class_list":{"0":"post-51870","1":"post","2":"type-post","3":"status-publish","4":"format-standard","5":"has-post-thumbnail","7":"category-narrativa","8":"tag-merida-venezuela-viajes-narrativa"},"jetpack_publicize_connections":[],"jetpack_featured_media_url":"https:\/\/i0.wp.com\/www.panfletonegro.com\/v\/wp-content\/uploads\/2015\/08\/Merida-Teleferico.jpg?fit=200%2C208&ssl=1","jetpack_shortlink":"https:\/\/wp.me\/pfpCD-duC","jetpack_sharing_enabled":true,"_links":{"self":[{"href":"https:\/\/www.panfletonegro.com\/v\/wp-json\/wp\/v2\/posts\/51870","targetHints":{"allow":["GET"]}}],"collection":[{"href":"https:\/\/www.panfletonegro.com\/v\/wp-json\/wp\/v2\/posts"}],"about":[{"href":"https:\/\/www.panfletonegro.com\/v\/wp-json\/wp\/v2\/types\/post"}],"author":[{"embeddable":true,"href":"https:\/\/www.panfletonegro.com\/v\/wp-json\/wp\/v2\/users\/3482"}],"replies":[{"embeddable":true,"href":"https:\/\/www.panfletonegro.com\/v\/wp-json\/wp\/v2\/comments?post=51870"}],"version-history":[{"count":0,"href":"https:\/\/www.panfletonegro.com\/v\/wp-json\/wp\/v2\/posts\/51870\/revisions"}],"wp:featuredmedia":[{"embeddable":true,"href":"https:\/\/www.panfletonegro.com\/v\/wp-json\/wp\/v2\/media\/51871"}],"wp:attachment":[{"href":"https:\/\/www.panfletonegro.com\/v\/wp-json\/wp\/v2\/media?parent=51870"}],"wp:term":[{"taxonomy":"category","embeddable":true,"href":"https:\/\/www.panfletonegro.com\/v\/wp-json\/wp\/v2\/categories?post=51870"},{"taxonomy":"post_tag","embeddable":true,"href":"https:\/\/www.panfletonegro.com\/v\/wp-json\/wp\/v2\/tags?post=51870"}],"curies":[{"name":"wp","href":"https:\/\/api.w.org\/{rel}","templated":true}]}}