{"id":51544,"date":"2015-07-31T07:30:13","date_gmt":"2015-07-31T12:00:13","guid":{"rendered":"http:\/\/www.panfletonegro.com\/v\/?p=51544"},"modified":"2015-07-31T08:49:03","modified_gmt":"2015-07-31T13:19:03","slug":"la-nominacion-de-tamara-adrian","status":"publish","type":"post","link":"https:\/\/www.panfletonegro.com\/v\/2015\/07\/31\/la-nominacion-de-tamara-adrian\/","title":{"rendered":"La nominaci\u00f3n de Tamara Adri\u00e1n es el comienzo de una esperanza"},"content":{"rendered":"<p><a href=\"https:\/\/www.facebook.com\/prof.TamaraAdrian\"><img data-recalc-dims=\"1\" loading=\"lazy\" decoding=\"async\" data-attachment-id=\"51545\" data-permalink=\"https:\/\/www.panfletonegro.com\/v\/2015\/07\/31\/la-nominacion-de-tamara-adrian\/470993_347680688588037_247191158_o\/\" data-orig-file=\"https:\/\/i0.wp.com\/www.panfletonegro.com\/v\/wp-content\/uploads\/2015\/07\/470993_347680688588037_247191158_o.jpg?fit=851%2C315&amp;ssl=1\" data-orig-size=\"851,315\" data-comments-opened=\"1\" data-image-meta=\"{&quot;aperture&quot;:&quot;0&quot;,&quot;credit&quot;:&quot;&quot;,&quot;camera&quot;:&quot;&quot;,&quot;caption&quot;:&quot;&quot;,&quot;created_timestamp&quot;:&quot;0&quot;,&quot;copyright&quot;:&quot;&quot;,&quot;focal_length&quot;:&quot;0&quot;,&quot;iso&quot;:&quot;0&quot;,&quot;shutter_speed&quot;:&quot;0&quot;,&quot;title&quot;:&quot;&quot;,&quot;orientation&quot;:&quot;0&quot;}\" data-image-title=\"470993_347680688588037_247191158_o\" data-image-description=\"\" data-image-caption=\"\" data-large-file=\"https:\/\/i0.wp.com\/www.panfletonegro.com\/v\/wp-content\/uploads\/2015\/07\/470993_347680688588037_247191158_o.jpg?fit=696%2C258&amp;ssl=1\" class=\"aligncenter size-full wp-image-51545\" src=\"https:\/\/i0.wp.com\/www.panfletonegro.com\/v\/wp-content\/uploads\/2015\/07\/470993_347680688588037_247191158_o.jpg?resize=696%2C258\" alt=\"470993_347680688588037_247191158_o\" width=\"696\" height=\"258\" \/><\/a><\/p>\n<p>La nominaci\u00f3n de <a href=\"https:\/\/twitter.com\/TamaraAdrian\" target=\"_blank\">Tamara Adri\u00e1n<\/a> como candidata a la Asamblea Nacional es la primera noticia que leo este a\u00f1o sobre la dirigencia opositora que no me causa rabia.<\/p>\n<p>Me gusta pensar que los chavistas est\u00e1n entrampados con esta nominaci\u00f3n, porque muchos de ellos se consideran progresistas, revolucionarios, defensores de las minor\u00edas \u2014t\u00fa sabes, de izquierdas y tal\u2014, pero en la pr\u00e1ctica son profundamente conservadores y reaccionarios. As\u00ed que no pueden manifestarse en contra porque quedan en evidencia. De paso, luego de m\u00e1s de una d\u00e9cada diciendo que ya casi van a reconocer que los miembros de la comunidad LGBT son seres humanos y respiran, la oposici\u00f3n se les adelant\u00f3 con un ejemplo pr\u00e1ctico.<\/p>\n<p>Venezuela est\u00e1 en la cola del progreso, rayando en el fundamentalismo homof\u00f3bico, porque Ch\u00e1vez era un <del>animal<\/del> militar con ideas muy primitivas acerca de la diversidad sexual y, para m\u00e1s inri, adoctrinado por el m\u00e1s prominente perseguidor de homosexuales de Am\u00e9rica. La ignorancia de Ch\u00e1vez hizo met\u00e1stasis en todo su entorno y por eso la dirigencia chavista\u00a0sigue creyendo que insinuar que el otro es homosexual, es\u00a0insultarlo.<\/p>\n<p>Ojal\u00e1 ese odio que siente la c\u00fapula chavista hacia la comunidad LGBT pudiese ser explicado con un poco de psicolog\u00eda pop. Algo as\u00ed como \u201csus ideas de sexo y g\u00e9nero son muy simples y retr\u00f3gradas\u201d, o \u201ctienen mucho miedo de romper con el patriarcado\u201d, o \u201clos militares tienen que dar mucho culo para ascender y temen que un d\u00eda se conozca la verdad\u201d. Pero no. La explicaci\u00f3n es mucho m\u00e1s tr\u00e1gica y simple: Venezuela tiene una sociedad en la que el chavismo puede ser una fuerza pol\u00edtica y el resultado natural es que las personas sexodiversas sean consideradas como aberraciones por una parte de la \u201cciudadan\u00eda\u201d, que aplaude cuando la \u201cdirigencia\u201d usa ep\u00edtetos deshumanizantes,\u00a0inadmisibles en\u00a0una sociedad normal del siglo XXI.<\/p>\n<p>Sin embargo, creo que la nominaci\u00f3n de Tamara Adri\u00e1n es el comienzo de una esperanza. Con suerte, los hijos de los militares se dar\u00e1n cuenta de que <a href=\"http:\/\/www.washingtonpost.com\/blogs\/monkey-cage\/wp\/2015\/04\/28\/where-acceptance-of-homosexuality-has-and-has-not-changed-around-the-world\/\" target=\"_blank\">el mundo cambi\u00f3<\/a>, luego sus hijos y as\u00ed, dentro de tres generaciones, sus descendientes ya no ser\u00e1n retrasados mentales.<\/p>\n<p>&nbsp;<\/p>\n","protected":false},"excerpt":{"rendered":"<p>La nominaci\u00f3n de Tamara Adri\u00e1n como candidata a la Asamblea Nacional es la primera noticia que leo este a\u00f1o sobre la dirigencia opositora que no me causa rabia. Me gusta pensar que los chavistas est\u00e1n entrampados con esta nominaci\u00f3n, porque muchos de ellos se consideran progresistas, revolucionarios, defensores de las minor\u00edas \u2014t\u00fa sabes, de izquierdas [&hellip;]<\/p>\n","protected":false},"author":1,"featured_media":51545,"comment_status":"open","ping_status":"open","sticky":false,"template":"","format":"standard","meta":{"jetpack_post_was_ever_published":false,"_jetpack_newsletter_access":"","_jetpack_dont_email_post_to_subs":false,"_jetpack_newsletter_tier_id":0,"_jetpack_memberships_contains_paywalled_content":false,"_jetpack_memberships_contains_paid_content":false,"footnotes":"","jetpack_publicize_message":"","jetpack_publicize_feature_enabled":true,"jetpack_social_post_already_shared":false,"jetpack_social_options":{"image_generator_settings":{"template":"highway","default_image_id":0,"font":"","enabled":false},"version":2}},"categories":[3],"tags":[],"class_list":{"0":"post-51544","1":"post","2":"type-post","3":"status-publish","4":"format-standard","5":"has-post-thumbnail","7":"category-descontento"},"jetpack_publicize_connections":[],"jetpack_featured_media_url":"https:\/\/i0.wp.com\/www.panfletonegro.com\/v\/wp-content\/uploads\/2015\/07\/470993_347680688588037_247191158_o.jpg?fit=851%2C315&ssl=1","jetpack_shortlink":"https:\/\/wp.me\/pfpCD-dpm","jetpack_sharing_enabled":true,"_links":{"self":[{"href":"https:\/\/www.panfletonegro.com\/v\/wp-json\/wp\/v2\/posts\/51544","targetHints":{"allow":["GET"]}}],"collection":[{"href":"https:\/\/www.panfletonegro.com\/v\/wp-json\/wp\/v2\/posts"}],"about":[{"href":"https:\/\/www.panfletonegro.com\/v\/wp-json\/wp\/v2\/types\/post"}],"author":[{"embeddable":true,"href":"https:\/\/www.panfletonegro.com\/v\/wp-json\/wp\/v2\/users\/1"}],"replies":[{"embeddable":true,"href":"https:\/\/www.panfletonegro.com\/v\/wp-json\/wp\/v2\/comments?post=51544"}],"version-history":[{"count":0,"href":"https:\/\/www.panfletonegro.com\/v\/wp-json\/wp\/v2\/posts\/51544\/revisions"}],"wp:featuredmedia":[{"embeddable":true,"href":"https:\/\/www.panfletonegro.com\/v\/wp-json\/wp\/v2\/media\/51545"}],"wp:attachment":[{"href":"https:\/\/www.panfletonegro.com\/v\/wp-json\/wp\/v2\/media?parent=51544"}],"wp:term":[{"taxonomy":"category","embeddable":true,"href":"https:\/\/www.panfletonegro.com\/v\/wp-json\/wp\/v2\/categories?post=51544"},{"taxonomy":"post_tag","embeddable":true,"href":"https:\/\/www.panfletonegro.com\/v\/wp-json\/wp\/v2\/tags?post=51544"}],"curies":[{"name":"wp","href":"https:\/\/api.w.org\/{rel}","templated":true}]}}