{"id":51368,"date":"2015-07-06T18:21:49","date_gmt":"2015-07-06T22:51:49","guid":{"rendered":"http:\/\/www.panfletonegro.com\/v\/?p=51368"},"modified":"2015-07-06T18:21:49","modified_gmt":"2015-07-06T22:51:49","slug":"si-yo-fuese-un-arbol","status":"publish","type":"post","link":"https:\/\/www.panfletonegro.com\/v\/2015\/07\/06\/si-yo-fuese-un-arbol\/","title":{"rendered":"Si yo fuese un \u00c1rbol"},"content":{"rendered":"<p>Quiero convertirme en un \u00e1rbol ya, pero que miedo da,<\/p>\n<p>si yo fuese un \u00e1rbol tendr\u00eda miedo de ver los a\u00f1os pasar,<\/p>\n<p>de ver que los\u00a0 familiares se van,<\/p>\n<p>ver como todo cambia y pensar que acabare talado como todos los dem\u00e1s.<\/p>\n<p>El mundo es cruel y pensar que les damos nuestros hijos y mas bellas floras y hasta el aire para respirar.<br \/>\nPero de ser un \u00e1rbol no todo puede ser mal,<\/p>\n<p>sino por que la trascendencia de ese s\u00edmbolo inmortal natural.<\/p>\n<p>En serio, ser un \u00e1rbol seria genial, podr\u00eda ver a la gente pasar, resguardarlos de la lluvia,\u00a0<span style=\"line-height: 1.5\">regalarles una que otra hoja o una ramita ceca para jugar, escuchar sus mas \u00edntimos secretos, presenciar un mill\u00f3n de conversaciones telef\u00f3nicas, un mont\u00f3n de besos de amor, podre hasta darles aliento y sombra, ser el lienzo de quien quiera dibujar y seguramente terminare leyendo millones y millones de tan solo pocas paginas de los libros que cada persona venga a leer en mi regazo.<\/span><\/p>\n<p><span style=\"line-height: 1.5\">Si fuese un \u00e1rbol, quiero serlo en un parque en donde pueda ver a\u00a0amigos conversar, ni\u00f1os jugar, viejos estar y perritos pasear. Podr\u00eda cambiar de vestimenta de forma hermosa y natural, <\/span><span style=\"line-height: 1.5\">al ritmo del sol y la luna, al son del invierno o del verano, como mejor me vea para la ocasi\u00f3n. <\/span><span style=\"line-height: 1.5\">De la tierra volver\u00eda a nacer, mi madre saciara mi sed y el sol me dar\u00e1 luz y esplendor.<a href=\"https:\/\/i0.wp.com\/www.panfletonegro.com\/v\/wp-content\/uploads\/2015\/07\/Dia-del-Arbol-32.jpg\"><img data-recalc-dims=\"1\" loading=\"lazy\" decoding=\"async\" data-attachment-id=\"51370\" data-permalink=\"https:\/\/www.panfletonegro.com\/v\/2015\/07\/06\/si-yo-fuese-un-arbol\/dia-del-arbol-32\/\" data-orig-file=\"https:\/\/i0.wp.com\/www.panfletonegro.com\/v\/wp-content\/uploads\/2015\/07\/Dia-del-Arbol-32.jpg?fit=511%2C404&amp;ssl=1\" data-orig-size=\"511,404\" data-comments-opened=\"1\" data-image-meta=\"{&quot;aperture&quot;:&quot;0&quot;,&quot;credit&quot;:&quot;&quot;,&quot;camera&quot;:&quot;&quot;,&quot;caption&quot;:&quot;&quot;,&quot;created_timestamp&quot;:&quot;0&quot;,&quot;copyright&quot;:&quot;&quot;,&quot;focal_length&quot;:&quot;0&quot;,&quot;iso&quot;:&quot;0&quot;,&quot;shutter_speed&quot;:&quot;0&quot;,&quot;title&quot;:&quot;&quot;,&quot;orientation&quot;:&quot;0&quot;}\" data-image-title=\"Dia del Arbol 32\" data-image-description=\"\" data-image-caption=\"\" data-large-file=\"https:\/\/i0.wp.com\/www.panfletonegro.com\/v\/wp-content\/uploads\/2015\/07\/Dia-del-Arbol-32.jpg?fit=511%2C404&amp;ssl=1\" class=\"aligncenter wp-image-51370 size-full\" src=\"https:\/\/i0.wp.com\/www.panfletonegro.com\/v\/wp-content\/uploads\/2015\/07\/Dia-del-Arbol-32.jpg?resize=511%2C404\" alt=\"Madrenatural\" width=\"511\" height=\"404\" \/><\/a><\/span><\/p>\n<p><span style=\"line-height: 1.5\"> Todo lo que necesito para desear ser un \u00e1rbol, es quitarme el miedo a humanidad, ojala todos valoremos mas lo natural, al fin y al cabo, nada cuesta so\u00f1ar.<\/span><\/p>\n","protected":false},"excerpt":{"rendered":"<p>Quiero convertirme en un \u00e1rbol ya, pero que miedo da, si yo fuese un \u00e1rbol tendr\u00eda miedo de ver los a\u00f1os pasar, de ver que los\u00a0 familiares se van, ver como todo cambia y pensar que acabare talado como todos los dem\u00e1s. El mundo es cruel y pensar que les damos nuestros hijos y mas [&hellip;]<\/p>\n","protected":false},"author":3466,"featured_media":51370,"comment_status":"open","ping_status":"open","sticky":false,"template":"","format":"standard","meta":{"jetpack_post_was_ever_published":false,"_jetpack_newsletter_access":"","_jetpack_dont_email_post_to_subs":false,"_jetpack_newsletter_tier_id":0,"_jetpack_memberships_contains_paywalled_content":false,"_jetpack_memberships_contains_paid_content":false,"footnotes":"","jetpack_publicize_message":"","jetpack_publicize_feature_enabled":true,"jetpack_social_post_already_shared":false,"jetpack_social_options":{"image_generator_settings":{"template":"highway","default_image_id":0,"font":"","enabled":false},"version":2}},"categories":[2],"tags":[313,277,156,285,4259],"class_list":{"0":"post-51368","1":"post","2":"type-post","3":"status-publish","4":"format-standard","5":"has-post-thumbnail","7":"category-poesia","8":"tag-amor","9":"tag-arte-tag","10":"tag-panfletonegro","11":"tag-poemas","12":"tag-poesia"},"jetpack_publicize_connections":[],"jetpack_featured_media_url":"https:\/\/i0.wp.com\/www.panfletonegro.com\/v\/wp-content\/uploads\/2015\/07\/Dia-del-Arbol-32.jpg?fit=511%2C404&ssl=1","jetpack_shortlink":"https:\/\/wp.me\/pfpCD-dmw","jetpack_sharing_enabled":true,"_links":{"self":[{"href":"https:\/\/www.panfletonegro.com\/v\/wp-json\/wp\/v2\/posts\/51368","targetHints":{"allow":["GET"]}}],"collection":[{"href":"https:\/\/www.panfletonegro.com\/v\/wp-json\/wp\/v2\/posts"}],"about":[{"href":"https:\/\/www.panfletonegro.com\/v\/wp-json\/wp\/v2\/types\/post"}],"author":[{"embeddable":true,"href":"https:\/\/www.panfletonegro.com\/v\/wp-json\/wp\/v2\/users\/3466"}],"replies":[{"embeddable":true,"href":"https:\/\/www.panfletonegro.com\/v\/wp-json\/wp\/v2\/comments?post=51368"}],"version-history":[{"count":0,"href":"https:\/\/www.panfletonegro.com\/v\/wp-json\/wp\/v2\/posts\/51368\/revisions"}],"wp:featuredmedia":[{"embeddable":true,"href":"https:\/\/www.panfletonegro.com\/v\/wp-json\/wp\/v2\/media\/51370"}],"wp:attachment":[{"href":"https:\/\/www.panfletonegro.com\/v\/wp-json\/wp\/v2\/media?parent=51368"}],"wp:term":[{"taxonomy":"category","embeddable":true,"href":"https:\/\/www.panfletonegro.com\/v\/wp-json\/wp\/v2\/categories?post=51368"},{"taxonomy":"post_tag","embeddable":true,"href":"https:\/\/www.panfletonegro.com\/v\/wp-json\/wp\/v2\/tags?post=51368"}],"curies":[{"name":"wp","href":"https:\/\/api.w.org\/{rel}","templated":true}]}}