{"id":50831,"date":"2015-04-26T14:31:35","date_gmt":"2015-04-26T19:01:35","guid":{"rendered":"http:\/\/www.panfletonegro.com\/v\/?p=50831"},"modified":"2015-04-26T14:31:35","modified_gmt":"2015-04-26T19:01:35","slug":"mi-credo-2","status":"publish","type":"post","link":"https:\/\/www.panfletonegro.com\/v\/2015\/04\/26\/mi-credo-2\/","title":{"rendered":"Mi credo"},"content":{"rendered":"<p><img data-recalc-dims=\"1\" loading=\"lazy\" decoding=\"async\" data-attachment-id=\"50833\" data-permalink=\"https:\/\/www.panfletonegro.com\/v\/2015\/04\/26\/mi-credo-2\/in-the-silence\/\" data-orig-file=\"https:\/\/i0.wp.com\/www.panfletonegro.com\/v\/wp-content\/uploads\/2015\/04\/In-the-silence.jpg?fit=1920%2C1440&amp;ssl=1\" data-orig-size=\"1920,1440\" data-comments-opened=\"1\" data-image-meta=\"{&quot;aperture&quot;:&quot;0&quot;,&quot;credit&quot;:&quot;&quot;,&quot;camera&quot;:&quot;&quot;,&quot;caption&quot;:&quot;&quot;,&quot;created_timestamp&quot;:&quot;0&quot;,&quot;copyright&quot;:&quot;&quot;,&quot;focal_length&quot;:&quot;0&quot;,&quot;iso&quot;:&quot;0&quot;,&quot;shutter_speed&quot;:&quot;0&quot;,&quot;title&quot;:&quot;&quot;,&quot;orientation&quot;:&quot;0&quot;}\" data-image-title=\"In-the-silence\" data-image-description=\"\" data-image-caption=\"\" data-large-file=\"https:\/\/i0.wp.com\/www.panfletonegro.com\/v\/wp-content\/uploads\/2015\/04\/In-the-silence.jpg?fit=696%2C522&amp;ssl=1\" src=\"https:\/\/i0.wp.com\/www.panfletonegro.com\/v\/wp-content\/uploads\/2015\/04\/In-the-silence-640x480.jpg?resize=640%2C480\" alt=\"In-the-silence\" width=\"640\" height=\"480\" class=\"aligncenter size-medium wp-image-50833\" srcset=\"https:\/\/i0.wp.com\/www.panfletonegro.com\/v\/wp-content\/uploads\/2015\/04\/In-the-silence.jpg?resize=640%2C480&amp;ssl=1 640w, https:\/\/i0.wp.com\/www.panfletonegro.com\/v\/wp-content\/uploads\/2015\/04\/In-the-silence.jpg?resize=1024%2C768&amp;ssl=1 1024w, https:\/\/i0.wp.com\/www.panfletonegro.com\/v\/wp-content\/uploads\/2015\/04\/In-the-silence.jpg?w=1920&amp;ssl=1 1920w, https:\/\/i0.wp.com\/www.panfletonegro.com\/v\/wp-content\/uploads\/2015\/04\/In-the-silence.jpg?w=1392&amp;ssl=1 1392w\" sizes=\"auto, (max-width: 640px) 100vw, 640px\" \/><\/p>\n<p>No creo en ning\u00fan dios monote\u00edsta-justiciero que est\u00e1 en los cielos y dualiza para que exista un infierno. No creo en ninguna iglesia.<\/p>\n<p>Creo que el Universo ni se ha creado, ni ser\u00e1 destruido, sino que eternamente ha cambiado, transformado. Creo que existe innumerables universos, que se superponen en planos, o dimensiones, y que \u00e9stos pueden interconectarse a trav\u00e9s de portales dimensionales.<\/p>\n<p>Creo que no somos la \u00fanica conciencia en el universo, as\u00ed como existen innumerables universos, hay innumerables mundos, habitados por entes conscientes.<\/p>\n<p>No me convencen los conceptos de \u00aborden aleatorio\u00bb o \u00abcaos\u00bb, creo firmemente que todo surge por condiciones anteriores, que todo se genera por acciones previas, no hay generaci\u00f3n espont\u00e1nea, o aleatoria. Todo es una configuraci\u00f3n de distintos factores previos. No hay nadie \u00absuperior\u00bb que mueva o condicione esos factores, sino que es como un efecto domin\u00f3\u00bb c\u00f3smico.<\/p>\n<p>No creo en la dualidad, creo que formamos parte de un todo entretejido. Todo y Nada al mismo tiempo, coherencia-incoherencia, l\u00f3gico-absurdo, alegr\u00eda-tristeza, amor-pavor, mientras la desprogramaci\u00f3n no est\u00e9 completada todo ser\u00e1 una contradicci\u00f3n, nada ser\u00e1 comprendido. La Unidad, Yoga, de los pares de opuestos no podr\u00e1 darse. Quiz\u00e1 nada haya que comprender, s\u00f3lo relajarse y disfrutar del teatro de la Vida.<\/p>\n<p>Creo que existe una realidad objetiva y una subjetiva, y que ambas se superponen y confunden, sin que haya una l\u00ednea o frontera definida, y que la realidad subjetiva es creada por nuestras consciencias en conjunto, creando una realidad de consenso, una proyecci\u00f3n colectiva en la que todos creemos, pero que al romper el velo, la proyecci\u00f3n subjetiva, podr\u00edamos ver la \u00abrealidad real\u00bb, estar\u00edamos despiertos.<\/p>\n<p>La vida es, en realidad, un sue\u00f1o como dec\u00eda Calder\u00f3n de la Barca. Por eso no me tomo la vida con demasiada seriedad, es un juego con el que disfruto, aprendo, evoluciono. Ma\u00f1ana podr\u00eda cambiar mis creencias, sin apego a ninguna, con la misma facilidad que las invento en su momento y seguir\u00e9 siendo fiel a m\u00ed mismo.<\/p>\n","protected":false},"excerpt":{"rendered":"<p>No creo en ning\u00fan dios monote\u00edsta-justiciero que est\u00e1 en los cielos y dualiza para que exista un infierno. No creo en ninguna iglesia. Creo que el Universo ni se ha creado, ni ser\u00e1 destruido, sino que eternamente ha cambiado, transformado. Creo que existe innumerables universos, que se superponen en planos, o dimensiones, y que \u00e9stos [&hellip;]<\/p>\n","protected":false},"author":2044,"featured_media":50833,"comment_status":"open","ping_status":"open","sticky":false,"template":"","format":"standard","meta":{"jetpack_post_was_ever_published":false,"_jetpack_newsletter_access":"","_jetpack_dont_email_post_to_subs":false,"_jetpack_newsletter_tier_id":0,"_jetpack_memberships_contains_paywalled_content":false,"_jetpack_memberships_contains_paid_content":false,"footnotes":"","jetpack_publicize_message":"","jetpack_publicize_feature_enabled":true,"jetpack_social_post_already_shared":false,"jetpack_social_options":{"image_generator_settings":{"template":"highway","default_image_id":0,"font":"","enabled":false},"version":2}},"categories":[1],"tags":[],"class_list":{"0":"post-50831","1":"post","2":"type-post","3":"status-publish","4":"format-standard","5":"has-post-thumbnail","7":"category-azares"},"jetpack_publicize_connections":[],"jetpack_featured_media_url":"https:\/\/i0.wp.com\/www.panfletonegro.com\/v\/wp-content\/uploads\/2015\/04\/In-the-silence.jpg?fit=1920%2C1440&ssl=1","jetpack_shortlink":"https:\/\/wp.me\/pfpCD-ddR","jetpack_sharing_enabled":true,"_links":{"self":[{"href":"https:\/\/www.panfletonegro.com\/v\/wp-json\/wp\/v2\/posts\/50831","targetHints":{"allow":["GET"]}}],"collection":[{"href":"https:\/\/www.panfletonegro.com\/v\/wp-json\/wp\/v2\/posts"}],"about":[{"href":"https:\/\/www.panfletonegro.com\/v\/wp-json\/wp\/v2\/types\/post"}],"author":[{"embeddable":true,"href":"https:\/\/www.panfletonegro.com\/v\/wp-json\/wp\/v2\/users\/2044"}],"replies":[{"embeddable":true,"href":"https:\/\/www.panfletonegro.com\/v\/wp-json\/wp\/v2\/comments?post=50831"}],"version-history":[{"count":0,"href":"https:\/\/www.panfletonegro.com\/v\/wp-json\/wp\/v2\/posts\/50831\/revisions"}],"wp:featuredmedia":[{"embeddable":true,"href":"https:\/\/www.panfletonegro.com\/v\/wp-json\/wp\/v2\/media\/50833"}],"wp:attachment":[{"href":"https:\/\/www.panfletonegro.com\/v\/wp-json\/wp\/v2\/media?parent=50831"}],"wp:term":[{"taxonomy":"category","embeddable":true,"href":"https:\/\/www.panfletonegro.com\/v\/wp-json\/wp\/v2\/categories?post=50831"},{"taxonomy":"post_tag","embeddable":true,"href":"https:\/\/www.panfletonegro.com\/v\/wp-json\/wp\/v2\/tags?post=50831"}],"curies":[{"name":"wp","href":"https:\/\/api.w.org\/{rel}","templated":true}]}}