{"id":50529,"date":"2015-03-12T20:12:16","date_gmt":"2015-03-13T00:42:16","guid":{"rendered":"http:\/\/www.panfletonegro.com\/v\/?p=50529"},"modified":"2015-03-12T20:12:16","modified_gmt":"2015-03-13T00:42:16","slug":"chaderton-figueroa-tu-y-yo","status":"publish","type":"post","link":"https:\/\/www.panfletonegro.com\/v\/2015\/03\/12\/chaderton-figueroa-tu-y-yo\/","title":{"rendered":"Chaderton, Figueroa, t\u00fa y yo"},"content":{"rendered":"<p><img data-recalc-dims=\"1\" loading=\"lazy\" decoding=\"async\" data-attachment-id=\"50531\" data-permalink=\"https:\/\/www.panfletonegro.com\/v\/2015\/03\/12\/chaderton-figueroa-tu-y-yo\/monos\/\" data-orig-file=\"https:\/\/i0.wp.com\/www.panfletonegro.com\/v\/wp-content\/uploads\/2015\/03\/monos.jpg?fit=550%2C460&amp;ssl=1\" data-orig-size=\"550,460\" data-comments-opened=\"1\" data-image-meta=\"{&quot;aperture&quot;:&quot;0&quot;,&quot;credit&quot;:&quot;&quot;,&quot;camera&quot;:&quot;&quot;,&quot;caption&quot;:&quot;&quot;,&quot;created_timestamp&quot;:&quot;0&quot;,&quot;copyright&quot;:&quot;&quot;,&quot;focal_length&quot;:&quot;0&quot;,&quot;iso&quot;:&quot;0&quot;,&quot;shutter_speed&quot;:&quot;0&quot;,&quot;title&quot;:&quot;&quot;,&quot;orientation&quot;:&quot;0&quot;}\" data-image-title=\"monos\" data-image-description=\"\" data-image-caption=\"\" data-large-file=\"https:\/\/i0.wp.com\/www.panfletonegro.com\/v\/wp-content\/uploads\/2015\/03\/monos.jpg?fit=550%2C460&amp;ssl=1\" class=\"alignnone size-full wp-image-50531\" src=\"https:\/\/i0.wp.com\/www.panfletonegro.com\/v\/wp-content\/uploads\/2015\/03\/monos.jpg?resize=550%2C460\" alt=\"monos\" width=\"550\" height=\"460\" \/><\/p>\n<p>&nbsp;<\/p>\n<p>Esta semana hemos tenido una oportunidad de lujo para tomar consciencia de ese gran Otro del venezolano \u2013la cultura venezolana\u2013 y de nuestra relaci\u00f3n con \u00e9l.<\/p>\n<p>Por una parte, Roy Chaderton, nuestro eminente embajador ante la OEA:<\/p>\n<p>1. Se expres\u00f3 c\u00e1ndidamente en torno a los adversarios pol\u00edticos del bando con el que \u00e9l se identifica.<\/p>\n<blockquote><p><a href=\"http:\/\/www.eluniversal.com\/nacional-y-politica\/150311\/el-comentario-de-roy-chaderton-en-el-programa-zurda-konducta\" target=\"_blank\">\u201c\u2026 una cabeza escu\u00e1lida no se diferencia de una cabeza chavista, salvo en el contenido. El sonido que produce una cabeza escu\u00e1lida es mucho menor\u2026 es como un chasquido porque la b\u00f3veda craneana es hueca &#8211; \u201ces vac\u00eda de contenido\u201d- refleja el entrevistador. \u201cExacto. Entonces pasa r\u00e1pido, pero eso se sabe despu\u00e9s de que pasa el proyectil\u201d.<\/a><\/p><\/blockquote>\n<p>2. <a href=\"http:\/\/www.eluniversal.com\/nacional-y-politica\/150312\/roy-chaderton-se-disculpo-por-declaraciones-que-hizo-contra-la-oposici\" target=\"_blank\">Ante la reacci\u00f3n generada se excus\u00f3<\/a>, no s\u00f3lo diciendo que sus palabras fueron descontextualizadas, sino esperando una disculpa por parte de que quienes denunciaron lo asqueroso de su comentario.<\/p>\n<p>Por otra parte, Rodner Figueroa, otro compatriota:<\/p>\n<p>1. Se expres\u00f3 c\u00e1ndidamente de Michell Obama.<\/p>\n<blockquote><p><a href=\"https:\/\/instagram.com\/javierceriani\/p\/0HSpIqRKlL\/\" target=\"_blank\">\u00abOjo, ustedes saben que Michelle Obama parece del elenco de &#8216;Planeta de los Simios&#8217;, la pel\u00edcula\u00bb<\/a>.<\/p><\/blockquote>\n<p>2. <a href=\"http:\/\/www.bbc.co.uk\/mundo\/ultimas_noticias\/2015\/03\/150312_ultnot_rodner_figueroa_simios_michelle_obama_tsb?ocid\" target=\"_blank\">Ante la reacci\u00f3n generada, que incluy\u00f3 ser despedido de su trabajo, se disculp\u00f3, aclarando que su comentario no se dirig\u00eda a Michell Obama.<\/a><\/p>\n<p>Ambos son lo que Nietzsche llamar\u00eda \u201cp\u00e1lidos delincuentes\u201d, sujetos que no est\u00e1n, para nada, a la altura del crimen cometido; individuos que se horrorizan frente la imagen que proyectan, toda vez que \u00e9sta es reflejada de vuelta hacia ellos. Podr\u00edamos aclarar el punto reformulando aquel conocido refr\u00e1n popular: mataron el tigre y ahora el cuero les recuerda que son unos asesinos.<\/p>\n<p>Yo en lo particular no los culpo. Creo que como venezolanos necesitamos un est\u00f3mago de hierro para sostener la mirada frente al espejo y no sentir n\u00e1useas con eso que proyectamos (y de lo que no queremos hacernos responsables). Porque de eso se trata todo esto, de eso que nos acecha desde lo m\u00e1s profundo de nosotros mismos y, que sin ser inherente a \u201cnuestra esencia\u201d, nos da sustancia; eso de lo que la \u201ccrisis pol\u00edtica\u201d es s\u00f3lo un s\u00edntoma, eso que se manifiesta no s\u00f3lo en este par de casos sino en el d\u00eda a d\u00eda; en el racismo, en la homofobia, en la violencia dom\u00e9stica&#8230; siempre como un quiebre en la narrativa en torno a \u201cel mejor pa\u00eds del mundo\u201d, \u201cla gente m\u00e1s c\u00e1lida\u201d y dem\u00e1s perlas del chauvinismo criollo.<\/p>\n<p>Por mucho que queramos negarlo o desmentirlo, hay algo horrible que sale a la luz a trav\u00e9s de las grietas. As\u00ed que no te hagas el inocente, que no es s\u00f3lo Chaderton o Figueroa. Todos estamos picados por la misma culebra \u2013la cultura venezolana\u2013, aunque no todos mostremos los efectos t\u00edpicos del veneno: \u201cTe quiero eliminar, pero por favor qu\u00e9date callado, que por encima de todo quiero seguir pensando que soy una buena persona, pese a lo que diga, pese a lo que haga para destruirte. Si lo denuncias, lo negar\u00e9, me har\u00e9 el ofendido y la v\u00edctima y te exigir\u00e9 una disculpa\u201d.<\/p>\n<p>Quiz\u00e1s es tiempo de asumir que venimos de una cultura enferma; que somos responsables por sostener y transmitir una visi\u00f3n autodestructiva de la vida, el mundo, las cosas y las personas. Este, en todo caso, ser\u00eda el primer paso para empezar a construir una salida al callej\u00f3n sin salida en el que estamos como sociedad. Tenemos que aprender a hacer algo distinto con nuestras circunstancias (m\u00e1s all\u00e1 del placer morboso de refocilarnos en nuestra miseria o de sentirnos especiales por esto horrible que \u201cnos pasa\u201d).<\/p>\n<p>Al respecto, y como una prueba m\u00e1s para sostener mi argumento, una de las cosas m\u00e1s curiosas del caso venezolano es que no ha habido ning\u00fan factor externo que explique la debacle. Como si padeciese de una enfermedad autoinmune, el pa\u00eds se ha ido a pique solito, para colocarse, de manera permanente, al borde del colapso.<\/p>\n<p>\u00bfY c\u00f3mo se transforma una cultura entr\u00f3pica en una que canalice de mejor modo la agresi\u00f3n, que contenga la violencia y permita la convivencia civilizada? No tengo la menor idea; s\u00f3lo se que cada vez que apelamos a la geograf\u00eda (v.g. las maravillas naturales y las riquezas minerales) o que usamos cierto tipo de humor &#8211; ese que va acompa\u00f1ado de la frase \u201c\u00a1CDLM, es que el venezolano es una vaina!\u201d- seguimos cavando nuestro propio hueco.<\/p>\n","protected":false},"excerpt":{"rendered":"<p>&nbsp; Esta semana hemos tenido una oportunidad de lujo para tomar consciencia de ese gran Otro del venezolano \u2013la cultura venezolana\u2013 y de nuestra relaci\u00f3n con \u00e9l. Por una parte, Roy Chaderton, nuestro eminente embajador ante la OEA: 1. Se expres\u00f3 c\u00e1ndidamente en torno a los adversarios pol\u00edticos del bando con el que \u00e9l se [&hellip;]<\/p>\n","protected":false},"author":1183,"featured_media":50531,"comment_status":"open","ping_status":"open","sticky":false,"template":"","format":"standard","meta":{"jetpack_post_was_ever_published":false,"_jetpack_newsletter_access":"","_jetpack_dont_email_post_to_subs":false,"_jetpack_newsletter_tier_id":0,"_jetpack_memberships_contains_paywalled_content":false,"_jetpack_memberships_contains_paid_content":false,"footnotes":"","jetpack_publicize_message":"","jetpack_publicize_feature_enabled":true,"jetpack_social_post_already_shared":false,"jetpack_social_options":{"image_generator_settings":{"template":"highway","default_image_id":0,"font":"","enabled":false},"version":2}},"categories":[6],"tags":[732,4065,44,136],"class_list":{"0":"post-50529","1":"post","2":"type-post","3":"status-publish","4":"format-standard","5":"has-post-thumbnail","7":"category-confesionario","8":"tag-cultura-venezolana","9":"tag-roy-chaderton","10":"tag-venezuela","11":"tag-violencia"},"jetpack_publicize_connections":[],"jetpack_featured_media_url":"https:\/\/i0.wp.com\/www.panfletonegro.com\/v\/wp-content\/uploads\/2015\/03\/monos.jpg?fit=550%2C460&ssl=1","jetpack_shortlink":"https:\/\/wp.me\/pfpCD-d8Z","jetpack_sharing_enabled":true,"_links":{"self":[{"href":"https:\/\/www.panfletonegro.com\/v\/wp-json\/wp\/v2\/posts\/50529","targetHints":{"allow":["GET"]}}],"collection":[{"href":"https:\/\/www.panfletonegro.com\/v\/wp-json\/wp\/v2\/posts"}],"about":[{"href":"https:\/\/www.panfletonegro.com\/v\/wp-json\/wp\/v2\/types\/post"}],"author":[{"embeddable":true,"href":"https:\/\/www.panfletonegro.com\/v\/wp-json\/wp\/v2\/users\/1183"}],"replies":[{"embeddable":true,"href":"https:\/\/www.panfletonegro.com\/v\/wp-json\/wp\/v2\/comments?post=50529"}],"version-history":[{"count":0,"href":"https:\/\/www.panfletonegro.com\/v\/wp-json\/wp\/v2\/posts\/50529\/revisions"}],"wp:featuredmedia":[{"embeddable":true,"href":"https:\/\/www.panfletonegro.com\/v\/wp-json\/wp\/v2\/media\/50531"}],"wp:attachment":[{"href":"https:\/\/www.panfletonegro.com\/v\/wp-json\/wp\/v2\/media?parent=50529"}],"wp:term":[{"taxonomy":"category","embeddable":true,"href":"https:\/\/www.panfletonegro.com\/v\/wp-json\/wp\/v2\/categories?post=50529"},{"taxonomy":"post_tag","embeddable":true,"href":"https:\/\/www.panfletonegro.com\/v\/wp-json\/wp\/v2\/tags?post=50529"}],"curies":[{"name":"wp","href":"https:\/\/api.w.org\/{rel}","templated":true}]}}