{"id":50356,"date":"2015-02-24T09:03:23","date_gmt":"2015-02-24T13:33:23","guid":{"rendered":"http:\/\/www.panfletonegro.com\/v\/?p=50356"},"modified":"2015-02-25T07:42:02","modified_gmt":"2015-02-25T12:12:02","slug":"lo-que-isis-quiere","status":"publish","type":"post","link":"https:\/\/www.panfletonegro.com\/v\/2015\/02\/24\/lo-que-isis-quiere\/","title":{"rendered":"Lo que ISIS quiere"},"content":{"rendered":"<div>\n<p style=\"text-align: justify\"><a href=\"https:\/\/i0.wp.com\/www.panfletonegro.com\/v\/wp-content\/uploads\/2015\/02\/descarga.jpg\"><img data-recalc-dims=\"1\" loading=\"lazy\" decoding=\"async\" data-attachment-id=\"50357\" data-permalink=\"https:\/\/www.panfletonegro.com\/v\/2015\/02\/24\/lo-que-isis-quiere\/descarga-11\/\" data-orig-file=\"https:\/\/i0.wp.com\/www.panfletonegro.com\/v\/wp-content\/uploads\/2015\/02\/descarga.jpg?fit=290%2C174&amp;ssl=1\" data-orig-size=\"290,174\" data-comments-opened=\"1\" data-image-meta=\"{&quot;aperture&quot;:&quot;0&quot;,&quot;credit&quot;:&quot;&quot;,&quot;camera&quot;:&quot;&quot;,&quot;caption&quot;:&quot;&quot;,&quot;created_timestamp&quot;:&quot;0&quot;,&quot;copyright&quot;:&quot;&quot;,&quot;focal_length&quot;:&quot;0&quot;,&quot;iso&quot;:&quot;0&quot;,&quot;shutter_speed&quot;:&quot;0&quot;,&quot;title&quot;:&quot;&quot;,&quot;orientation&quot;:&quot;0&quot;}\" data-image-title=\"descarga\" data-image-description=\"\" data-image-caption=\"\" data-large-file=\"https:\/\/i0.wp.com\/www.panfletonegro.com\/v\/wp-content\/uploads\/2015\/02\/descarga.jpg?fit=290%2C174&amp;ssl=1\" class=\"alignleft size-full wp-image-50357\" src=\"https:\/\/i0.wp.com\/www.panfletonegro.com\/v\/wp-content\/uploads\/2015\/02\/descarga.jpg?resize=290%2C174\" alt=\"descarga\" width=\"290\" height=\"174\" \/><\/a><\/p>\n<p style=\"text-align: justify\">Desde que comenz\u00f3 a aparecer en los medios, ISIS o El Estado Isl\u00e1mico, ha generado un inter\u00e9s particular en mi como persona y miembro de la cultura occidental. Entender con profundidad su identidad no es una tarea sencilla, porque hay elementos religiosos, ideol\u00f3gicos, culturales y pol\u00edticos que condicionan nuestra percepci\u00f3n de lo que representan y persiguen como movimiento organizado.<\/p>\n<\/div>\n<div style=\"text-align: justify\">\u00a0Adem\u00e1s de esto, hay que tomar en cuenta que en los medios de comunicaci\u00f3n la discusi\u00f3n sobre ISIS ha servido como catalizador para enfrentar a distintos representantes de la izquierda y la derecha. Los debates, que son tan obsoletos como perjudiciales, sirven para generar las matrices de opini\u00f3n que circulan en programas de radio y televisi\u00f3n, diarios y p\u00e1ginas de Internet. Lamentablemente esto provoca que la mayor\u00eda de la gente tenga una visi\u00f3n maniquea, incompleta y sesgada acerca del Estado Isl\u00e1mico y su enfrentamiento con occidente, que distorsiona la realidad e impide tomar una posici\u00f3n coherente.<\/div>\n<div style=\"text-align: justify\"><\/div>\n<div style=\"text-align: justify\">Es por esto que considero importante compartir toda la informaci\u00f3n que pueda servirnos para entender a ISIS y separar la propaganda del contenido relevante. Como ser humano creo firmemente que la libertad, el reconocimiento de los derechos civiles, la justicia y el rechazo de la violencia son valores fundamentales para la vida. Constituyen la base sobre la que un individuo puede buscar su propia determinaci\u00f3n y una sociedad se moviliza para alcanzar objetivos comunes.<\/div>\n<div style=\"text-align: justify\"><\/div>\n<div style=\"text-align: justify\">El Estado Isl\u00e1mico, por distintos motivos, representa una amenaza contra estos valores y otros que conforman nuestra visi\u00f3n del mundo. Mientras su avance contin\u00faa y reciben voluntarios de m\u00e1s de 80 pa\u00edses para formar parte de sus milicias, no deben menospreciarse las consecuencias que un enfrentamiento a gran escala podr\u00eda tener.<\/div>\n<div style=\"text-align: justify\"><\/div>\n<div style=\"text-align: justify\">De todo lo que he le\u00eddo, este es el art\u00edculo m\u00e1s completo y objetivo que he encontrado en la red. Es una lectura fundamental:\u00a0http:\/\/www.theatlantic.com\/features\/archive\/2015\/02\/what-isis-really-wants\/384980\/<\/div>\n<div><\/div>\n<div style=\"text-align: justify\">Vice tambi\u00e9n ha publicado una serie de reportajes sobre ISIS, este es perfecto para comenzar.En la barra de herramientas de Youtube pueden activarse los subt\u00edtulos en espa\u00f1ol.<\/p>\n<p>https:\/\/www.youtube.com\/watch?v=AUjHb4C7b94<\/p><\/div>\n","protected":false},"excerpt":{"rendered":"<p>Desde que comenz\u00f3 a aparecer en los medios, ISIS o El Estado Isl\u00e1mico, ha generado un inter\u00e9s particular en mi como persona y miembro de la cultura occidental. Entender con profundidad su identidad no es una tarea sencilla, porque hay elementos religiosos, ideol\u00f3gicos, culturales y pol\u00edticos que condicionan nuestra percepci\u00f3n de lo que representan y [&hellip;]<\/p>\n","protected":false},"author":1760,"featured_media":50357,"comment_status":"open","ping_status":"open","sticky":false,"template":"","format":"standard","meta":{"jetpack_post_was_ever_published":false,"_jetpack_newsletter_access":"","_jetpack_dont_email_post_to_subs":false,"_jetpack_newsletter_tier_id":0,"_jetpack_memberships_contains_paywalled_content":false,"_jetpack_memberships_contains_paid_content":false,"footnotes":"","jetpack_publicize_message":"","jetpack_publicize_feature_enabled":true,"jetpack_social_post_already_shared":false,"jetpack_social_options":{"image_generator_settings":{"template":"highway","default_image_id":0,"font":"","enabled":false},"version":2}},"categories":[3],"tags":[67,226,225,124,927,136],"class_list":{"0":"post-50356","1":"post","2":"type-post","3":"status-publish","4":"format-standard","5":"has-post-thumbnail","7":"category-descontento","8":"tag-critica","9":"tag-democracia","10":"tag-libertad-de-expresion","11":"tag-politica","12":"tag-religion","13":"tag-violencia"},"jetpack_publicize_connections":[],"jetpack_featured_media_url":"https:\/\/i0.wp.com\/www.panfletonegro.com\/v\/wp-content\/uploads\/2015\/02\/descarga.jpg?fit=290%2C174&ssl=1","jetpack_shortlink":"https:\/\/wp.me\/pfpCD-d6c","jetpack_sharing_enabled":true,"_links":{"self":[{"href":"https:\/\/www.panfletonegro.com\/v\/wp-json\/wp\/v2\/posts\/50356","targetHints":{"allow":["GET"]}}],"collection":[{"href":"https:\/\/www.panfletonegro.com\/v\/wp-json\/wp\/v2\/posts"}],"about":[{"href":"https:\/\/www.panfletonegro.com\/v\/wp-json\/wp\/v2\/types\/post"}],"author":[{"embeddable":true,"href":"https:\/\/www.panfletonegro.com\/v\/wp-json\/wp\/v2\/users\/1760"}],"replies":[{"embeddable":true,"href":"https:\/\/www.panfletonegro.com\/v\/wp-json\/wp\/v2\/comments?post=50356"}],"version-history":[{"count":0,"href":"https:\/\/www.panfletonegro.com\/v\/wp-json\/wp\/v2\/posts\/50356\/revisions"}],"wp:featuredmedia":[{"embeddable":true,"href":"https:\/\/www.panfletonegro.com\/v\/wp-json\/wp\/v2\/media\/50357"}],"wp:attachment":[{"href":"https:\/\/www.panfletonegro.com\/v\/wp-json\/wp\/v2\/media?parent=50356"}],"wp:term":[{"taxonomy":"category","embeddable":true,"href":"https:\/\/www.panfletonegro.com\/v\/wp-json\/wp\/v2\/categories?post=50356"},{"taxonomy":"post_tag","embeddable":true,"href":"https:\/\/www.panfletonegro.com\/v\/wp-json\/wp\/v2\/tags?post=50356"}],"curies":[{"name":"wp","href":"https:\/\/api.w.org\/{rel}","templated":true}]}}