{"id":49816,"date":"2015-01-14T22:40:35","date_gmt":"2015-01-15T03:10:35","guid":{"rendered":"http:\/\/www.panfletonegro.com\/v\/?p=49816"},"modified":"2015-01-18T23:43:18","modified_gmt":"2015-01-19T04:13:18","slug":"una-carta-abierta-para-todos","status":"publish","type":"post","link":"https:\/\/www.panfletonegro.com\/v\/2015\/01\/14\/una-carta-abierta-para-todos\/","title":{"rendered":"Una breve historia del pa\u00eds donde crec\u00ed y en el que ahora vivo."},"content":{"rendered":"<p style=\"text-align: justify\"><a href=\"https:\/\/i0.wp.com\/www.panfletonegro.com\/v\/wp-content\/uploads\/2015\/01\/Venezuela.png\"><img data-recalc-dims=\"1\" loading=\"lazy\" decoding=\"async\" data-attachment-id=\"49821\" data-permalink=\"https:\/\/www.panfletonegro.com\/v\/2015\/01\/14\/una-carta-abierta-para-todos\/venezuela-9\/\" data-orig-file=\"https:\/\/i0.wp.com\/www.panfletonegro.com\/v\/wp-content\/uploads\/2015\/01\/Venezuela.png?fit=541%2C541&amp;ssl=1\" data-orig-size=\"541,541\" data-comments-opened=\"1\" data-image-meta=\"{&quot;aperture&quot;:&quot;0&quot;,&quot;credit&quot;:&quot;&quot;,&quot;camera&quot;:&quot;&quot;,&quot;caption&quot;:&quot;&quot;,&quot;created_timestamp&quot;:&quot;0&quot;,&quot;copyright&quot;:&quot;&quot;,&quot;focal_length&quot;:&quot;0&quot;,&quot;iso&quot;:&quot;0&quot;,&quot;shutter_speed&quot;:&quot;0&quot;,&quot;title&quot;:&quot;&quot;,&quot;orientation&quot;:&quot;0&quot;}\" data-image-title=\"Venezuela\" data-image-description=\"\" data-image-caption=\"\" data-large-file=\"https:\/\/i0.wp.com\/www.panfletonegro.com\/v\/wp-content\/uploads\/2015\/01\/Venezuela.png?fit=541%2C541&amp;ssl=1\" class=\"  wp-image-49821 aligncenter\" src=\"https:\/\/i0.wp.com\/www.panfletonegro.com\/v\/wp-content\/uploads\/2015\/01\/Venezuela-541x480.png?resize=578%2C513\" alt=\"Venezuela\" width=\"578\" height=\"513\" \/><\/a><\/p>\n<p style=\"text-align: justify\">Antes de adentrarme en el presente que vivimos todos, quisiera hablarles \u00a0un poco de mi pasado, solo para hacer contraste, con la realidad actual.<\/p>\n<p style=\"text-align: justify\">Nac\u00ed en un peque\u00f1o pueblo de Venezuela, al centro occidente del pa\u00eds; crec\u00ed arropado por monta\u00f1as \u2013tampoco que fui la versi\u00f3n Venezolana de Pedro alentado a <a href=\"http:\/\/es.wikipedia.org\/wiki\/Heidi_%28anime%29\">Heidi<\/a> a subir a la cima de la monta\u00f1as a ver al se\u00f1or de las cumbres- pero todo aquello era el reino de lo fant\u00e1stico, c\u00f3mo lo mencione una vez en algo que escrib\u00ed, continuando con mi historia eran \u00a0los a\u00f1os noventa, para ese entonces ya estaba pasando de ni\u00f1o a puberto \u2013 la \u00fanica diferencia es el vello p\u00fabico-\u00a0 por ah\u00ed en el a\u00f1o 1996 ten\u00eda escasos once a\u00f1os mis d\u00edas transcurr\u00eda entre la escuela, el jugar con los amigos, el ba\u00f1o taciturno y la noctambula \u2013coaccionada- cepillada de dientes. Era todo apeteciblemente normal, responsabilidad era una palabra ajena a mi vocabulario, solo\u00a0 la escuchaba c\u00f3mo parte del serm\u00f3n de mis padres cuando olvidaba terminar una tarea, soy hijo de un hombre trabajador que con el pasar de los a\u00f1os ha luchado para que a su familia no le falte nada, no fue que nos \u00a0dio lujos extravagantes; viajes a Francia, o la llave de un coche cuando terminamos el bachillerato, pero si se esforz\u00f3 \u2013aun lo hace- por darle una buena vida a su familia.<\/p>\n<p style=\"text-align: justify\">\u00bfPol\u00edtica? en aquellos tiempos solo sab\u00eda que el Presidente era <a href=\"http:\/\/es.wikipedia.org\/wiki\/Rafael_Caldera\">Rafael Caldera<\/a>, un se\u00f1or ya pasado de edad, muy particular al hablar por televisi\u00f3n, pero la palabra pol\u00edtica no era la que m\u00e1s estaba de moda, al menos en mi entorno de juegos,\u00a0 los s\u00e1bados iba con mis hermanos mayores quienes ten\u00edan encomendado hacer el mercado para la familia y regres\u00e1bamos con todo lo que nos hab\u00edan pedido en la lista.<\/p>\n<p style=\"text-align: justify\">Para el a\u00f1o 1997, todo transcurr\u00eda igual, al menos para m\u00ed, no conoc\u00eda del <a href=\"http:\/\/es.wikipedia.org\/wiki\/Pacto_de_Punto_Fijo\">pacto de punto fijo<\/a>, apenas sab\u00eda que era el petr\u00f3leo, y poco sabia de la corrupci\u00f3n. Un d\u00eda de ese a\u00f1o , no s\u00e9 la fecha exacta pero lo m\u00e1s probable en el mes de enero, porque a\u00fan recuerdo la brisa de aquel d\u00eda, t\u00edpica en mi pueblo por esa temporada; lo cierto es que sal\u00ed de mi casa buscando con quien pasar el rato, vi pocos por no decir ning\u00fan compa\u00f1ero de juego, por lo que entre a casa de un vecino, todos en esa familia estaban obsesionados con la <a href=\"http:\/\/venezuelaguerrilladelos60.blogspot.com\/\">\u00e9poca guerrillera en Venezuela<\/a>, contaban historias en las que se atrincheraban entre las monta\u00f1as, en las que conocieron a personas que para ese entonces hac\u00edan vida pol\u00edtica en el pa\u00eds, poco entend\u00eda de su lucha,\u00a0 lo cierto es que aquel d\u00eda una de las mujeres de esa familia se encontraba sentada, escribiendo en su cuaderno, mi curiosidad me llevo a sentarme a su lado, y saber de qu\u00e9 escrib\u00eda, ella me dijo que escrib\u00eda pensamientos o poes\u00eda \u00a0y me muestra su cuaderno, y leo lo que hoy s\u00e9 que son <a href=\"http:\/\/es.wikipedia.org\/wiki\/Acr%C3%B3stico\">acr\u00f3sticos<\/a> .<\/p>\n<p style=\"text-align: justify\">B XXXX XXXX XXXX XXXXXXXX XXXXXXXXXXXX XXXXXXXXXXX<\/p>\n<p style=\"text-align: justify\">O XXXXXX XXXX XXXXXXX XXXXXX\u00a0 XXXXXXXX\u00a0 XXXXXXXXXXXXXX<\/p>\n<p style=\"text-align: justify\">L XXXXX XXX XXXX XXXX XXXXXXXXX XXXXXXXXX\u00a0 XXXXXX XXXXX<\/p>\n<p style=\"text-align: justify\">I XXXXXXXXXXXXXXXX XXXXXX XXXXXXXXXX XXXXXXXXXXXX\u00a0 XXX<\/p>\n<p style=\"text-align: justify\">V XXXXXXX XXXXXXXXXX XXXXXXXXXX XXXXXXXXXX XXXXX XXXX<\/p>\n<p style=\"text-align: justify\">AXXXXXX XXXXXXXXXXXXX XXXXXXX X XXXXXXXXXXXXXXX XXXXXXX<\/p>\n<p style=\"text-align: justify\">R XXXXXXXXXX XXXXXXXXXXXXX XXXXXXXXXXXXX XXXXXXXXX XXXX.<\/p>\n<p style=\"text-align: justify\">Yo sab\u00eda qui\u00e9n era Bol\u00edvar, lo que me maravillaba era c\u00f3mo todo rimaba, al leerlo sent\u00edas la fluidez de las palabras al pronunciarlas, poder percibir el momento en que una frase rimaba con otra -aquello cambio mi vida-, me sent\u00ed realmente atra\u00eddo por la escritura, no la conoc\u00eda en esa forma, aquella mujer al ver mi entusiasmo, me aconsejo que buscara un cuaderno, y escribiera all\u00ed, lo que pasara por mi mente y luego buscara la rima, por lo que empec\u00e9 a escribir para m\u00ed,\u00a0 luego para chicas que me gustaban\u00a0 en el liceo, tuve que valerme de ello, ya que no era necesariamente el m\u00e1s apuesto de la clase, incluso le escrib\u00ed cartas a mis amigos para sus novias, unos de los primeros escritos el que m\u00e1s recuerdo y a\u00fan conservo, se titulaba \u201ccarne muerta\u201d se podr\u00e1n imaginar que pens\u00f3 mi madre cuando consigui\u00f3 el cuaderno en mi cuarto y solo ley\u00f3 las palabras, putrefacci\u00f3n, gusanos, olor a descomposici\u00f3n, pero en realidad solo hablaba de la vanidad de las personas. Hoy en d\u00eda sigo siendo un aficionado a la escritura.<\/p>\n<p style=\"text-align: justify\">Aquella mujer tambi\u00e9n me hablo de Ch\u00e1vez, \u00a0me dijo que era el hombre nuevo, alguien con ideas, con conciencia, con inteligencia y lo m\u00e1s importante que le dol\u00eda la pobreza, \u00e9ste hombre ven\u00eda a erradicar los males, a cambiarlo todo \u2013 \u00a1vaya que lo hizo!- de cierta manera me pareci\u00f3 interesante todo lo que me dec\u00edan de aquel se\u00f1or, quiz\u00e1s porque yo era \u00a0para ese entonces, un joven muy sugestionable, lo cierto es que mi vida sigui\u00f3 su curso y cada d\u00eda escuchaba m\u00e1s de aquel se\u00f1or Ch\u00e1vez.<\/p>\n<p style=\"text-align: justify\">En esos d\u00edas, en la tv solo escuchabas hablar de \u00e9l, no hab\u00eda otra cosa que ver, ya que para ese entonces no ten\u00edamos televisi\u00f3n por cable, mucho menos \u201c<a href=\"http:\/\/www.cuevana2.tv\/\">cuevana<\/a>\u201d as\u00ed que ten\u00eda que buscar otras actividades en que pasar el rato,\u00a0 mis hermanos ya estudiando y viviendo en el estado vecino, solo ven\u00edan los fines de semana, uno de esos tantos, mi hermana mayor trajo dos cd uno era el <a href=\"http:\/\/es.wikipedia.org\/wiki\/MTV_Unplugged_in_New_York\"><em>unplugged <\/em>de Nirvana<\/a> y el otro\u00a0 <a href=\"http:\/\/es.wikipedia.org\/wiki\/Strange_Days_%28%C3%A1lbum%29\"><em>Strange days <\/em>de The doors<\/a>, Nirvana es en nuestra sociedad c\u00f3mo una etapa de nuestra adolescencia \u2013ni imaginar que a\u00f1os m\u00e1s tarde se correr\u00eda el rumor de que ese Ch\u00e1vez del que tanto hablaban, estar\u00eda cortejando a la viuda de aquel catirrucio-\u00a0 y pues The doors es The doors.<\/p>\n<p style=\"text-align: justify\">Una vez escuche aquellos disco sent\u00ed que mis o\u00eddos hab\u00edan perdido la virginidad,\u00a0 creci\u00f3 en mi un inter\u00e9s, por escuchar m\u00e1s bandas c\u00f3mo esas, y deje de ser fan de los fantasma del caribe,\u00a0 luego conoc\u00ed m\u00e1s bandas, y se abri\u00f3 un mundo del que sab\u00eda poco.<\/p>\n<p style=\"text-align: justify\">El 06 de diciembre del a\u00f1o 1998 gana Ch\u00e1vez su primer periodo presidencial, se sent\u00eda la algarab\u00eda alrededor, los seguidores de Ch\u00e1vez celebraban, Adecos y Copeyanos poco dec\u00edan, el d\u00eda siguiente recuerdo salir a la calle y ver vecinos comentando sobre los resultados de las elecciones, al pasar por la casa del vecino que antes mencione, aquel obsesionado con la guerrilla grite \u00a1viva Chavez! el cual me fue respondido muy efusivamente de la misma manera, solo fue un gesto, poco me importaba la pol\u00edtica.<\/p>\n<p style=\"text-align: justify\">Llega el a\u00f1o 1999, todo transcurre, ya es muy com\u00fan escuchar hablar del para ese entonces Presidente, yo por mi parte ya en la secundaria, escuchando m\u00fasica, grabando programas musicales en VHS, conversando con los amigos, las tareas, los s\u00e1bados al mercado, la vida simplemente segu\u00eda su curso, para Diciembre de ese mismo a\u00f1o ocurre la <a href=\"http:\/\/es.wikipedia.org\/wiki\/Tragedia_de_Vargas_%281999%29\">tragedia o deslave de Vargas<\/a>, era una locura todo, pod\u00edas ver por televisi\u00f3n c\u00f3mo eran arrastrados los cuerpos por la fuerza de las corrientes de agua, personas en los techos de sus casas, en las azoteas de los edificios esperando ser rescatados, amigos de lo ajeno saqueando las casas, Ch\u00e1vez citando a Bol\u00edvar \u201c<a href=\"http:\/\/es.wikipedia.org\/wiki\/Terremoto_de_Venezuela_de_1812\">S\u00ed la naturaleza se opone lucharemos contra ella<\/a>\u201d Venezuela era el centro de la noticia.<\/p>\n<p style=\"text-align: justify\">Una vez pasaron las lluvias, mucha gente quedo sin casas, y los conocimos c\u00f3mo damnificados, el gobierno comienza a crear planes para ubicar a todas aquellas personas, muchas al interior del pa\u00eds bien sea enviados por ellos (gobierno) o por el simple hecho de tener familia por estos lares, lo cierto es que empezamos a ver m\u00e1s \u201ccaraque\u00f1os\u201d aparte de los primos que solo ven\u00edan en \u00e9pocas vacacionales,\u00a0 si bien vino mucha gente buena de Vargas tambi\u00e9n trajo consigo ese \u00e9xodo, \u00a0unos cuantos criminales, que no dudaron en ponerse operativos por ac\u00e1, sino me equivoco un a\u00f1o m\u00e1s tarde, hubo una reforma al c\u00f3digo org\u00e1nico procesal penal, y muchos delincuentes fueron dejados en libertad, hubo un art\u00edculo que los favoreci\u00f3 <em>\u201cin dubio pro reo\u201d <\/em>y aunque soy Abogado poco s\u00e9 de esa reforma, as\u00ed que me excuso, el derecho penal no fue ni es de mis materias favoritas.<\/p>\n<p style=\"text-align: justify\">Pero en todo caso, posterior a esos dos eventos pudimos ver en nuestras comunidades la criminalidad de una forma a la cual no est\u00e1bamos acostumbrados, en mi pueblo era muy com\u00fan dejar la puerta sin seguro,\u00a0 pod\u00edas llevar un buen par de zapatos sin que nadie intentara arrebat\u00e1rtelos, muy poco se sab\u00eda de \u00a0alguien que a punta de pistola le robaran su carro, eso eran cuentos de Caracas, all\u00e1 pasaban esas cosas y solo la sab\u00edamos \u00a0por las noticias, o por parientes que viv\u00edan en la capital, pero un d\u00eda entraron a mi casa aproximadamente 10 hombres armados amordazaron a mi familia y cargaron con todo lo que pudieron llevar con ellos, el mismo hecho se repiti\u00f3 dos veces en el transcurso de un a\u00f1o y tanto, hasta que mi padre tomo la decisi\u00f3n de mudarnos a la capital del Municipio donde viv\u00edamos, ya que ten\u00eda una casa a medio construir, all\u00ed nos acomodamos todos mientras constru\u00edan el resto, recuerdo el d\u00eda en que nos mudamos y nos despedimos de la casa grande arropada por verdes monta\u00f1as,\u00a0 mi madre lloraba por dejar sus jardines, su vista, su gente, a pesar que \u00edbamos a estar a solo 10 minutos en carro de la casa, no ser\u00eda lo mismo.<\/p>\n<p style=\"text-align: justify\">En el a\u00f1o 2002 termino mi bachillerato, todos quer\u00edan internet, los ciber caf\u00e9, hasta ese entonces el internet era un lujo que pocos se pod\u00edan dar, los que no ten\u00edamos una conexi\u00f3n \u00edbamos y pag\u00e1bamos un bol\u00edvar (de los viejos) la hora y nos adentr\u00e1bamos a un mundo lleno de informaci\u00f3n, incluso llegue a tener una novia en Argentina, la conoc\u00ed por \u201clatinchat\u201d\u00a0 terminamos el d\u00eda en que escanee mi foto y se la envi\u00e9 al correo, para ese entonces me cre\u00eda hacker por hacer \u201cflood\u201d en las salas de chat, y todo esto me llevo a tomar la decisi\u00f3n de querer estudiar ingenier\u00eda en computaci\u00f3n a pesar de la observaci\u00f3n de mi padre,\u00a0 que era nada m\u00e1s y nada menos que hab\u00eda reprobado matem\u00e1ticas durante todo bachillerato, aun as\u00ed \u00a0me aventure y casi tres a\u00f1os despu\u00e9s le dar\u00eda la raz\u00f3n a mi pap\u00e1, por lo que me dio a elegir entre trabajar o estudiar Derecho, l\u00f3gico ya hab\u00eda tenido la oportunidad de elegir, y pues hoy en d\u00eda soy Abogado.<\/p>\n<p style=\"text-align: justify\">Una vez en la universidad, comenc\u00e9 a vivir y conocer cosas nuevas, aprend\u00ed a cocinar, a vivir solo, a organizarme para no gastar mi mesada el primer d\u00eda que llegara a mi residencia, me enamore de una compa\u00f1era de clases, nos hicimos novios, y el d\u00eda en que cumpl\u00edamos nuestro primer a\u00f1o de noviazgo, mientras esperaba que estuviera lista para irnos a un restaurante y tener nuestra noche rom\u00e1ntica y de celebraci\u00f3n, recibo una llamada de mi hermana, dici\u00e9ndome entre l\u00e1grimas que a mi padre le hab\u00edan dado un tiro en la cabeza al intentar robarle su carro, colg\u00f3 el tel\u00e9fono, inmediatamente llame al taxi que ya hab\u00eda cuadrado para ir a cenar, para que me llevara hasta mi pueblo, para resumir esta parte de la historia, luego de una cirug\u00eda y unos d\u00edas de reposo mi pap\u00e1 se recuper\u00f3. Sin duda el cambio de locaci\u00f3n de nada sirvi\u00f3, ya el hampa era una peste que azotaba nuestro pa\u00eds.<\/p>\n<p style=\"text-align: justify\">Luego de un a\u00f1o sab\u00e1tico comienzo a estudiar Derecho, me gradu\u00f3 en el a\u00f1o 2011, \u00a0para esa fecha ya ten\u00eda nueve a\u00f1os viviendo solo, \u00a0mi primer caso fue un divorcio y no sab\u00eda ni redactarlo, pero con la ayuda de unos amigos\u00a0 colegas, lo logre, era muy rudo \u2013a\u00fan lo es- el libre ejercicio, es una caza interminable a lo <a href=\"http:\/\/es.wikipedia.org\/wiki\/The_Walking_Dead_%28serie_de_televisi%C3%B3n%29\">Walking Dead<\/a> por los clientes, el problema de los abogados es que somos muchos, en Venezuela no se regula la oferta y demanda de carreras, as\u00ed que al que poco le gustan las matem\u00e1ticas se va derechito a estudiar derecho en una Universidad privada, donde la academia deja mucho que desear.<\/p>\n<p style=\"text-align: justify\">Mientras estudiaba derecho junto con otros amigos decidimos postularnos al centro de estudiantes de la universidad, para esos d\u00edas ya era muy com\u00fan hablar de pol\u00edtica, la misma se hab\u00eda metido en la vida de cada Venezolano, ya est\u00e1bamos en un pa\u00eds divido entre chavistas y opositores, ganamos el centro de estudiantes de la facultad de Ciencias Jur\u00eddicas y Pol\u00edticas, no me gustaba la pol\u00edtica de calle, eso se lo dejaba al resto de mis compa\u00f1eros, yo me encargaba de escribir volantes, de darles una que otra idea para que hablaran con la comunidad estudiantil, empec\u00e9 a vivir la suciedad\u00a0 de la pol\u00edtica, aunque a menor escala era igual de inmunda, todos en busca de popularidad o una pizca de poder que los pusiera por encima de los dem\u00e1s, a los pocos meses deje el centro de estudiantes.<\/p>\n<p style=\"text-align: justify\">Una vez graduado y luchando por la busca de clientes tome la decisi\u00f3n de irme a vivir a Caracas y trabajar en algo ajeno a mi carrera, pero que me asegurara un quince y ultimo; luego de varios asaltos y presenciar un secuestro a escasos metros de m\u00ed, tome otra decisi\u00f3n\u00a0 -despu\u00e9s de dos a\u00f1os viviendo en la capital- y no fue otra que regresarme a mi pueblo.<\/p>\n<p style=\"text-align: justify\">Desde entonces ando cazando oportunidades, aqu\u00ed y all\u00e1 luchando con la burocracia y el mal trato a la hora de, solicitar, introducir un documento en alguna instituci\u00f3n p\u00fablica, c\u00f3mo buen venezolano mato cuanto \u201ctigrito\u201d salga por ah\u00ed, as\u00ed no tenga que ver con mi profesi\u00f3n.<\/p>\n<p style=\"text-align: justify\">En la calle cada d\u00eda veo cosas m\u00e1s absurdas, colas interminables a pleno medio d\u00eda con un sol abrasador, esperando por harina de ma\u00edz, por papel, por medicamentos, vivimos en un pa\u00eds de colas, veo atracos y los vivo, en menos de 4 meses ya he sido v\u00edctima dos veces, escucho gente quej\u00e1ndose de ambos bandos, veo gente sentada en el banco de una plaza mirando a lo lejos, quiz\u00e1s pensando en todo lo que pasa a su alrededor, reflexionado, tal vez triste por las mismas razones, veo ind\u00edgenas con sus ni\u00f1os casi desnutridos, pidiendo en los sem\u00e1foros, en una selva a la cual no est\u00e1n acostumbrados,\u00a0 veo afiches gigantes de pol\u00edticos, veo grafitis , gente cansada en las paradas esperando un bus que las lleve a su cada luego de una jornada de trabajo mal pagada.<\/p>\n<p style=\"text-align: justify\">Muchas de las cosas que vivimos hoy en d\u00eda tienen mucho tiempo, y lo reconozco, pero ahora mismo es abrumador, hay cosas que le reconozco al difunto presidente, hubo algunos cambios que merecieron mi respeto, a veces ve\u00eda sus cadenas y hablaba de cosa que yo mismo dec\u00eda que de funcionar correctamente seria genial, pero con el tiempo te dabas cuenta que no era as\u00ed.<\/p>\n<p style=\"text-align: justify\">\u00a0\u00a0A forma m\u00e1s general, la pol\u00edtica desde el bando que sea me parece asquerosa, todos andan en busca de lo mismo \u201cpoder\u201d y desde all\u00ed nos imponen su verdad, raz\u00f3n ten\u00eda <a href=\"http:\/\/es.wikipedia.org\/wiki\/Friedrich_Nietzsche\">Nietzsche<\/a> al decir que la verdad era una invenci\u00f3n del poder, <a href=\"http:\/\/es.wikipedia.org\/wiki\/Voluntad_de_poder\">la voluntad de poder<\/a> no le basta con lo que tiene, siempre quiere m\u00e1s, otro que se le daba muy bien pensar, pero que arrastraba consigo odios, y repudio hacia muchos, de seguro verdades, que nos da en la llaga.<\/p>\n<p style=\"text-align: justify\">Hoy veo c\u00f3mo mi pa\u00eds es v\u00edctima de todos esos pol\u00edticos, que solo buscan una cuota de poder, teniendo en cuenta que el poder no solo es la embestidura, un pa\u00eds con tantos recursos, con tanto potencial, gente buena y talentosa sumergida en crisis por malas pol\u00edticas y malos pol\u00edticos, soy un Abogado que de vez en cuando consigo\u00a0 ganarme despu\u00e9s de una lucha de plaza; un cliente, que busca otras entradas de dinero, pero que ni con eso se puede comprar una casa, un carro, ni pensar en tener un hijo, todo un lujo en los tiempos que vivimos, reproducirse y dejar legados ahora es cosa de \u00e9lites.<\/p>\n<p style=\"text-align: justify\">Lo mismo viven ingenieros, arquitectos, educadores, etc\u00e9tera, todos en plena lucha por una plaza, \u00a0en busca de oportunidades, pero no hay para todos, estudiantes que han sido asesinados al salir a protestar, periodistas son silenciados, medios que se hacen la vista gorda.<\/p>\n<p style=\"text-align: justify\">Hace ya algunos meses a causa de esos giros que da la vida, entre al mundo de la comedia, en la primera rutina que escrib\u00ed digo;\u00a0 \u201cCuando ten\u00eda unos 18 0 19 a\u00f1os me dec\u00eda a m\u00ed mismo,\u00a0 cuando tenga 30, tendr\u00e9 el carro, la casa, la familia, el perro\u2026 y los tengo pero en los <a href=\"http:\/\/es.wikipedia.org\/wiki\/Los_Sims\"><em>sims<\/em><\/a> el videojuego \u00e9ste en el que simulas tener una vida, es m\u00e1s hay algo que me supero, tengo una granja\u2026 en Facebook\u201d muchos rieron pero es la verdad, alguien de mi edad -por cierto tengo escasos 29-\u00a0 que tenga casa y carro, es una excepci\u00f3n\u00a0 la regla, mi generaci\u00f3n vive en casa de sus padres, aun estando casados, v\u00edctima del poco poder adquisitivo del Venezolano.<\/p>\n<p style=\"text-align: justify\">Antes era muy com\u00fan una vez ten\u00edas entre 23 y 26 a\u00f1os que los padres le dijeran a sus hijos; Ya a t\u00fa edad ten\u00eda una casa, ya estaba casado con tu mam\u00e1. Ahora me imagino la escena un padre\/madre dici\u00e9ndoselo a su hijo y luego pidi\u00e9ndole perd\u00f3n; Disculpa hijo no recordaba los tiempos que vivimos.<\/p>\n<p style=\"text-align: justify\">La mala atenci\u00f3n al cliente paso de los entes p\u00fablicos a las empresas privadas, todo aquel que ostente un cargo del que otras personas dependan, sacan su mejor lado megal\u00f3mano y solo quieren que te arrodilles antes ellos, solicitando un servicio, producto, tramite, en fin.<\/p>\n<p style=\"text-align: justify\">\u00bfExiste un pol\u00edtico sincero? Para m\u00ed solo existen los que son m\u00e1s conscientes con la cantidad que se llevan al bolsillo, y son m\u00e1s organizados en distribuir lo que les sobro, pero detr\u00e1s de ellos siempre esta aquel monstro que crea el poder, la ambici\u00f3n.<\/p>\n<p style=\"text-align: justify\">Hoy en d\u00eda ya est\u00e1 por convertirse en leyenda aquellas \u00e9pocas, donde llegabas al mercado y consegu\u00edas lo que quisieras, en diferentes presentaciones, donde pod\u00edas llevarte cualquier cantidad que pudieras pagar, donde un apag\u00f3n el\u00e9ctrico era algo que ocurr\u00eda solo en \u00e9pocas de gran presi\u00f3n atmosf\u00e9rica, donde no te mataban por un par de zapatos o alg\u00fan otro objeto de valor, al menos no era en toda el pa\u00eds, eso da ira e impotencia, sentimientos que tenemos que afrontar d\u00eda a d\u00eda, sin hacerle mucha mente, porque deprimirse tambi\u00e9n es un lujo, de seguro que con un sueldo m\u00ednimo no te alcanzar\u00eda para pagar un terapia, dicen algunos por ah\u00ed que en la cuarta de com\u00eda perrarina, ahora ni eso podr\u00edas comer ya que un peque\u00f1o saco cuesta m\u00e1s de un sueldo m\u00ednimo.<\/p>\n<p style=\"text-align: justify\">Siempre fui de los que dec\u00eda que no quer\u00eda irme de mi pa\u00eds por m\u00e1s convulsionado que \u00e9ste sentimos ese amor por aquello que ahora nos da repulsi\u00f3n pronunciar, por eso prefiero llamarlo hogar, todos sentimos amor por nuestro pa\u00eds, pero ahora mismo me encuentro buscando opciones en otras tierras, muchos llaman a los que se van, cobardes, pero cada quien tiene su raz\u00f3n, es triste para quien abandona su\u00a0 tierra, al lugar al que sientes que perteneces, pero ahora mismo el chovinismo no se me da muy bien, pero hay algo y es que soy profesional de una carrera que carece de universalidad, las leyes en otro pa\u00eds son de acuerdo a la sociedad y sus costumbres, \u00a0distintas solo al cruzar una frontera, por lo que se hace m\u00e1s dif\u00edcil mi idea de emigrar, sin embargo ando en ello, ya mental y f\u00edsicamente se hace imposible permanecer en este hogar, es algo as\u00ed como el hijo que huye de su casa porque es un desastre, porque sufre maltratos cada d\u00eda que pasa.<\/p>\n<p style=\"text-align: justify\">En ocasiones me pongo a pensar y quisiera que todo esto que pasa en mi pa\u00eds y en el mundo en general sea parte de un proceso, que la evoluci\u00f3n humana no se d\u00e9 solo a nivel f\u00edsico, sino que nuestros criterios y pretensiones, nuestra manera de pensar y convivir tambi\u00e9n evolucione, que todo esto que pasamos sea algo que descarte nuestro genoma, y que solo se cargue la buena informaci\u00f3n en nuestro ADN y en futuro que no vivir\u00e9, todos ya hayamos aprendido de nuestros errores, que el pasado solo sea referencia de lo que no se debe hacer, porque todav\u00eda se insiste en las cosas malas, parafraseando algo que le\u00ed por ah\u00ed , que es muy cierto, y es que existe m\u00e1s gente buena que mala, solo que los malos hacen m\u00e1s bulla \u00a0y son m\u00e1s organizados en sus acciones, quiz\u00e1s movidos por esa voluntad de poder de la que antes hable.<\/p>\n<p style=\"text-align: justify\">Quiero creer que gente c\u00f3mo <a href=\"http:\/\/es.wikipedia.org\/wiki\/Imagine_%28canci%C3%B3n%29\">John Lennon<\/a> no fueron tan ilusos en pensar un mundo, sin fronteras, sin religiones, sin apegos materiales, sin cielo ni infierno, eso de que si el mundo fuera color de rosas, seria aburrido, no es m\u00e1s que otra invenci\u00f3n del poder, para acost\u00fambranos a la maldad, me gusta de vez en cuando imaginarme un mundo en el que no necesitemos pol\u00edticos que nos gobiernen, que seamos tan evolucionados f\u00edsica y mentalmente c\u00f3mo para vivir en sociedad sin hacernos da\u00f1os unos a los otros, puede \u00a0sonar fantasioso pero tengo fe en que alg\u00fan d\u00eda sea posible.<\/p>\n<p style=\"text-align: justify\">Vemos poderosos haciendo pol\u00edtica con ideales de izquierda, y si puede que todas aquellas ideas de pensadores, esos movimientos hist\u00f3ricos, sean atractivos al conocimiento, pero con \u00a0la labia de esos ideales no se gobierna un pa\u00eds, no se puede ser un rom\u00e1ntico en la pol\u00edtica, eso d\u00e9jenlo solo para las campa\u00f1as.<\/p>\n<p style=\"text-align: justify\">Quiero el pa\u00eds que todos quieren, puede que para alguien en el <a href=\"http:\/\/es.wikipedia.org\/wiki\/Conflicto_del_este_del_Congo_de_2012-2013\">Congo<\/a>, en <a href=\"http:\/\/es.wikipedia.org\/wiki\/Conflicto_israel%C3%AD-palestino\">palestina<\/a>, en <a href=\"http:\/\/es.wikipedia.org\/wiki\/Guerra_de_Irak\">Irak<\/a> nuestra realidad sea la de un para\u00edso comparado con lo que por all\u00e1 se vive, pero esa no es lo que quiero para m\u00ed y para los m\u00edos, simplemente no lo acepto.<\/p>\n<p>&nbsp;<\/p>\n<p><strong>Alexis Prado<\/strong><\/p>\n","protected":false},"excerpt":{"rendered":"<p>Antes de adentrarme en el presente que vivimos todos, quisiera hablarles \u00a0un poco de mi pasado, solo para hacer contraste, con la realidad actual. Nac\u00ed en un peque\u00f1o pueblo de Venezuela, al centro occidente del pa\u00eds; crec\u00ed arropado por monta\u00f1as \u2013tampoco que fui la versi\u00f3n Venezolana de Pedro alentado a Heidi a subir a la [&hellip;]<\/p>\n","protected":false},"author":2671,"featured_media":49821,"comment_status":"open","ping_status":"open","sticky":false,"template":"","format":"gallery","meta":{"jetpack_post_was_ever_published":false,"_jetpack_newsletter_access":"","_jetpack_dont_email_post_to_subs":false,"_jetpack_newsletter_tier_id":0,"_jetpack_memberships_contains_paywalled_content":false,"_jetpack_memberships_contains_paid_content":false,"footnotes":"","jetpack_publicize_message":"","jetpack_publicize_feature_enabled":true,"jetpack_social_post_already_shared":false,"jetpack_social_options":{"image_generator_settings":{"template":"highway","default_image_id":0,"font":"","enabled":false},"version":2}},"categories":[1],"tags":[1436,3107,226,1372,253,181,555,4000,4262,2426,124,59,44],"class_list":{"0":"post-49816","1":"post","2":"type-post","3":"status-publish","4":"format-gallery","5":"has-post-thumbnail","7":"category-azares","8":"tag-comedia","9":"tag-crisis-en-venezuela","10":"tag-democracia","11":"tag-emigrar","12":"tag-evolucion","13":"tag-hugo-chavez","14":"tag-inseguridad","15":"tag-mi-pais","16":"tag-musica","17":"tag-patria","18":"tag-politica","19":"tag-politica-venezolana","20":"tag-venezuela","21":"post_format-post-format-gallery"},"jetpack_publicize_connections":[],"jetpack_featured_media_url":"https:\/\/i0.wp.com\/www.panfletonegro.com\/v\/wp-content\/uploads\/2015\/01\/Venezuela.png?fit=541%2C541&ssl=1","jetpack_shortlink":"https:\/\/wp.me\/pfpCD-cXu","jetpack_sharing_enabled":true,"_links":{"self":[{"href":"https:\/\/www.panfletonegro.com\/v\/wp-json\/wp\/v2\/posts\/49816","targetHints":{"allow":["GET"]}}],"collection":[{"href":"https:\/\/www.panfletonegro.com\/v\/wp-json\/wp\/v2\/posts"}],"about":[{"href":"https:\/\/www.panfletonegro.com\/v\/wp-json\/wp\/v2\/types\/post"}],"author":[{"embeddable":true,"href":"https:\/\/www.panfletonegro.com\/v\/wp-json\/wp\/v2\/users\/2671"}],"replies":[{"embeddable":true,"href":"https:\/\/www.panfletonegro.com\/v\/wp-json\/wp\/v2\/comments?post=49816"}],"version-history":[{"count":0,"href":"https:\/\/www.panfletonegro.com\/v\/wp-json\/wp\/v2\/posts\/49816\/revisions"}],"wp:featuredmedia":[{"embeddable":true,"href":"https:\/\/www.panfletonegro.com\/v\/wp-json\/wp\/v2\/media\/49821"}],"wp:attachment":[{"href":"https:\/\/www.panfletonegro.com\/v\/wp-json\/wp\/v2\/media?parent=49816"}],"wp:term":[{"taxonomy":"category","embeddable":true,"href":"https:\/\/www.panfletonegro.com\/v\/wp-json\/wp\/v2\/categories?post=49816"},{"taxonomy":"post_tag","embeddable":true,"href":"https:\/\/www.panfletonegro.com\/v\/wp-json\/wp\/v2\/tags?post=49816"}],"curies":[{"name":"wp","href":"https:\/\/api.w.org\/{rel}","templated":true}]}}