{"id":49752,"date":"2015-01-11T16:36:01","date_gmt":"2015-01-11T21:06:01","guid":{"rendered":"http:\/\/www.panfletonegro.com\/v\/?p=49752"},"modified":"2015-01-11T16:36:01","modified_gmt":"2015-01-11T21:06:01","slug":"charlie-hipsters","status":"publish","type":"post","link":"https:\/\/www.panfletonegro.com\/v\/2015\/01\/11\/charlie-hipsters\/","title":{"rendered":"#JeNeSuisPasCharlie y la pol\u00edtica hipster"},"content":{"rendered":"<figure id=\"attachment_49753\" aria-describedby=\"caption-attachment-49753\" style=\"width: 800px\" class=\"wp-caption aligncenter\"><img data-recalc-dims=\"1\" loading=\"lazy\" decoding=\"async\" data-attachment-id=\"49753\" data-permalink=\"https:\/\/www.panfletonegro.com\/v\/2015\/01\/11\/charlie-hipsters\/aptopix-france-attacks-rally-leaders\/\" data-orig-file=\"https:\/\/i0.wp.com\/www.panfletonegro.com\/v\/wp-content\/uploads\/2015\/01\/APTOPIX-France-Attacks-Rally-LEADERS.jpg?fit=800%2C570&amp;ssl=1\" data-orig-size=\"800,570\" data-comments-opened=\"1\" data-image-meta=\"{&quot;aperture&quot;:&quot;0&quot;,&quot;credit&quot;:&quot;&quot;,&quot;camera&quot;:&quot;&quot;,&quot;caption&quot;:&quot;&quot;,&quot;created_timestamp&quot;:&quot;0&quot;,&quot;copyright&quot;:&quot;&quot;,&quot;focal_length&quot;:&quot;0&quot;,&quot;iso&quot;:&quot;0&quot;,&quot;shutter_speed&quot;:&quot;0&quot;,&quot;title&quot;:&quot;&quot;,&quot;orientation&quot;:&quot;0&quot;}\" data-image-title=\"APTOPIX-France-Attacks-Rally-LEADERS\" data-image-description=\"\" data-image-caption=\"\" data-large-file=\"https:\/\/i0.wp.com\/www.panfletonegro.com\/v\/wp-content\/uploads\/2015\/01\/APTOPIX-France-Attacks-Rally-LEADERS.jpg?fit=696%2C496&amp;ssl=1\" class=\"wp-image-49753 size-full\" src=\"https:\/\/i0.wp.com\/www.panfletonegro.com\/v\/wp-content\/uploads\/2015\/01\/APTOPIX-France-Attacks-Rally-LEADERS.jpg?resize=696%2C496\" alt=\"APTOPIX-France-Attacks-Rally-LEADERS\" width=\"696\" height=\"496\" \/><figcaption id=\"caption-attachment-49753\" class=\"wp-caption-text\">en los extremos de la foto: enemigos \u00abirreconciliables\u00bb<\/figcaption><\/figure>\n<p>&nbsp;<\/p>\n<p>El m\u00e1s sorpresivo efecto de #JeSuisCharlie es que ha enfrentado a los progres a lo que son: conservadores pacatos, perdidos en su dogma.<\/p>\n<p>No ha faltado <a href=\"http:\/\/www.rebelion.org\/noticia.php?id=194142\" target=\"_blank\">estupidez en estos d\u00edas<\/a>, incluso estupidez\u00a0<a href=\"https:\/\/twitter.com\/perdutpeldesert\/status\/554296917593948160\" target=\"_blank\">en voz alta<\/a>:<\/p>\n<blockquote class=\"twitter-tweet\" data-width=\"550\" data-dnt=\"true\">\n<p lang=\"es\" dir=\"ltr\">Condeno el terrorismo, pero les pregunto: \u00bflas expresiones contra jud\u00edos en Alemania nazi tambi\u00e9n eran libertad de expresi\u00f3n? <a href=\"https:\/\/twitter.com\/hashtag\/CharlieHebdo?src=hash&amp;ref_src=twsrc%5Etfw\">#CharlieHebdo<\/a><\/p>\n<p>&mdash; Luigino Bracci Roa (@lubrio) <a href=\"https:\/\/twitter.com\/lubrio\/status\/553176686297350144?ref_src=twsrc%5Etfw\">January 8, 2015<\/a><\/p><\/blockquote>\n<p><script async src=\"https:\/\/platform.twitter.com\/widgets.js\" charset=\"utf-8\"><\/script><\/p>\n<p>Pero lo m\u00e1s divertido ha sido ver c\u00f3mo todos los progres \u00a0del mundo se pelean para insertar el primer \u00abPero\u00bb en la batalla del relativismo. El primer salvo en castellano lo dispar\u00f3 <a href=\"http:\/\/tlaxcala-int.blogspot.com.es\/2015\/01\/je-ne-suis-pas-charlie-yo-no-soy-charlie.html\" target=\"_blank\">Jos\u00e9 Antonio Guti\u00e9rrez D<\/a>. Curiosamente, le\u00ed este art\u00edculo por primera vez en el Semanario Voz y ahora me doy cuenta de que lo han quitado porque los del semanario\u00a0<a href=\"http:\/\/www.semanariovoz.com\/2015\/01\/09\/tambien-somos-charlie-hebdo\/\" target=\"_blank\">se han plegado al repudio mundial<\/a>\u00a0y tumbado el art\u00edculo \u2013\u00a1vaya manera de respetar la libertad de expresi\u00f3n!<\/p>\n<p>Como dije, divertido.<\/p>\n<p>\u00bfPor qu\u00e9 estos progres tienen tantas ganas de manifestar su antiamericanismo, encontrar la conspiraci\u00f3n medi\u00e1tica o dar lecciones de ignorancia sobre el islam?<\/p>\n<p>Yo creo que lo que pasa es que si no gritan su superioridad moral, no tienen poder. El poder progre\u00a0reside en la velocidad con la que rechazan al mainstream, cual pistoleros. Los progres son los pistoleros de la contraria.\u00a0Curiosamente \u2013o no\u2013 la contraria autom\u00e1tica es tambi\u00e9n la encrucijada donde se encuentran los hipsters y los fracasados.<\/p>\n<p>Para una mejor argumentaci\u00f3n sobre porqu\u00e9 es una tonter\u00eda eso de agregarle el \u00abPero\u00bb a tu repudio al terrorismo, <a href=\"https:\/\/thewatcherblog.wordpress.com\/2015\/01\/11\/pero\/\" target=\"_blank\">Gerardo Vilchez escribi\u00f3 un excelente art\u00edculo, \u00abPERO\u00bb<\/a>.<\/p>\n","protected":false},"excerpt":{"rendered":"<p>&nbsp; El m\u00e1s sorpresivo efecto de #JeSuisCharlie es que ha enfrentado a los progres a lo que son: conservadores pacatos, perdidos en su dogma. No ha faltado estupidez en estos d\u00edas, incluso estupidez\u00a0en voz alta: Condeno el terrorismo, pero les pregunto: \u00bflas expresiones contra jud\u00edos en Alemania nazi tambi\u00e9n eran libertad de expresi\u00f3n? #CharlieHebdo &mdash; [&hellip;]<\/p>\n","protected":false},"author":1,"featured_media":49753,"comment_status":"open","ping_status":"open","sticky":false,"template":"","format":"standard","meta":{"jetpack_post_was_ever_published":false,"_jetpack_newsletter_access":"","_jetpack_dont_email_post_to_subs":false,"_jetpack_newsletter_tier_id":0,"_jetpack_memberships_contains_paywalled_content":false,"_jetpack_memberships_contains_paid_content":false,"footnotes":"","jetpack_publicize_message":"","jetpack_publicize_feature_enabled":true,"jetpack_social_post_already_shared":false,"jetpack_social_options":{"image_generator_settings":{"template":"highway","default_image_id":0,"font":"","enabled":false},"version":2}},"categories":[3],"tags":[3979],"class_list":{"0":"post-49752","1":"post","2":"type-post","3":"status-publish","4":"format-standard","5":"has-post-thumbnail","7":"category-descontento","8":"tag-jesuischarlie"},"jetpack_publicize_connections":[],"jetpack_featured_media_url":"https:\/\/i0.wp.com\/www.panfletonegro.com\/v\/wp-content\/uploads\/2015\/01\/APTOPIX-France-Attacks-Rally-LEADERS.jpg?fit=800%2C570&ssl=1","jetpack_shortlink":"https:\/\/wp.me\/pfpCD-cWs","jetpack_sharing_enabled":true,"_links":{"self":[{"href":"https:\/\/www.panfletonegro.com\/v\/wp-json\/wp\/v2\/posts\/49752","targetHints":{"allow":["GET"]}}],"collection":[{"href":"https:\/\/www.panfletonegro.com\/v\/wp-json\/wp\/v2\/posts"}],"about":[{"href":"https:\/\/www.panfletonegro.com\/v\/wp-json\/wp\/v2\/types\/post"}],"author":[{"embeddable":true,"href":"https:\/\/www.panfletonegro.com\/v\/wp-json\/wp\/v2\/users\/1"}],"replies":[{"embeddable":true,"href":"https:\/\/www.panfletonegro.com\/v\/wp-json\/wp\/v2\/comments?post=49752"}],"version-history":[{"count":0,"href":"https:\/\/www.panfletonegro.com\/v\/wp-json\/wp\/v2\/posts\/49752\/revisions"}],"wp:featuredmedia":[{"embeddable":true,"href":"https:\/\/www.panfletonegro.com\/v\/wp-json\/wp\/v2\/media\/49753"}],"wp:attachment":[{"href":"https:\/\/www.panfletonegro.com\/v\/wp-json\/wp\/v2\/media?parent=49752"}],"wp:term":[{"taxonomy":"category","embeddable":true,"href":"https:\/\/www.panfletonegro.com\/v\/wp-json\/wp\/v2\/categories?post=49752"},{"taxonomy":"post_tag","embeddable":true,"href":"https:\/\/www.panfletonegro.com\/v\/wp-json\/wp\/v2\/tags?post=49752"}],"curies":[{"name":"wp","href":"https:\/\/api.w.org\/{rel}","templated":true}]}}