{"id":49726,"date":"2015-01-07T20:22:18","date_gmt":"2015-01-08T00:52:18","guid":{"rendered":"http:\/\/www.panfletonegro.com\/v\/?p=49726"},"modified":"2015-01-08T03:30:28","modified_gmt":"2015-01-08T08:00:28","slug":"el-terrorismo-equilatero","status":"publish","type":"post","link":"https:\/\/www.panfletonegro.com\/v\/2015\/01\/07\/el-terrorismo-equilatero\/","title":{"rendered":"El terrorismo equil\u00e1tero"},"content":{"rendered":"<p><a href=\"https:\/\/i0.wp.com\/www.panfletonegro.com\/v\/wp-content\/uploads\/2015\/01\/lui.jpg\"><img data-recalc-dims=\"1\" loading=\"lazy\" decoding=\"async\" data-attachment-id=\"49727\" data-permalink=\"https:\/\/www.panfletonegro.com\/v\/2015\/01\/07\/el-terrorismo-equilatero\/lui\/\" data-orig-file=\"https:\/\/i0.wp.com\/www.panfletonegro.com\/v\/wp-content\/uploads\/2015\/01\/lui.jpg?fit=515%2C720&amp;ssl=1\" data-orig-size=\"515,720\" data-comments-opened=\"1\" data-image-meta=\"{&quot;aperture&quot;:&quot;0&quot;,&quot;credit&quot;:&quot;&quot;,&quot;camera&quot;:&quot;&quot;,&quot;caption&quot;:&quot;&quot;,&quot;created_timestamp&quot;:&quot;0&quot;,&quot;copyright&quot;:&quot;&quot;,&quot;focal_length&quot;:&quot;0&quot;,&quot;iso&quot;:&quot;0&quot;,&quot;shutter_speed&quot;:&quot;0&quot;,&quot;title&quot;:&quot;&quot;,&quot;orientation&quot;:&quot;0&quot;}\" data-image-title=\"lui\" data-image-description=\"\" data-image-caption=\"\" data-large-file=\"https:\/\/i0.wp.com\/www.panfletonegro.com\/v\/wp-content\/uploads\/2015\/01\/lui.jpg?fit=515%2C720&amp;ssl=1\" src=\"https:\/\/i0.wp.com\/www.panfletonegro.com\/v\/wp-content\/uploads\/2015\/01\/lui-515x480.jpg?resize=515%2C480\" alt=\"lui\" width=\"515\" height=\"480\" class=\"aligncenter size-medium wp-image-49727\" \/><\/a><\/p>\n<p align=\"justify\">Alejandro Tarre escribi\u00f3 hace un tiempo un post sobre <a href=\"http:\/\/webcache.googleusercontent.com\/search?q=cache:dZr3ChRExSkJ:alejandrotarre.com\/cuando-la-verdad-no-esta+&#038;cd=1&#038;hl=es-419&#038;ct=clnk&#038;gl=ve\">el radicalismo de centro<\/a>, una tendencia de se\u00f1ores, muy equil\u00e1teros ellos, prestos a ver en cualquier cosa una guerra entre iguales; tr\u00e1tese de verdaderas luchas en las que dos bandos radicales se agreden mutuamente con igual fiereza, o de una violaci\u00f3n en la que una mujer es v\u00edctima de un descomunal acto de violencia en su contra, del cual no tiene responsabilidad alguna o capacidad de respuesta. El equil\u00e1tero amigo neutral, es ese que infla los cachetotes para decir, no s\u00f3lo que la mujer provoc\u00f3 a su agresor con su corta falda, sino que adem\u00e1s ara\u00f1\u00f3 al pobre en la espalda, lo que es digno de rechazo por tratarse de un acto violento. <\/p>\n<p align=\"justify\">La relativizaci\u00f3n de la cultura occidental es consecuencia directa de su funcionamiento: poco a poco, luego de siglos de carnicer\u00edas incruentas, de guerras fratricidas y de experimentos totalitarios horrendos, en occidentes fuimos aprendiendo a convivir unos con otros, a tolerar la opini\u00f3n ajena, e incluso, en el capitalismo (pos)moderno: a instrumentalizarla y convertirla en negocio, en algo inofensivo y entretenido. De ah\u00ed que no haya un lugar donde la autocr\u00edtica, el autocuestionamiento, la s\u00e1tira, la aniquilaci\u00f3n de mitos y la libertad de expresi\u00f3n m\u00e1s ofensiva y autoflagelante, existan con m\u00e1s vida y potencia que en occidente. Aqu\u00ed, donde Dan Brown se hace rico con un libro que no solo niega la divinidad de la figura religiosa m\u00e1s importante para millones de nosotros, sino que adem\u00e1s acusa a Jes\u00fas de tener una amante y hasta un hijo escondido, teniendo como consecuencia, para el autor, mucha fama y mucho, mucho dinero con un libro de calidad literaria <a href=\"http:\/\/archivo.lacapital.com.ar\/2006\/05\/21\/general\/noticia_295469.shtml\">bastante mediocre<\/a>. <\/p>\n<p align=\"justify\">Es celebrable y plausible esto. Es lo que disfruto de vivir en la \u00fanica cultura que me permite escupirle en la cara y seguir disfrutando de sus libertades. Es eso lo que hace a occidente el territorio m\u00e1s pac\u00edfico y democr\u00e1tico del mundo. <\/p>\n<p align=\"justify\">Sin embargo, durante todo el d\u00eda de hoy, luego de conocido el horror ocurrido en la sede de <em>Charlie Hebdo<\/em> cuando un grupo comando de fundamentalistas isl\u00e1micos <a href=\"http:\/\/www.eluniversal.com\/internacional\/150107\/asi-fue-el-ataque-al-semanario-frances-charlie-hebdo\">masacr\u00f3 a 12 personas<\/a>, entre ellas 3 caricaturistas, en represalia a sus caricaturas sat\u00edricas del Islam, uno se pone a pensar en muchas cosas, pero principalmente en quienes utilizan las libertades que disfrutan en occidente para atentar contra ellas. Pienso en todos los bienpensantes europeos que disfrutan mucho con las revoluciones del tercer mundo mientras defienden en sus territorios las libertades civiles cuya abolici\u00f3n aplauden en el extranjero. Se me viene a la cabeza aquello que P\u00e9rez Reverte comentaba en <a href=\"http:\/\/www.perezreverte.com\/articulo\/patentes-corso\/938\/es-la-guerra-santa-idiotas\/\">un duro art\u00edculo hace varios meses<\/a>:<\/p>\n<blockquote><p>\u201cPorque -creo que lo escrib\u00ed hace tiempo, aunque igual no fui yo- es contradictorio, peligroso, y hasta imposible, disfrutar de las ventajas de ser romano y al mismo tiempo aplaudir a los b\u00e1rbaros\u201d.<\/p><\/blockquote>\n<p align=\"justify\">Se equivoca el escritor espa\u00f1ol; no es imposible es, de hecho, lo com\u00fan. Lo corriente es la hipocres\u00eda, la doble moral, el caradurismo intelectual, el cretinismo posmo al que le encanta aplaudir el dolor causado en otros, mientras huye a todo posible sufrimiento; cual muchachito progre que le dice a sus padres que son unos viejos burgueses que abandonaron sus sue\u00f1os mientras les pide aumento en su mesada para poder seguir jugando el joven revolucionario. <\/p>\n<p align=\"justify\">Una vez le\u00ed por ah\u00ed que a los hijos hay que criarlos con un poco de fr\u00edo, un poco de hambre y dejarlos que duerman en la calle alguna noche, porque solo as\u00ed entender\u00e1n el valor del saco que los cubre, el pan que los alimenta y el techo bajo el cual viven. Siempre he pensado que estas actitudes de quienes desprecian todo lo que los hace libres (y lo que les permite ser bocones e irresponsables) vienen de los privilegios, que ese tipo de actitudes solos pueden surgir en alguien que nunca ha corrido riesgos reales de amenaza a sus derechos ciudadanos, que es algo as\u00ed como la raz\u00f3n por la que ignoramos las advertencias de peligro hasta que ocurre algo horrible que nos recuerda que el peligro s\u00ed existe y que no son advertencias pendejas. Pero luego recuerdo que muchos comunistas son personas que padecieron horrendas dictaduras, y que por tanto se trata de personas que saben lo duro de vivir en un r\u00e9gimen sin libertades de ning\u00fan tipo; pienso en los socialistas que se han ido del pa\u00eds y que te escriben, desde sus c\u00f3modos escritorios burgueses a los que se fueron huyendo de todo el desastre socialista venezolano, d\u00e1ndote lecciones de moral sobre c\u00f3mo ser un verdadero izquierdista, y me pregunto: \u00bfqu\u00e9 tienen en la cabeza quienes hablan de \u201cislamofobia\u201d y niegan los peligros reales del Islam (del Islam que no se somete al estado laico, como tuvo que hacerlo el catolicismo gracias a la democracia occidental)? \u00bfQu\u00e9 rayos pasa por la cabeza de alguien que dice que los valores occidentales son un gran ejercicio de hipocres\u00eda? \u00bfQu\u00e9 pasa con una mujer que disfruta en occidente del derecho a disponer de su cuerpo, y que practica un feminismo cursi de reivindicaci\u00f3n de menstruaciones y dem\u00e1s ridiculeces, cuando sabe que vive en un mundo donde una mujer puede ser ejecutada (\u00a1a pedradas!) por el \u201cdelito\u201d de ser infiel o no usar burka? \u00bfQu\u00e9 razona alguien capaz de relativizar el horror ocurrido hoy aduciendo que en nuestras calles hay m\u00e1s muertos o, <strong>mi argumento favorito<\/strong>, record\u00e1ndonos la ristra de machismo, cr\u00edmenes y espantos cometidos por la iglesia cat\u00f3lica hace cinco siglos? <\/p>\n<\/p>\n<p align=\"justify\">Provoca sentarse a argumentar punto por punto: recordar que el catolicismo no se civiliz\u00f3 solo, y que si hoy el catolicismo es poco menos que un parque jur\u00e1sico para viejitas rezanderas, cuyo poder e influencia en nuestras sociedades es pr\u00e1cticamente nulo (\u00bfo qu\u00e9, conocen a muchas mujeres que lleguen v\u00edrgenes al matrimonio? \u00bfCu\u00e1ndo fue la \u00faltima quema de brujas de la que tuvieron noticias? \u00bfAlguien los oblig\u00f3 a festejar la reci\u00e9n terminada navidad?); esto se debe a los valores laicos, a las medidas impuestas por los movimientos pol\u00edticos que han ido acabando con todo el poder real de la iglesia cat\u00f3lica, reduci\u00e9ndola a los \u00e1mbitos privados en casi todos los aspectos. Provoca <a href=\"http:\/\/elpais.com\/elpais\/2013\/01\/10\/opinion\/1357832274_367312.html\">sentarse a abominar de todos los horrores de occidente<\/a>, que por supuesto uno no comparte, como las invasiones, el armamentismo, las violaciones a los Derechos Humanos que ocurren todav\u00eda hasta en algunas democracias bastante ejemplares. Provoca tambi\u00e9n recordar que occidente no es perfecto, que la libertad es, en palabras de Vargas Llosa, una construcci\u00f3n constante e inacabable, y que lo importante es que siempre estemos perfeccionando nuestros sistemas democr\u00e1ticos, sin cejar nunca en nuestra capacidad cr\u00edtica que es la que nos permite estar siempre alertas y prestos a se\u00f1alar los abusos donde quiera que ocurran y m\u00e1s si ocurren amparados en la democracia. <\/p>\n<p align=\"justify\">De veras, provoca todo eso, pero hay un punto en el que uno se cansa de tanto cinismo; hay un momento en el que uno escucha la voz del demagogo de Zizek, o lee las pendejadas conspiranoicas de Klein o Jones, y se rinde ante tanta estupidez y no provoca decir nada, solo llenarse de indignaci\u00f3n. Porque, ustedes disculpar\u00e1n, pero como orgulloso hijo que soy de la civilizaci\u00f3n occidental, de la cultura pop, de la sociedad de consumo y de todas las libertades civiles a las que se oponen los terroristas que asesinaron a esas personas el d\u00eda de hoy (y que por cierto est\u00e1n cada d\u00eda m\u00e1s disminuidas aqu\u00ed en Venezuela) es imposible no sentir indignaci\u00f3n por todo ese relativismo pendejo.<\/p><\/p>\n","protected":false},"excerpt":{"rendered":"<p>Alejandro Tarre escribi\u00f3 hace un tiempo un post sobre el radicalismo de centro, una tendencia de se\u00f1ores, muy equil\u00e1teros ellos, prestos a ver en cualquier cosa una guerra entre iguales; tr\u00e1tese de verdaderas luchas en las que dos bandos radicales se agreden mutuamente con igual fiereza, o de una violaci\u00f3n en la que una mujer [&hellip;]<\/p>\n","protected":false},"author":181,"featured_media":49727,"comment_status":"open","ping_status":"open","sticky":false,"template":"","format":"standard","meta":{"jetpack_post_was_ever_published":false,"_jetpack_newsletter_access":"","_jetpack_dont_email_post_to_subs":false,"_jetpack_newsletter_tier_id":0,"_jetpack_memberships_contains_paywalled_content":false,"_jetpack_memberships_contains_paid_content":false,"footnotes":"","jetpack_publicize_message":"","jetpack_publicize_feature_enabled":true,"jetpack_social_post_already_shared":false,"jetpack_social_options":{"image_generator_settings":{"template":"highway","default_image_id":0,"font":"","enabled":false},"version":2}},"categories":[3],"tags":[],"class_list":{"0":"post-49726","1":"post","2":"type-post","3":"status-publish","4":"format-standard","5":"has-post-thumbnail","7":"category-descontento"},"jetpack_publicize_connections":[],"jetpack_featured_media_url":"https:\/\/i0.wp.com\/www.panfletonegro.com\/v\/wp-content\/uploads\/2015\/01\/lui.jpg?fit=515%2C720&ssl=1","jetpack_shortlink":"https:\/\/wp.me\/pfpCD-cW2","jetpack_sharing_enabled":true,"_links":{"self":[{"href":"https:\/\/www.panfletonegro.com\/v\/wp-json\/wp\/v2\/posts\/49726","targetHints":{"allow":["GET"]}}],"collection":[{"href":"https:\/\/www.panfletonegro.com\/v\/wp-json\/wp\/v2\/posts"}],"about":[{"href":"https:\/\/www.panfletonegro.com\/v\/wp-json\/wp\/v2\/types\/post"}],"author":[{"embeddable":true,"href":"https:\/\/www.panfletonegro.com\/v\/wp-json\/wp\/v2\/users\/181"}],"replies":[{"embeddable":true,"href":"https:\/\/www.panfletonegro.com\/v\/wp-json\/wp\/v2\/comments?post=49726"}],"version-history":[{"count":0,"href":"https:\/\/www.panfletonegro.com\/v\/wp-json\/wp\/v2\/posts\/49726\/revisions"}],"wp:featuredmedia":[{"embeddable":true,"href":"https:\/\/www.panfletonegro.com\/v\/wp-json\/wp\/v2\/media\/49727"}],"wp:attachment":[{"href":"https:\/\/www.panfletonegro.com\/v\/wp-json\/wp\/v2\/media?parent=49726"}],"wp:term":[{"taxonomy":"category","embeddable":true,"href":"https:\/\/www.panfletonegro.com\/v\/wp-json\/wp\/v2\/categories?post=49726"},{"taxonomy":"post_tag","embeddable":true,"href":"https:\/\/www.panfletonegro.com\/v\/wp-json\/wp\/v2\/tags?post=49726"}],"curies":[{"name":"wp","href":"https:\/\/api.w.org\/{rel}","templated":true}]}}