{"id":48841,"date":"2014-10-09T01:33:46","date_gmt":"2014-10-09T06:03:46","guid":{"rendered":"http:\/\/www.panfletonegro.com\/v\/?p=48841"},"modified":"2014-10-09T01:33:46","modified_gmt":"2014-10-09T06:03:46","slug":"la-tumba-de-pablo","status":"publish","type":"post","link":"https:\/\/www.panfletonegro.com\/v\/2014\/10\/09\/la-tumba-de-pablo\/","title":{"rendered":"La tumba de Pablo"},"content":{"rendered":"<p><img data-recalc-dims=\"1\" loading=\"lazy\" decoding=\"async\" data-attachment-id=\"48843\" data-permalink=\"https:\/\/www.panfletonegro.com\/v\/2014\/10\/09\/la-tumba-de-pablo\/dsc00650\/\" data-orig-file=\"https:\/\/i0.wp.com\/www.panfletonegro.com\/v\/wp-content\/uploads\/2014\/10\/DSC00650.jpg?fit=3072%2C2048&amp;ssl=1\" data-orig-size=\"3072,2048\" data-comments-opened=\"1\" data-image-meta=\"{&quot;aperture&quot;:&quot;4&quot;,&quot;credit&quot;:&quot;&quot;,&quot;camera&quot;:&quot;DSC-H5&quot;,&quot;caption&quot;:&quot;&quot;,&quot;created_timestamp&quot;:&quot;1412351975&quot;,&quot;copyright&quot;:&quot;&quot;,&quot;focal_length&quot;:&quot;6&quot;,&quot;iso&quot;:&quot;125&quot;,&quot;shutter_speed&quot;:&quot;0.01&quot;,&quot;title&quot;:&quot;&quot;,&quot;orientation&quot;:&quot;1&quot;}\" data-image-title=\"DSC00650\" data-image-description=\"\" data-image-caption=\"\" data-large-file=\"https:\/\/i0.wp.com\/www.panfletonegro.com\/v\/wp-content\/uploads\/2014\/10\/DSC00650.jpg?fit=640%2C360&amp;ssl=1\" class=\"aligncenter wp-image-48843 size-medium\" src=\"https:\/\/i0.wp.com\/www.panfletonegro.com\/v\/wp-content\/uploads\/2014\/10\/DSC00650-230x130.jpg?resize=230%2C130\" alt=\"DSC00650\" width=\"230\" height=\"130\" srcset=\"https:\/\/i0.wp.com\/www.panfletonegro.com\/v\/wp-content\/uploads\/2014\/10\/DSC00650.jpg?resize=230%2C130&amp;ssl=1 230w, https:\/\/i0.wp.com\/www.panfletonegro.com\/v\/wp-content\/uploads\/2014\/10\/DSC00650.jpg?resize=640%2C360&amp;ssl=1 640w, https:\/\/i0.wp.com\/www.panfletonegro.com\/v\/wp-content\/uploads\/2014\/10\/DSC00650.jpg?zoom=2&amp;resize=230%2C130&amp;ssl=1 460w, https:\/\/i0.wp.com\/www.panfletonegro.com\/v\/wp-content\/uploads\/2014\/10\/DSC00650.jpg?zoom=3&amp;resize=230%2C130&amp;ssl=1 690w\" sizes=\"auto, (max-width: 230px) 100vw, 230px\" \/><\/p>\n<p>&nbsp;<\/p>\n<p><strong><em>Mientras<\/em><\/strong> escribo este texto, suena a lo lejos un vallenato. No lo logro identificar bien de qu\u00e9 canci\u00f3n se trata, ya que las paredes del hotel sirven como escudo ante el bullicio del centro de la ciudad de Medell\u00edn. Sin embargo, mientras observo un partido de beisbol, y con la complicidad del ventilador apagado, logro escuchar \u00a0las motos pasar y de fondo la m\u00fasica tradicional colombiana. Los motorizados han sido sin\u00f3nimo de atracos, de sicariato, y pienso que en la hoy muy moderna capital del departamento de Antioquia, el sonido de estos caballitos con motor deben recordar el terror vivido, el terror sembrado por el \u201ccapo\u201d hace dos d\u00e9cadas.<\/p>\n<p>Pablo Emilio Escobar Gaviria es sin duda, un hombre que marc\u00f3 la historia de Colombia en un antes y un despu\u00e9s. Todos conocemos la historia detr\u00e1s de este hombre que con su archimillonario negocio de tr\u00e1fico se cre\u00eda due\u00f1o del mundo. Pero hoy, se le puede hasta pisar, y no hablo literalmente. \u201cQui\u00e9n iba a creer que nunca nadie estuvo por encima de \u00e9l y hoy lo podemos hasta pisar\u201d. Estas palabras las escribi\u00f3 el joven estudiante de periodismo Johan R\u00edos, durante una conversaci\u00f3n por Twitter conmigo. El destino paisa me llev\u00f3, por circunstancias que se cruzaron, a visitar \u201cMontesacro\u201d un hermoso cementerio ubicado en el suburbio antioque\u00f1o de Itagu\u00ed, una zona repleta de industrias, ventas de autos y lamentos que llegan a ese sitio de descanso eterno hermoso y verde que contrasta con la presencia del R\u00edo Medell\u00edn.<\/p>\n<p><strong>Montesacro<\/strong><\/p>\n<p>Camino a la estaci\u00f3n del extremadamente limpio Metro de Medell\u00edn,con mi c\u00e1mara guindada, una se\u00f1ora morena, trabajadora de una empresa cercana (lo supe porque portaba un elegante uniforme) me alerta sobre la presencia de un grillo en el cuello de mi chemise. \u2013\u00a0<strong>\u201cOiga mijo, ten cuidado con ese grillo en tu cuello\u201d-<\/strong> me dice, haci\u00e9ndome reaccionar al instante y sentir con mi mano al invasor insecto que viajaba conmigo.<\/p>\n<p><strong>-Gracias se\u00f1ora-. digo yo\u2026\u00a0<\/strong><\/p>\n<p><strong>-Un gusto se\u00f1or\u2026\u00bfusted no es de aqu\u00ed?<\/strong><\/p>\n<p><strong>&#8211; No se\u00f1ora, soy de Venezuela.<\/strong><\/p>\n<p><strong>-Mmm qu\u00e9 bueno, con raz\u00f3n la c\u00e1mara. C\u00f3mo les va con Maduro?<\/strong><\/p>\n<p><strong>&#8211; Muy mal se\u00f1ora, estamos pasando muchas penurias, pero hay que seguir adelante.<\/strong><\/p>\n<p>Sigo caminando y le pregunto, d\u00f3nde puedo tomar el metro hacia la Universidad de Antioquia. <strong>-\u201cS\u00edgame puess, que yo voy para all\u00e1\u201d-<\/strong>, me dijo muy amablemente. Le segu\u00ed los pasos y en el camino charlamos sobre la situaci\u00f3n de Venezuela y el progreso colombiano. -\u201cImag\u00ednese, cuando estaba Carlos Andr\u00e9s P\u00e9rez y los dem\u00e1s, todos los colombianos quer\u00edamos irnos para all\u00e1, eran un pa\u00eds modelo\u201d-, me coment\u00f3 mientras atraves\u00e1bamos un puente para llegar a la referida estaci\u00f3n.<\/p>\n<p><strong>&#8211; \u00bfY usted qu\u00e9 hace por aqu\u00ed?, dice la se\u00f1ora.<\/strong><\/p>\n<p><strong>&#8211; Vine al Festival Iberoamericano de Periodismo.<\/strong><\/p>\n<p><strong>&#8211; Ahh es que usted es periodista\u2026dura la carrera en Venezuela.<\/strong><\/p>\n<p>Llegamos a la \u00fanica cola que he podido observar en Colombia: las de las estaciones del metro. Hay un fresco sabroso, como ese vientico que se siente en los d\u00edas fri\u00edtos de Caracas. La gente me observa. Un muchacho alto con lestes de pasta, barba y un bolso cruzado, con una c\u00e1mara guindada, no pasa desapercibido por la ciudad.<\/p>\n<p><strong>&#8211; \u00bfCu\u00e1nto cuesta un alquiler de una pieza por ac\u00e1?-<\/strong> Le pregunto, al escucharme, me lanza una mirada como de miedo a que se fueran a dar cuenta de que yo no era de ese sitio.<\/p>\n<p><strong>&#8211; Esta es una zona muy buena, hay muchas industrias cerca y muy buenos departamentos. Un alquiler puede estar entre los 800 mil pesos hasta 1 mill\u00f3n.<\/strong> \u2013 Envigado es un municipio aleda\u00f1o al \u00e1rea metropolitana de Medell\u00edn.<\/p>\n<p>Mientras me cuenta, se me acerca m\u00e1s, como para que no escuchen los dem\u00e1s.<\/p>\n<p><strong>&#8211; \u201cOiga, tenga cuidado, no ande diciendo por all\u00ed que es turista.<\/strong><\/p>\n<p><strong>&#8211; No se preocupe se\u00f1ora. Esto es Envigado \u00bfpor aqu\u00ed\u00a0viv\u00eda\u00a0Pablo Escobar?<\/strong><\/p>\n<p>Al o\u00edr esa pregunta, la se\u00f1ora tembl\u00f3\u2026reaccion\u00f3 como si le hubiese movido un amargo recuerdo, le nombr\u00e9 a alguien indeseado, le remov\u00ed un pesado pensamiento.<\/p>\n<p><strong>&#8211; Pablo Escobar viv\u00eda en todos lados. Pero si, ten\u00eda varias propiedades por ac\u00e1.<\/strong><\/p>\n<p>Dos chicas escucharon mi pregunta. Temblaron.<\/p>\n<p><strong>&#8211; \u00bfD\u00f3nde queda la tumba de Pablo Escobar?-<\/strong>Pregunt\u00e9 sin pensarlo, sin tener piedad con esas mujeres, que deseaban que la vendedora despachara r\u00e1pidamente los tickets y salir corriendo hacia el tren. Sin embargo con la hospitalidad paisa, la se\u00f1ora me respondi\u00f3 en voz baja:<\/p>\n<p><strong>-Estamos cerca. B\u00e1jate en las pr\u00f3ximas dos estaciones. \u00bfCierto nena?-<\/strong> \u00a0Pregunta levantando la cabeza consultando con la hermosa chica que ten\u00eda adelante.<\/p>\n<p><strong>&#8211; No se\u00f1or, tiene que bajarse en la estaci\u00f3n de Sabaneta.-<\/strong> Me respondi\u00f3 la hermosa catira.<\/p>\n<p><strong>&#8211; OK, muchas gracias.<\/strong>\u00a0(mientras en mi mente cambio totalmente mi itinerario y la curiosidad period\u00edstica se enciende)<\/p>\n<p><strong>-Tenga cuidado, no es una zona peligrosa, pero guarde la c\u00e1mara.<\/strong><\/p>\n<p><strong>&#8211; \u00bfY puedo tomar fotos?<\/strong><\/p>\n<p><strong>&#8211; Trate de que no se den cuenta que es extranjero. Pero all\u00e1 en la tumba si le dicen algo, demuestre que es periodista. A \u00e9l lo visitan muchos de ustedes.-<\/strong> Expres\u00f3 la se\u00f1ora, evitando pronunciar el nombre del capo m\u00e1s famoso de la historia.<\/p>\n<p>Me en rumbo hacia la estaci\u00f3n finalmente. C\u00e1mara en cuello, saco fotos a la muy bonita estaci\u00f3n. Llega el vag\u00f3n y lo abordo. Ni dos minutos de viaje. Llego a Sabaneta y me hace recordar la famosa zona y ex c\u00e1rcel de Maracaibo, cuna de grandiosos pranes. Ir\u00f3nicamente, en el corto horizonte, se encuentra el cementerio del capo.<\/p>\n<p>En Medell\u00edn debe haber m\u00e1s de un mill\u00f3n de polic\u00edas. En cada estaci\u00f3n del metro hay m\u00e1s de uno. Dan sensaci\u00f3n de seguridad. Me le acerco y le pregunto c\u00f3mo hago para llegar hacia el cementerio.<\/p>\n<p><strong>-\u00bfMontesacro? F\u00edjese es bajando por este puente, all\u00ed sigue derecho y al final cruza a la izquierda. Ve aquellos \u00e1rboles grandes, son unos pinos, all\u00ed est\u00e1 el cementerio.<\/strong><\/p>\n<p><img data-recalc-dims=\"1\" loading=\"lazy\" decoding=\"async\" data-attachment-id=\"3463\" data-permalink=\"https:\/\/www.panfletonegro.com\/v\/2009\/06\/19\/tension-intercomunitaria-proponen-prohibir-la-burka-en-francia\/burka\/\" data-orig-file=\"https:\/\/i0.wp.com\/www.panfletonegro.com\/v\/wp-content\/uploads\/2009\/06\/burka.jpg?fit=268%2C200&amp;ssl=1\" data-orig-size=\"268,200\" data-comments-opened=\"1\" data-image-meta=\"{&quot;aperture&quot;:&quot;0&quot;,&quot;credit&quot;:&quot;&quot;,&quot;camera&quot;:&quot;&quot;,&quot;caption&quot;:&quot;&quot;,&quot;created_timestamp&quot;:&quot;0&quot;,&quot;copyright&quot;:&quot;&quot;,&quot;focal_length&quot;:&quot;0&quot;,&quot;iso&quot;:&quot;0&quot;,&quot;shutter_speed&quot;:&quot;0&quot;,&quot;title&quot;:&quot;&quot;}\" data-image-title=\"burka\" data-image-description=\"\" data-image-caption=\"\" data-large-file=\"https:\/\/i0.wp.com\/www.panfletonegro.com\/v\/wp-content\/uploads\/2009\/06\/burka.jpg?fit=268%2C200&amp;ssl=1\" class=\"wp-image-3463 size-medium\" src=\"https:\/\/i0.wp.com\/www.plumavolatil.com\/blog\/wp-content\/uploads\/2014\/10\/DSC00712-300x200.jpg?resize=300%2C200\" alt=\"DSC00712\" width=\"300\" height=\"200\" \/><\/p>\n<p><strong>&#8211; Ok muy bien chamo, gracias. \u00bfAqu\u00ed entre nos sabes d\u00f3nde est\u00e1 la tumba de Pablo Escobar?<\/strong> Le pregunto en voz baja.<\/p>\n<p><strong>-S\u00ed se\u00f1or, es f\u00e1cil. Usted sube por las escalera y agarra hacia mano izquierda. F\u00edjese en el apellido y eso. All\u00ed ver\u00e1 la l\u00e1pida.<\/strong><\/p>\n<p><strong>&#8211; Muchas gracias se\u00f1or.-<\/strong> Y le doy la mano.<\/p>\n<p>Camino unas 3 cuadras luego de bajar el puente, donde me acababa de dar cuenta que existe un ascensor en las estaciones del metro. Cruzo la avenida y observo en la entrada, a mi derecha, los tradicionales vendedores de flores que adornan las entradas de los cementerios. Este no es cualquier cementerio. Un bonito letrero en la entrada me saluda. \u201cMontesacro\u201dest\u00e1 en una colina llena de colinas, tumbas frescas, aves hermosas que no s\u00e9 el nombre, gente rica olvidada, una enorme capilla, laderas, escaleras angostas, gente que va a despejar la mente, gente que vende helados, que limpia las tumbas\u2026y la familia Escobar.<\/p>\n<p>Medell\u00edn debe tener m\u00e1s de un mill\u00f3n de escaleras. En Plaza Mayor, en cada estaci\u00f3n de metro, en los barrios, en el Pueblo Paisa y en el c<img data-recalc-dims=\"1\" loading=\"lazy\" decoding=\"async\" class=\"alignleft wp-image-3462 size-medium\" src=\"https:\/\/i0.wp.com\/www.plumavolatil.com\/blog\/wp-content\/uploads\/2014\/10\/DSC00706-300x200.jpg?resize=300%2C200\" alt=\"DSC00706\" width=\"300\" height=\"200\" \/>ementerio. Muchos escalones. Jadeando, observo a mi derecha par de j\u00f3venes uno de 25 a\u00f1os y otro de 12. Me les acerco.<\/p>\n<p><strong>-Pana, buenas tardes, \u00bfsabes d\u00f3nde queda la tumba de Pablo Escobar?.<\/strong><\/p>\n<p>El de 25 a\u00f1os tembl\u00f3. Volte\u00f3 la cara. <strong>-Yo no s\u00e9 se\u00f1or. Tambi\u00e9n la estoy buscando y no la he encontrado.<\/strong><\/p>\n<p><strong>&#8211; El polic\u00eda del metro me dijo que es entrando, se toma por el lado izquierdo.<\/strong><\/p>\n<p><strong>&#8211; Pues no s\u00e9. Preguntem\u00f3sle a alguien que trabaje aqu\u00ed.-<\/strong> Al decir esto, mir\u00f3 al otro joven, un cruce de miradas raro, de esos que te dicen que la cosa puede que no est\u00e9 bien. Y yo pens\u00e9 entonces que quiz\u00e1 estos dos son vigilantes que est\u00e1n pendientes de los turistas que vienen a molestar con sus preguntas, a los cuales enga\u00f1an ddici\u00e9ndolesque ellos buscan la tumba, y se los llevan secuestrados como en los mejores tiempos del capo colombiano. Caminamos hacia la derecha\u2026no vemos nada. Solo nombres an\u00f3nimos. Seguimos caminando, les pregunt\u00e9 sobre la influencia de Pablo. me contestaron que no lo conocieron. Les dije que era periodista. Les insisto que es a la izquierda. Me hacen caso. Cerca est\u00e1 un se\u00f1or de mantenimiento. El joven de 25 se le acerca y le pregunta. &#8211;<strong>\u201cPues hombre, por all\u00ed a la izquierda, por ese sendero donde va aquel se\u00f1or de camisa gris, all\u00ed mismo abajo\u201d. &#8211;<\/strong> Muy bien se\u00f1or, muchas gracias- digo yo. Seguimos el sendero\u2026cuando estamos cerca, el joven menor se r\u00ede a carcajadas y dice: <strong>&#8211; Hombe, pero si el de gris es mi pap\u00e1\u201d<\/strong>. Y yo pens\u00e9, \u2013 <strong>Bueno\u2026 ahora si me secuestraron.<\/strong><\/p>\n<p><strong>&#8211; Pap\u00e1, pap\u00e1 mira un periodista venezolano.-<\/strong> Me asust\u00e9, pero al ver la cara de los se\u00f1ores me tranquilic\u00e9.<\/p>\n<p><strong>&#8211; Es un periodista que vino a ver la tumba de Pablo, como nosotros.-<\/strong><\/p>\n<p><strong><a href=\"https:\/\/i0.wp.com\/www.plumavolatil.com\/blog\/wp-content\/uploads\/2014\/10\/DSC00666.jpg\" rel=\"prettyPhoto\"><img data-recalc-dims=\"1\" loading=\"lazy\" decoding=\"async\" class=\"aligncenter wp-image-3456 \" src=\"https:\/\/i0.wp.com\/www.plumavolatil.com\/blog\/wp-content\/uploads\/2014\/10\/DSC00666-300x200.jpg?resize=437%2C291\" alt=\"DSC00666\" width=\"437\" height=\"291\" \/><\/a><\/strong><\/p>\n<p>Todos \u00edbamos a lo mismo. Ver la tumba. Nadie iba a secuestrar a nadie.<\/p>\n<p>Un mausoleo, con una edificaci\u00f3n grandiosa, llena de oro, pertenencias valiosas, santos bien vestidos, y lujos innecesarios, no forman parte de la pieza donde descansa Pablo Emilio Escobar. En el espacio reina el verde. Las placas son verdes con letras doradas. Pablo tiene tres claveles rojos, su flor favorita. Al lado, su hermano Luis Fernando Escobar Gaviria, fallecido en 1979. A la derecha les acompa\u00f1a Teresa Vergara Casta\u00f1o, la \u201cnana\u201dque cri\u00f3 a los hijos Escobar. En el centro la se\u00f1ora Hermilda Gaviria de Escobar, madre de Pablo, quien dej\u00f3 este mundo en 2006. \u00c1lvaro de Jes\u00fas Agudelo alias \u201cLim\u00f3n\u201dquien muriera junto a Pablo en el famoso asalto de aquel 2 de diciembre de 1993. Juan Manuel Escobar, t\u00edo paterno del patr\u00f3n fallecido en 1998 tambi\u00e9n los acompa\u00f1a junto al se\u00f1or Abel de Jes\u00fas Escobar, que parti\u00f3 de este mundo en 2001, padre de Pablo completan el mausoleo, sencillo, pero muy famoso, lleno de misterio, de m\u00edstica para muchos.\u00a0Estos nombres reposan bajo la sombra de unos pinos, unos cinco, aquellos que se ven desde Sabaneta<\/p>\n<p><strong>Un fiel cuidador<\/strong><\/p>\n<p><img data-recalc-dims=\"1\" loading=\"lazy\" decoding=\"async\" class=\"wp-image-3461 size-medium\" src=\"https:\/\/i0.wp.com\/www.plumavolatil.com\/blog\/wp-content\/uploads\/2014\/10\/DSC00685-300x200.jpg?resize=300%2C200\" alt=\"DSC00685\" width=\"300\" height=\"200\" \/><\/p>\n<p><strong>\u201cAc\u00e1 llegan muchas personas y se llevan las piedras\u201d.<\/strong>Estas palabras las pronunci\u00f3 Federico Arrollave, un vendedor de helados, de 65 a\u00f1os, quien se encarga de la limpieza y el mantenimiento de la tumba.<strong>\u201cLa familia Escobar me paga. Cobro unos 120 mil pesitos mensuales, solo eso. Se tardan en pagarme, aveces se retrasan unos meses, pero siempre me cancelan\u201d.<\/strong> Arrollave vende helados desde hace 22 a\u00f1os en Montesacro, y de un a\u00f1o para ac\u00e1 trabaja para los Escobar. <strong>\u201cPor medio de un trabajador de ac\u00e1, un se\u00f1or de mantenimiento, me recomendaron con la hermana sel se\u00f1or Pablo, y all\u00ed me contrataron\u201d<\/strong>. El trabajo de Arrollave es b\u00e1sicamente limpiar el espacio.Mientras conversaba conmigo, iba pasando la escoba por el piso de cer\u00e1mica que rodea una piscina de piedras blancas que componen el centro de la tumba. <strong>\u201cDesde diciembre est\u00e1n esas piedras all\u00ed. Antes hab\u00eda una gramita y pasto bonito pero cuando llov\u00eda, esto se volv\u00eda una laguna. Entonces la se\u00f1ora Escobar decidi\u00f3 cambiar y mejorar el espacio\u201d.<\/strong><\/p>\n<p><strong>Santuario<\/strong><\/p>\n<p>La tumba es como <img data-recalc-dims=\"1\" loading=\"lazy\" decoding=\"async\" class=\"alignleft wp-image-3455 size-medium\" src=\"https:\/\/i0.wp.com\/www.plumavolatil.com\/blog\/wp-content\/uploads\/2014\/10\/DSC00660-300x200.jpg?resize=300%2C200\" alt=\"DSC00660\" width=\"300\" height=\"200\" \/>un templo para muchos. Mientras conversaba con Arrollave, un se\u00f1or con un ni\u00f1o se acerc\u00f3 y se persign\u00f3 delante de Pablo. <strong>\u201cHacen rituales. Muchos vienen a rezarle. Yo no los molesto cuando hacen eso. En estos d\u00edas vino un motorizado, ten\u00eda mala pinta. El lleg\u00f3 y se sent\u00f3, se cerr\u00f3 en una plegaria silenciosa. Yo ni le habl\u00e9, no me gusta hacerlo cuando las personas no saludan. A ti te habl\u00e9 porque me llegaste con amabilidad\u201d.<\/strong><\/p>\n<p>Un promedio de 100 personas diarias visitan la tumba seg\u00fan cont\u00f3 Arrollave. <strong>\u201cLos fines de semana llega mucha m\u00e1s gente. Nadie se acerca a lo mal, siempre es a lo bien. Vienen todo el tiempo, desde millonarios, hasta pobres, ni\u00f1os, viejos, j\u00f3venes. Todos a lo bien. Lo quieren mucho. Nadie que lo odia viene. Nunca he visto a nadie pelear aqu\u00ed o decirle groser\u00edas. Es como un santuario, incluso esta parte del cementerio se siente especial, como m\u00e1s tranquila\u201d.<\/strong><\/p>\n<p>Pablo Escobar es visto por muchos como un santo.<strong>\u201cLlegan siempre a pedirle cosas y favores como a cualquier santo, as\u00ed no lo hallan conocido. Le rezan y ponen flores, velas. He conseguido marihuana, aguardiente y coca\u00edna. me ha tocado botar eso y limpiar muy bien. Tambi\u00e9n dejan notas escritos en papel. Algunos los dejo all\u00ed, otros los boto\u201d.<\/strong><\/p>\n<p>Encima de la placa de Pablo, hay dos carteles guindados. Mensajes dejados por alg\u00fan seguidor.<strong>\u201cTodos t<img data-recalc-dims=\"1\" loading=\"lazy\" decoding=\"async\" class=\"alignright size-medium wp-image-3460\" src=\"https:\/\/i0.wp.com\/www.plumavolatil.com\/blog\/wp-content\/uploads\/2014\/10\/DSC00683-300x200.jpg?resize=300%2C200\" alt=\"DSC00683\" width=\"300\" height=\"200\" \/>enemos dos vidas. La segunda comienza cuando te das cuenta que solo tienes una. Es hora de perdonar para sanar\u201d, <\/strong>reza una y: <strong>\u201cEl alma se limpia con el perd\u00f3n, se hidrata con la oraci\u00f3n, se nutre con la palabra, se protege con la f\u00e9 y se tonifica con el amor de Dios\u201d<\/strong>. Estos son los mensajes, ya un poco manchados por la lluvia, que dejan un tono de reflexi\u00f3n ante la casi omnipresencia del hombre m\u00e1s buscado en el mundo durante la d\u00e9cada de los 80.<\/p>\n<p><strong>\u201cVarias veces han intentado profanar la tumba. Yo tengo apenas un a\u00f1o como cuidador, pero trabajo vendiendo helados hace rato ac\u00e1. Hace unos 5 anos se robaron la placa. Cuando ten\u00eda grama tambi\u00e9n varias veces se encontraron huecos. No se sabe si fueron enemigos de \u00e9l o gente, hampa com\u00fan o gente que quiere hacer cualquier cosa con Pablo. Gracias a Dios no ha pasado m\u00e1s\u201d.<\/strong><\/p>\n<p>Arrollave presenc<img data-recalc-dims=\"1\" loading=\"lazy\" decoding=\"async\" class=\"alignleft wp-image-3450 size-medium\" src=\"https:\/\/i0.wp.com\/www.plumavolatil.com\/blog\/wp-content\/uploads\/2014\/10\/DSC00642-e1412544768780-200x300.jpg?resize=200%2C300\" alt=\"DSC00642\" width=\"200\" height=\"300\" \/>i\u00f3 el entierro en 1993. <strong>\u201cEstaba ac\u00e1. pero no me acerqu\u00e9 hab\u00eda mucha gente, hasta rompieron la capilla. No me gustaba el ambiente, hab\u00eda gente mala, estaba la polic\u00eda y el ejercito, ni me acerqu\u00e9\u201d.<\/strong><\/p>\n<p>El vendedor de helados cree que Pablo fue un hombre que se corrompi\u00f3.<strong> \u201cEl dinero y el poder vuelve loco a la gente\u201d<\/strong>, me coment\u00f3 Arrollave mientras sigue limpiando de hojas los alrededores. Yo me como un helado y me cuenta que naci\u00f3 en una poblaci\u00f3n cercana, pero que vive<img data-recalc-dims=\"1\" loading=\"lazy\" decoding=\"async\" class=\"alignright size-medium wp-image-3454\" src=\"https:\/\/i0.wp.com\/www.plumavolatil.com\/blog\/wp-content\/uploads\/2014\/10\/DSC00653-300x200.jpg?resize=300%2C200\" alt=\"DSC00653\" width=\"300\" height=\"200\" \/>en Medell\u00edn desde hace 3 d\u00e9cadas. <strong>\u201cAc\u00e1 no se pod\u00eda salir de la casa fue una \u00e9poca muy dura, gracias a Dios hemos superado eso, pero la imagen de este se\u00f1or a\u00fan persigue a esta tierra, para bien o para mal\u201d.<\/strong><\/p>\n<p>Los Escobar casi no van. Visitan cada varios meses.<strong>\u201cLa \u00faltima vez que vino el hijo de Pablo fue cuando muri\u00f3 la se\u00f1ora Hermilda. Ella s\u00ed ven\u00eda siempre, casi todos los domingos, y aveces otros d\u00edas de la semana se acercaba hasta ac\u00e1, se sentaba a rezar, a leer la biblia, a hablarle a su hijo\u201d<\/strong>. A unos metros de las tumbas, se encuentran dos l\u00e1pidas m\u00e1s. Se trata de Gustavo de Jes\u00fas Gaviria, primo y socio del capo, fallecido el mismo 2 de diciembre, junto a su hijo Jos\u00e9 Luis Gaviria, muerto en 1994.<\/p>\n<p>Arrollave no se averg\u00fcenza de trabajar para la familia Escobar. <strong>\u201cMuchos me dicen que porqu\u00e9 acepto dinero de esa gente, pero no me interesa, ya eso es pasado, adem\u00e1s la necesidad es imperante, nadie viene a comprar helados a un cementerio, as\u00ed que con eso me ayudo aunque tarden en pagarme\u201d<\/strong>, coment\u00f3, mientras le tomo fotos, pidi\u00e9ndole permiso a los difuntos por pisar arriba de sus tumbas. Mi abuela dec\u00eda que eso es malo, espero que me disculpen, solo realizaba mi labor period\u00edstica.<\/p>\n<p><strong>Una mancha visible<\/strong><\/p>\n<p><img data-recalc-dims=\"1\" loading=\"lazy\" decoding=\"async\" class=\"wp-image-3452 size-medium\" src=\"https:\/\/i0.wp.com\/www.plumavolatil.com\/blog\/wp-content\/uploads\/2014\/10\/DSC006411-300x200.jpg?resize=300%2C200\" alt=\"DSC00641\" width=\"300\" height=\"200\" \/><\/p>\n<p>Mis acompa\u00f1antes iniciales ya se hab\u00edan marchado. No eran ningunos secuestradores, eran productores cafeteros. Aicardo Aguirre es uno de ellos. Tiene 58 anos y vivi\u00f3 en carne propia la \u00e9poca de terror de Escobar. <strong>\u201cFueron a\u00f1os deprimentes, no pod\u00edamos estar tranquilos, ya que en cualquier plaza podr\u00eda explotar un carro, una escultura. En cualquier sitio p\u00fablico podr\u00eda llegar un sicario y acabarte\u201d<\/strong>. Le pregunt\u00e9 sobre la sombra o luz que da Escobar a estos d\u00edas: <strong>\u201cEso es historia, es historia simplemente. De ello hemos aprendido, muchos de ellos han aprendido que matar no es la soluci\u00f3n. Quiz\u00e1 hay otros Pablos, pero de bajo perfil, sin volverse locos y corromperse matando gente, pero sin duda la imagen de Escobar est\u00e1 muy presente. Creo que la misma cantidad de personas que lo odian y est\u00e1n contentos por que est\u00e1 muerto, pero igual lo lloran y vanaglorian, el hizo muchos favores, hizo barrios enteros, dignific\u00f3 a muchos\u201d.<\/strong><\/p>\n<p>Lo mismo opina Arrollave, y el joven periodista que citamos al principio de esta cr\u00f3nica, Johan R\u00edos, quien se acerc\u00f3 con curiosidad sobre mi entrevista junto a Luisa Vel\u00e1squez, ambos estudiantes de periodismo colombiano.<strong> \u201cEs ir\u00f3nico, ac\u00e1 estamos en paz, delante de un hombre que gener\u00f3 tanto caos, y f\u00edjate como est\u00e1, la tumba no es quiz\u00e1 digna de un tipo que hizo tanto dinero, pero que est\u00e1 donde debe estar por sus malas decisiones\u201d<\/strong>, coment\u00f3 mientras se retiraba luego de tomar fotos para un reportaje que prepara para su clase<a href=\"https:\/\/i0.wp.com\/www.plumavolatil.com\/blog\/wp-content\/uploads\/2014\/10\/DSC00646.jpg\" rel=\"prettyPhoto\"><img data-recalc-dims=\"1\" loading=\"lazy\" decoding=\"async\" class=\"alignleft wp-image-3453 size-medium\" src=\"https:\/\/i0.wp.com\/www.plumavolatil.com\/blog\/wp-content\/uploads\/2014\/10\/DSC00646-300x200.jpg?resize=300%2C200\" alt=\"DSC00646\" width=\"300\" height=\"200\" \/><\/a>.<\/p>\n<p>R\u00edos quiz\u00e1 tiene raz\u00f3n. La tumba no es algo que impresiona, incluso, est\u00e1 como escondida, aislada, en el borde, y la capilla del recinto, la acobija junto a los pinos. pero sin duda, el sitio representa historia, representa tener el valor de viajar tantos kil\u00f3metros y arriesgarse a cualquier peligro, solo para tomar una foto. \u00a0Las c\u00e1maras en los cementerios no son queridas, en Montesacro son comunes. Ese espacio triste y solo, lleno de aves y pasto verde, rodeados de carros f\u00fanebres lujosos como naves espaciales de ricos, de ricos muertos, ese sitio donde reposan los restos de uno de los personajes m\u00e1s nefastos, de la historia contempor\u00e1nea, un personaje que hace temblar a la gente a\u00fan, un personaje que despierta fascinaci\u00f3n, en ese sitio que es un templo, un santuario, un parador tur\u00edstico, un sitio de entrevistas\u2026una <em><strong>tumba.<\/strong><\/em><\/p>\n<p>&nbsp;<\/p>\n<hr \/>\n<p><strong>www.plumavolatil.com<\/strong><\/p>\n<p><strong>Twitter: @plumavolatilweb<\/strong><\/p>\n<p><strong>Instagram: @plumavolatil<\/strong><\/p>\n<p><strong>BBM: 79646806<\/strong><\/p>\n<p><strong>BBM Channels: C00293BAE<\/strong><\/p>\n<hr \/>\n<p>&nbsp;<\/p>\n","protected":false},"excerpt":{"rendered":"<p>&nbsp; Mientras escribo este texto, suena a lo lejos un vallenato. No lo logro identificar bien de qu\u00e9 canci\u00f3n se trata, ya que las paredes del hotel sirven como escudo ante el bullicio del centro de la ciudad de Medell\u00edn. Sin embargo, mientras observo un partido de beisbol, y con la complicidad del ventilador apagado, [&hellip;]<\/p>\n","protected":false},"author":1998,"featured_media":48843,"comment_status":"open","ping_status":"open","sticky":false,"template":"","format":"standard","meta":{"jetpack_post_was_ever_published":false,"_jetpack_newsletter_access":"","_jetpack_dont_email_post_to_subs":false,"_jetpack_newsletter_tier_id":0,"_jetpack_memberships_contains_paywalled_content":false,"_jetpack_memberships_contains_paid_content":false,"footnotes":"","jetpack_publicize_message":"","jetpack_publicize_feature_enabled":true,"jetpack_social_post_already_shared":false,"jetpack_social_options":{"image_generator_settings":{"template":"highway","default_image_id":0,"font":"","enabled":false},"version":2}},"categories":[1],"tags":[],"class_list":{"0":"post-48841","1":"post","2":"type-post","3":"status-publish","4":"format-standard","5":"has-post-thumbnail","7":"category-azares"},"jetpack_publicize_connections":[],"jetpack_featured_media_url":"https:\/\/i0.wp.com\/www.panfletonegro.com\/v\/wp-content\/uploads\/2014\/10\/DSC00650.jpg?fit=3072%2C2048&ssl=1","jetpack_shortlink":"https:\/\/wp.me\/pfpCD-cHL","jetpack_sharing_enabled":true,"_links":{"self":[{"href":"https:\/\/www.panfletonegro.com\/v\/wp-json\/wp\/v2\/posts\/48841","targetHints":{"allow":["GET"]}}],"collection":[{"href":"https:\/\/www.panfletonegro.com\/v\/wp-json\/wp\/v2\/posts"}],"about":[{"href":"https:\/\/www.panfletonegro.com\/v\/wp-json\/wp\/v2\/types\/post"}],"author":[{"embeddable":true,"href":"https:\/\/www.panfletonegro.com\/v\/wp-json\/wp\/v2\/users\/1998"}],"replies":[{"embeddable":true,"href":"https:\/\/www.panfletonegro.com\/v\/wp-json\/wp\/v2\/comments?post=48841"}],"version-history":[{"count":0,"href":"https:\/\/www.panfletonegro.com\/v\/wp-json\/wp\/v2\/posts\/48841\/revisions"}],"wp:featuredmedia":[{"embeddable":true,"href":"https:\/\/www.panfletonegro.com\/v\/wp-json\/wp\/v2\/media\/48843"}],"wp:attachment":[{"href":"https:\/\/www.panfletonegro.com\/v\/wp-json\/wp\/v2\/media?parent=48841"}],"wp:term":[{"taxonomy":"category","embeddable":true,"href":"https:\/\/www.panfletonegro.com\/v\/wp-json\/wp\/v2\/categories?post=48841"},{"taxonomy":"post_tag","embeddable":true,"href":"https:\/\/www.panfletonegro.com\/v\/wp-json\/wp\/v2\/tags?post=48841"}],"curies":[{"name":"wp","href":"https:\/\/api.w.org\/{rel}","templated":true}]}}