{"id":48138,"date":"2014-07-30T18:33:32","date_gmt":"2014-07-30T23:03:32","guid":{"rendered":"http:\/\/www.panfletonegro.com\/v\/?p=48138"},"modified":"2014-07-30T18:33:32","modified_gmt":"2014-07-30T23:03:32","slug":"cosas-que-piensa-uno","status":"publish","type":"post","link":"https:\/\/www.panfletonegro.com\/v\/2014\/07\/30\/cosas-que-piensa-uno\/","title":{"rendered":"Cosas que piensa uno"},"content":{"rendered":"<p><a href=\"https:\/\/i0.wp.com\/www.panfletonegro.com\/v\/wp-content\/uploads\/2014\/07\/RamonguillermoAVELEDO015.jpg\"><img data-recalc-dims=\"1\" loading=\"lazy\" decoding=\"async\" data-attachment-id=\"48140\" data-permalink=\"https:\/\/www.panfletonegro.com\/v\/2014\/07\/30\/cosas-que-piensa-uno\/ramon-guillermo-aveledocaracasfoto-oswaldo-azuaje12022013\/\" data-orig-file=\"https:\/\/i0.wp.com\/www.panfletonegro.com\/v\/wp-content\/uploads\/2014\/07\/RamonguillermoAVELEDO015.jpg?fit=696%2C419&amp;ssl=1\" data-orig-size=\"696,419\" data-comments-opened=\"1\" data-image-meta=\"{&quot;aperture&quot;:&quot;5.6&quot;,&quot;credit&quot;:&quot;&quot;,&quot;camera&quot;:&quot;Canon EOS REBEL T1i&quot;,&quot;caption&quot;:&quot;&quot;,&quot;created_timestamp&quot;:&quot;&quot;,&quot;copyright&quot;:&quot;&quot;,&quot;focal_length&quot;:&quot;48&quot;,&quot;iso&quot;:&quot;400&quot;,&quot;shutter_speed&quot;:&quot;0.016666666666667&quot;,&quot;title&quot;:&quot;RAMON GUILLERMO AVELEDO\\nCARACAS\\nFOTO OSWALDO AZUAJE\\n12\/02\/2013&quot;}\" data-image-title=\"RAMON GUILLERMO AVELEDOCARACASFOTO OSWALDO AZUAJE12\/02\/2013\" data-image-description=\"\" data-image-caption=\"\" data-large-file=\"https:\/\/i0.wp.com\/www.panfletonegro.com\/v\/wp-content\/uploads\/2014\/07\/RamonguillermoAVELEDO015.jpg?fit=640%2C360&amp;ssl=1\" src=\"https:\/\/i0.wp.com\/www.panfletonegro.com\/v\/wp-content\/uploads\/2014\/07\/RamonguillermoAVELEDO015-640x360.jpg?resize=640%2C360\" alt=\"RAMON GUILLERMO AVELEDO CARACAS FOTO OSWALDO AZUAJE 12\/02\/2013\" width=\"640\" height=\"360\" class=\"aligncenter size-large wp-image-48140\" srcset=\"https:\/\/i0.wp.com\/www.panfletonegro.com\/v\/wp-content\/uploads\/2014\/07\/RamonguillermoAVELEDO015.jpg?resize=640%2C360&amp;ssl=1 640w, https:\/\/i0.wp.com\/www.panfletonegro.com\/v\/wp-content\/uploads\/2014\/07\/RamonguillermoAVELEDO015.jpg?resize=230%2C130&amp;ssl=1 230w\" sizes=\"auto, (max-width: 640px) 100vw, 640px\" \/><\/a><\/p>\n<p align=\"justify\">Estoy viendo la emoci\u00f3n casi orgi\u00e1stica que hay con <a href=\" http:\/\/www.eluniversal.com\/nacional-y-politica\/140730\/aveledo-renuncia-a-la-secretaria-ejecutiva-de-la-mesa-de-la-unidad \">la renuncia de Ram\u00f3n Guillermo Aveledo<\/a> a la Secretar\u00eda ejecutiva de la Mesa de la Unidad Democr\u00e1tica (MUD), y recuerdo lo que tanto <a href=\"http:\/\/www.panfletonegro.com\/v\/2014\/02\/12\/es-cobardia-pero-si-inteligencia\/\"> pensamos en su momento<\/a>.<\/p>\n<p align=\"justify\">Me disculpar\u00e1n, pero ser\u00eda bien triste si aqu\u00ed <a href=\" http:\/\/www.hrw.org\/node\/125192\">43 personas fueron asesinadas, m\u00e1s de 2000 encarceladas (decenas siguen en prisi\u00f3n), y cientos m\u00e1s fueron reprimidas y torturadas<\/a>, s\u00f3lo para que una \u00e9lite pol\u00edtica se reacomodara en la oposici\u00f3n.<\/p>\n<p align=\"justify\">Porque a m\u00ed la MUD me podr\u00e1 parecer lo que sea, y ciertamente no comparto su <a href=\" nosoloconlapalabra.tumblr.com\/post\/90692490985\/contra-la-satanizacion-de-la-clase-media\">satanizaci\u00f3n de la clase media<\/a>, su <a href=\" http:\/\/alejandrotarre.com\/respuesta-de-econ_vzla\/\">simplismo electoralista<\/a>, su desprecio por quienes piensan distinto. E incluso, me parece acertado que Ram\u00f3n Guillermo Aveledo renuncie, en tanto toca una renovaci\u00f3n del liderazgo de la MUD que, sin duda alguna, no ha estado a la altura de la crisis que hemos vivido en los \u00faltimos meses. Pero al mismo tiempo me pregunto si todo esto terminar\u00e1 en un simple reacomodo de \u00e9lites pol\u00edticas, si en unas semanas se definir\u00e1 la agenda electoral de cara a las elecciones parlamentarias y veremos a quienes dec\u00edan que la salida no era electoral llam\u00e1ndonos a votar por ellos. <\/p>\n<p align=\"justify\">Hoy cumple 21 a\u00f1os Sairam Rivas, la joven estudiante que le propin\u00f3 una derrota al chavismo en la que era su escuela m\u00e1s emblem\u00e1tica dentro de la UCV. Una de las tantas j\u00f3venes que han recibido <a href=\" http:\/\/www.talcualdigital.com\/Nota\/visor.aspx?id=105702&#038;tipo=ESP&#038;idcolum=81\">tratos inhumanos y degradantes<\/a> a manos de los esbirros del gobierno. Pienso en c\u00f3mo los presos pol\u00edticos se han quedado solos. Pienso en las familias que no han encontrado ni siquiera fiadores para sus fianzas, en el da\u00f1o psic\u00f3l\u00f3gico propinado contra ellos por parte del gobierno, su represi\u00f3n y sa\u00f1a contra estudiantes civiles cuyo \u00fanico delito fue protestar; y quisiera saber, en serio, si todo esto fue para provocar un cambio dentro de la MUD, si aqu\u00ed el objetivo era cambiar al gobierno o simplemente cambiar al liderazgo opositor por meros intereses personales.<\/p>\n<p align=\"justify\">Creo que un movimiento que quer\u00eda la renuncia del Presidente y que ni siquiera logr\u00f3 la renuncia del gobernador del T\u00e1chira, no deber\u00eda estar celebrando como un triunfo la salida de Aveledo. \u00bfO es que la salida que se buscaba era la de \u00e9l (y Capriles y el otro y el otro) y no la del gobierno?<\/p>\n<p align=\"justify\">Desde hace d\u00edas hay algo que me viene dando vueltas en la cabeza: <strong>\u00bfA qui\u00e9n le importan las vidas perdidas? \u00bfA qui\u00e9n le preocupan los j\u00f3venes que est\u00e1n en la c\u00e1rcel?<\/strong> Nadie pretende culpar a los convocantes a la manifestaciones de esas muertes, torturas y encarcelamientos, pero\u2026      \u00bfNo tienen una obligaci\u00f3n moral para con ellos? As\u00ed como uno puede preguntarle a Henrique Capriles c\u00f3mo se atrevi\u00f3 a denunciar un fraude un d\u00eda y tres d\u00edas despu\u00e9s mand\u00f3 a la gente a encerrarse en sus casas y poner salsa, toca preguntar: \u00bfAqu\u00ed a la gente se le <a href=\" http:\/\/www.ultimasnoticias.com.ve\/noticias\/actualidad\/politica\/opositores-marcharan-el-12-de-febrero.aspx\">mand\u00f3 a las calles<\/a> a protestar \u201chasta el final porque no hay posibilidades de una salida electoral\u201d para que una \u00e9lite pol\u00edtica se reacomodara a lo interno y olvidara su sacrificio? <\/p>\n<p align=\"justify\">\u00a1\u00bfEn serio, de eso se trataba todo esto?! \u00bfY la gente? \u00bfLos muertos? \u00bfLos torturados?<\/p>\n<p align=\"justify\">As\u00ed como me opongo a la satanizaci\u00f3n de la clase media, tambi\u00e9n le exijo responsabilidades y me pregunto si #LaSalida fue s\u00f3lo el delirio de unos ni\u00f1os de la clase media-alta caraque\u00f1a que quer\u00edan jugar a la pol\u00edtica y si para hacerlo no les import\u00f3 mandar al matadero a decenas de personas que, no es casual, son humildes y precisamente por eso el gobierno los jodi\u00f3, a deferencia de <a href=\"http:\/\/www.laverdad.com\/politica\/52102-detienen-por-protestar-a-hijo-de-rodriguez-chacin.html\">este pana<\/a>, o de <a href=\"https:\/\/twitter.com\/LORENT_SALEH\">este homof\u00f3bico neo-con<\/a>, quienes no est\u00e1n, como la joven Rivas, sufriendo las secuelas de <a href=\" http:\/\/www.eluniversal.com\/nacional-y-politica\/140525\/la-salida-no-es-para-ya-porque-requiere-crear-una-conciencia\">la irresponsabilidad<\/a> de una gente que ahora fingir\u00e1 demencia.<\/p>\n","protected":false},"excerpt":{"rendered":"<p>Estoy viendo la emoci\u00f3n casi orgi\u00e1stica que hay con la renuncia de Ram\u00f3n Guillermo Aveledo a la Secretar\u00eda ejecutiva de la Mesa de la Unidad Democr\u00e1tica (MUD), y recuerdo lo que tanto pensamos en su momento. Me disculpar\u00e1n, pero ser\u00eda bien triste si aqu\u00ed 43 personas fueron asesinadas, m\u00e1s de 2000 encarceladas (decenas siguen en [&hellip;]<\/p>\n","protected":false},"author":181,"featured_media":48140,"comment_status":"open","ping_status":"open","sticky":false,"template":"","format":"standard","meta":{"jetpack_post_was_ever_published":false,"_jetpack_newsletter_access":"","_jetpack_dont_email_post_to_subs":false,"_jetpack_newsletter_tier_id":0,"_jetpack_memberships_contains_paywalled_content":false,"_jetpack_memberships_contains_paid_content":false,"footnotes":"","jetpack_publicize_message":"","jetpack_publicize_feature_enabled":true,"jetpack_social_post_already_shared":false,"jetpack_social_options":{"image_generator_settings":{"template":"highway","default_image_id":0,"font":"","enabled":false},"version":2}},"categories":[3],"tags":[],"class_list":{"0":"post-48138","1":"post","2":"type-post","3":"status-publish","4":"format-standard","5":"has-post-thumbnail","7":"category-descontento"},"jetpack_publicize_connections":[],"jetpack_featured_media_url":"https:\/\/i0.wp.com\/www.panfletonegro.com\/v\/wp-content\/uploads\/2014\/07\/RamonguillermoAVELEDO015.jpg?fit=696%2C419&ssl=1","jetpack_shortlink":"https:\/\/wp.me\/pfpCD-cwq","jetpack_sharing_enabled":true,"_links":{"self":[{"href":"https:\/\/www.panfletonegro.com\/v\/wp-json\/wp\/v2\/posts\/48138","targetHints":{"allow":["GET"]}}],"collection":[{"href":"https:\/\/www.panfletonegro.com\/v\/wp-json\/wp\/v2\/posts"}],"about":[{"href":"https:\/\/www.panfletonegro.com\/v\/wp-json\/wp\/v2\/types\/post"}],"author":[{"embeddable":true,"href":"https:\/\/www.panfletonegro.com\/v\/wp-json\/wp\/v2\/users\/181"}],"replies":[{"embeddable":true,"href":"https:\/\/www.panfletonegro.com\/v\/wp-json\/wp\/v2\/comments?post=48138"}],"version-history":[{"count":0,"href":"https:\/\/www.panfletonegro.com\/v\/wp-json\/wp\/v2\/posts\/48138\/revisions"}],"wp:featuredmedia":[{"embeddable":true,"href":"https:\/\/www.panfletonegro.com\/v\/wp-json\/wp\/v2\/media\/48140"}],"wp:attachment":[{"href":"https:\/\/www.panfletonegro.com\/v\/wp-json\/wp\/v2\/media?parent=48138"}],"wp:term":[{"taxonomy":"category","embeddable":true,"href":"https:\/\/www.panfletonegro.com\/v\/wp-json\/wp\/v2\/categories?post=48138"},{"taxonomy":"post_tag","embeddable":true,"href":"https:\/\/www.panfletonegro.com\/v\/wp-json\/wp\/v2\/tags?post=48138"}],"curies":[{"name":"wp","href":"https:\/\/api.w.org\/{rel}","templated":true}]}}