{"id":4787,"date":"2009-10-07T20:32:31","date_gmt":"2009-10-08T01:02:31","guid":{"rendered":"http:\/\/www.panfletonegro.com\/v\/?p=4787"},"modified":"2009-10-07T20:32:31","modified_gmt":"2009-10-08T01:02:31","slug":"recuerdo","status":"publish","type":"post","link":"https:\/\/www.panfletonegro.com\/v\/2009\/10\/07\/recuerdo\/","title":{"rendered":"Recuerdo"},"content":{"rendered":"<p style=\"text-align: left;\"><span style=\"color: #000000;\">Recuerdo el reflejo de la lumbre en tus pupilas,\u00a0<\/span><span style=\"color: #000000;\">el fulgor de primavera que irradiaba tu sonrisa, <\/span><span style=\"color: #000000;\">los rosales sin espinas que te envolv\u00edan<br \/>\n<\/span>su rostro nacarado\u00a0 en verano\u00a0 como la arena blanca de aruba<br \/>\nRecuerdo su gr\u00e1cil silueta que entre las sombras giraba ufana y esbelta<br \/>\nasaltando abismos, obsequiando luz.<br \/>\nSu mirada con cierto desconf\u00edo se embelesaba en el hombre que solo servia como tragaluz<br \/>\nRecuerdo las monta\u00f1as sin nombre, vivas y candentes en la alborada donde tu pasos surcaban senderos de frangancias prestadas<br \/>\nte abr\u00edas paso en las virgenes praderas ba\u00f1ada del roc\u00edo del arcoiris acuarela<br \/>\nRecuerdo tus cartas con su inolvidable sutileza, erigias un templo con una belleza sin parang\u00f3n por cada palabra escrita<br \/>\ntatuandose profundamente en mi piel<br \/>\nOlvidando lo que fue ayer para esculpirte en mi mente con severo placer<br \/>\nRecuerdo, la rosa temblorosa colmada de delirios bajo el cielo \u00edndigo<br \/>\nque consegu\u00eda oler, agitandose, sonrojandose por mis insolentes respiros\u00a0<br \/>\ny un dia se volvi\u00f3 ajena, y mi alma errante no volvio a pisar\u00a0 otro jardin<br \/>\nRecuerdo la Dulce indiferencia que me her\u00eda y el goce soslayado en mi retina<br \/>\nrecuerdo a la mujer clara con cabello oscuro que me desprendia del suelo<br \/>\nfestejo sus ojos curiosos y lamento mi andar ordinario y err\u00e1tico<br \/>\nRecuerdo a la ni\u00f1a confundida que no creia en su familia, y ataviada en oscuros matices extendia sus brazos con cientos de cicatrices ofreciendome compa\u00f1ia.<br \/>\nEntre aquellos pocos recuerdos estas t\u00fa que vuelves zigzagueante con tus manos sutiles apreciando el arte apoyandote en la luz, en el glamour y en la sordidez padeciendo a la mujer que so\u00f1aste.<br \/>\nA\u00fan recuerdo celebrar tu \u00abcumplea\u00f1os de soledad\u00bb en una tierra minada de prolificidad.<br \/>\nTus complejos, tu inseguridad, tu tristeza incandescente se desvanecia raudamente y tu horizonte se hacia percibible en los albores de una nueva vida, de un nuevo amor.<\/p>\n","protected":false},"excerpt":{"rendered":"<p>Recuerdo el reflejo de la lumbre en tus pupilas,\u00a0el fulgor de primavera que irradiaba tu sonrisa, los rosales sin espinas que te envolv\u00edan su rostro nacarado\u00a0 en verano\u00a0 como la arena blanca de aruba Recuerdo su gr\u00e1cil silueta que entre las sombras giraba ufana y esbelta asaltando abismos, obsequiando luz. Su mirada con cierto desconf\u00edo [&hellip;]<\/p>\n","protected":false},"author":1125,"featured_media":4788,"comment_status":"open","ping_status":"open","sticky":false,"template":"","format":"standard","meta":{"jetpack_post_was_ever_published":false,"_jetpack_newsletter_access":"","_jetpack_dont_email_post_to_subs":false,"_jetpack_newsletter_tier_id":0,"_jetpack_memberships_contains_paywalled_content":false,"_jetpack_memberships_contains_paid_content":false,"footnotes":"","jetpack_publicize_message":"","jetpack_publicize_feature_enabled":true,"jetpack_social_post_already_shared":false,"jetpack_social_options":{"image_generator_settings":{"template":"highway","default_image_id":0,"font":"","enabled":false},"version":2}},"categories":[2],"tags":[],"class_list":{"0":"post-4787","1":"post","2":"type-post","3":"status-publish","4":"format-standard","5":"has-post-thumbnail","7":"category-poesia"},"jetpack_publicize_connections":[],"jetpack_featured_media_url":"https:\/\/www.panfletonegro.com\/v\/wp-content\/uploads\/2009\/10\/pdvd_087jpg.bmp","jetpack_shortlink":"https:\/\/wp.me\/sfpCD-recuerdo","jetpack_sharing_enabled":true,"_links":{"self":[{"href":"https:\/\/www.panfletonegro.com\/v\/wp-json\/wp\/v2\/posts\/4787","targetHints":{"allow":["GET"]}}],"collection":[{"href":"https:\/\/www.panfletonegro.com\/v\/wp-json\/wp\/v2\/posts"}],"about":[{"href":"https:\/\/www.panfletonegro.com\/v\/wp-json\/wp\/v2\/types\/post"}],"author":[{"embeddable":true,"href":"https:\/\/www.panfletonegro.com\/v\/wp-json\/wp\/v2\/users\/1125"}],"replies":[{"embeddable":true,"href":"https:\/\/www.panfletonegro.com\/v\/wp-json\/wp\/v2\/comments?post=4787"}],"version-history":[{"count":0,"href":"https:\/\/www.panfletonegro.com\/v\/wp-json\/wp\/v2\/posts\/4787\/revisions"}],"wp:featuredmedia":[{"embeddable":true,"href":"https:\/\/www.panfletonegro.com\/v\/wp-json\/wp\/v2\/media\/4788"}],"wp:attachment":[{"href":"https:\/\/www.panfletonegro.com\/v\/wp-json\/wp\/v2\/media?parent=4787"}],"wp:term":[{"taxonomy":"category","embeddable":true,"href":"https:\/\/www.panfletonegro.com\/v\/wp-json\/wp\/v2\/categories?post=4787"},{"taxonomy":"post_tag","embeddable":true,"href":"https:\/\/www.panfletonegro.com\/v\/wp-json\/wp\/v2\/tags?post=4787"}],"curies":[{"name":"wp","href":"https:\/\/api.w.org\/{rel}","templated":true}]}}