{"id":4784,"date":"2009-10-07T14:06:14","date_gmt":"2009-10-07T18:36:14","guid":{"rendered":"http:\/\/www.panfletonegro.com\/v\/?p=4784"},"modified":"2009-10-07T14:06:14","modified_gmt":"2009-10-07T18:36:14","slug":"lo-que-aun-no-llega","status":"publish","type":"post","link":"https:\/\/www.panfletonegro.com\/v\/2009\/10\/07\/lo-que-aun-no-llega\/","title":{"rendered":"Lo que aun no llega"},"content":{"rendered":"<p style=\"text-align: center;\"><strong>Lo que aun no llega<\/strong><\/p>\n<p>Cuando alguien<br \/>\nNiegue al tiempo<br \/>\nEn tu presencia<br \/>\nDile: Recuerda<\/p>\n<p>Cuando alguien<br \/>\nTe diga que piensa<br \/>\nEns\u00e9\u00f1ale que los animalitos<br \/>\nTambi\u00e9n piensan<\/p>\n<p>Dile que la agregaci\u00f3n<br \/>\nM\u00e1s grande<br \/>\nQue hemos descubierto<br \/>\nSe llama planeta<\/p>\n<p>Se llama: Tierra<br \/>\nY que creemos<br \/>\nQue ella tambi\u00e9n<br \/>\nPiensa<\/p>\n<p>Dile que creemos<br \/>\nQue a todos<br \/>\nLa realidad<br \/>\nNos usa y nos deja<\/p>\n<p>Dile que la felicidad<br \/>\nLa perfecci\u00f3n y la belleza<br \/>\nEst\u00e1n marcadas<br \/>\nPor la palabra: \u00abPret\u00e9rita\u00bb<\/p>\n<p>Y me encantar\u00e1<br \/>\nCaminar contigo<br \/>\nUn atardecer gris<br \/>\nCon golondrinas bajas<\/p>\n<p>Busc\u00e1ndolas, presinti\u00e9ndolas<br \/>\nEn lo que aun no llega<br \/>\nPero que con fe<br \/>\nSe anhela<\/p>\n<p style=\"text-align: right;\"><strong>VABM<\/strong> 26-ago-09<\/p>\n<p>Para Edgar, mi hermano, en su cumplea\u00f1os casi cincuenta<br \/>\nLo que aun no llega &#8211; victor bueno (7 October 2009)<\/p>\n<p>http:\/\/victor-bueno.ning.com\/profiles\/blogs\/lo-que-aun-no-llega<br \/>\nhttp:\/\/snipurl.com\/scfnq<\/p>\n","protected":false},"excerpt":{"rendered":"<p>Lo que aun no llega Cuando alguien Niegue al tiempo En tu presencia Dile: Recuerda Cuando alguien Te diga que piensa Ens\u00e9\u00f1ale que los animalitos Tambi\u00e9n piensan Dile que la agregaci\u00f3n M\u00e1s grande Que hemos descubierto Se llama planeta Se llama: Tierra Y que creemos Que ella tambi\u00e9n Piensa Dile que creemos Que a todos [&hellip;]<\/p>\n","protected":false},"author":1124,"featured_media":0,"comment_status":"open","ping_status":"open","sticky":false,"template":"","format":"standard","meta":{"jetpack_post_was_ever_published":false,"_jetpack_newsletter_access":"","_jetpack_dont_email_post_to_subs":false,"_jetpack_newsletter_tier_id":0,"_jetpack_memberships_contains_paywalled_content":false,"_jetpack_memberships_contains_paid_content":false,"footnotes":"","jetpack_publicize_message":"","jetpack_publicize_feature_enabled":true,"jetpack_social_post_already_shared":false,"jetpack_social_options":{"image_generator_settings":{"template":"highway","default_image_id":0,"font":"","enabled":false},"version":2}},"categories":[2],"tags":[283,285,282],"class_list":{"0":"post-4784","1":"post","2":"type-post","3":"status-publish","4":"format-standard","6":"category-poesia","7":"tag-lo-que-aun-no-llega","8":"tag-poemas","9":"tag-victor-bueno"},"jetpack_publicize_connections":[],"jetpack_featured_media_url":"","jetpack_shortlink":"https:\/\/wp.me\/pfpCD-1fa","jetpack_sharing_enabled":true,"_links":{"self":[{"href":"https:\/\/www.panfletonegro.com\/v\/wp-json\/wp\/v2\/posts\/4784","targetHints":{"allow":["GET"]}}],"collection":[{"href":"https:\/\/www.panfletonegro.com\/v\/wp-json\/wp\/v2\/posts"}],"about":[{"href":"https:\/\/www.panfletonegro.com\/v\/wp-json\/wp\/v2\/types\/post"}],"author":[{"embeddable":true,"href":"https:\/\/www.panfletonegro.com\/v\/wp-json\/wp\/v2\/users\/1124"}],"replies":[{"embeddable":true,"href":"https:\/\/www.panfletonegro.com\/v\/wp-json\/wp\/v2\/comments?post=4784"}],"version-history":[{"count":0,"href":"https:\/\/www.panfletonegro.com\/v\/wp-json\/wp\/v2\/posts\/4784\/revisions"}],"wp:attachment":[{"href":"https:\/\/www.panfletonegro.com\/v\/wp-json\/wp\/v2\/media?parent=4784"}],"wp:term":[{"taxonomy":"category","embeddable":true,"href":"https:\/\/www.panfletonegro.com\/v\/wp-json\/wp\/v2\/categories?post=4784"},{"taxonomy":"post_tag","embeddable":true,"href":"https:\/\/www.panfletonegro.com\/v\/wp-json\/wp\/v2\/tags?post=4784"}],"curies":[{"name":"wp","href":"https:\/\/api.w.org\/{rel}","templated":true}]}}