{"id":47570,"date":"2014-06-24T10:21:32","date_gmt":"2014-06-24T14:51:32","guid":{"rendered":"http:\/\/www.panfletonegro.com\/v\/?p=47570"},"modified":"2015-01-10T06:06:42","modified_gmt":"2015-01-10T10:36:42","slug":"imaginatelo-sin-imagenes","status":"publish","type":"post","link":"https:\/\/www.panfletonegro.com\/v\/2014\/06\/24\/imaginatelo-sin-imagenes\/","title":{"rendered":"Imagin\u00e1telo sin im\u00e1genes"},"content":{"rendered":"<p>&#8211; Pero entonces \u00bfc\u00f3mo era el mundo antes de que los animales pudiesen hablar?<\/p>\n<p>&#8211; No s\u00e9, esa \u00e9poca de la humanidad la consideramos oscura y esa informaci\u00f3n se bloque\u00f3, la gente no quiso recordarla m\u00e1s. Sabemos que una vaca en Holanda dijo \u201cno me mates\u201d; el fen\u00f3meno se volvi\u00f3 medi\u00e1tico y a partir de ah\u00ed hubo otro <em>swing<\/em> y otro\u00a0<em>todo<\/em> con los animales. Me imagino que los tiatia habr\u00e1n ayudado enormemente, al permitirle a la gente leer emociones y c\u00f3mo \u00e9stas fluyen a trav\u00e9s de los cuerpos.<\/p>\n<p>&#8211; Ush, imag\u00ednate \u00a1qu\u00e9 complique el mundo sin los tiatia!, \u00a1qu\u00e9 retrogradez tan grande! Siempre me pareci\u00f3 raro que la vaca haya hablado en ingl\u00e9s en vez de hacerlo en holand\u00e9s; pero bueno, es l\u00f3gico \u00bfno?, es como decir que los o.v.n.i. iban a saber ingl\u00e9s &#8211; en lugar de otro idioma &#8211; y aparecer primero en Estados Unidos porque todos los indicios nos dicen eso. De <em>balls<\/em> pana, la vida no es l\u00f3gica, sino los chimpanc\u00e9s hubiesen sido los primeros en hablar, no las vacas.<\/p>\n<p>Una voz silente, una voz sin raya en frente, te va a contar c\u00f3mo fue la verdadera historia. Hubo en Holanda un sordo-mudo tan arrecho que pod\u00eda reconocer acentos cuando le\u00eda los labios de la gente, pod\u00eda diferenciar el acento belga del holand\u00e9s, adem\u00e1s de los tonos por regiones y \u00a1hasta puebluchos! El se\u00f1or cuidaba vacas y su pasi\u00f3n por ellas era tanta que decidi\u00f3 hacerlas hablar. Con una paciencia que trasciende los l\u00edmites del entendimiento, un cuidadoso estudio sobre el hablar de los loros e innumerables masajes en las gargantas vacunas les ense\u00f1\u00f3 a decir \u201cdon\u00b4t kill me\u201d. Las vacas aprendieron esta frase, la cual escuchaban en un video, sin comprender su significado. El fen\u00f3meno se volvi\u00f3 masivo y s\u00ed, podemos echarle la culpa al internet por ello. \u00bfC\u00f3mo vas a matar a un animal que reconoce el valor de su vida y quiere defenderse? Lo ir\u00f3nico es que fueron los chimpanc\u00e9s los que de verdad hab\u00edan comenzado a hablar, pero las vacas se llevaron la fama. Ellas son como un cuento chimbo que obtuvo mayor cantidad de votos en un concurso, y los chimpanc\u00e9s son como un cuento bueno buen\u00edsimo pero que fue le\u00eddo por tres pelagatos. \u00bfTotal? \u00a1Qu\u00e9 importa!, el mundo todo todito cambi\u00f3, aunque ya ni nos recordemos c\u00f3mo fue alguna vez.<\/p>\n","protected":false},"excerpt":{"rendered":"<p>&#8211; Pero entonces \u00bfc\u00f3mo era el mundo antes de que los animales pudiesen hablar? &#8211; No s\u00e9, esa \u00e9poca de la humanidad la consideramos oscura y esa informaci\u00f3n se bloque\u00f3, la gente no quiso recordarla m\u00e1s. Sabemos que una vaca en Holanda dijo \u201cno me mates\u201d; el fen\u00f3meno se volvi\u00f3 medi\u00e1tico y a partir de [&hellip;]<\/p>\n","protected":false},"author":3191,"featured_media":0,"comment_status":"open","ping_status":"open","sticky":false,"template":"","format":"standard","meta":{"jetpack_post_was_ever_published":false,"_jetpack_newsletter_access":"","_jetpack_dont_email_post_to_subs":false,"_jetpack_newsletter_tier_id":0,"_jetpack_memberships_contains_paywalled_content":false,"_jetpack_memberships_contains_paid_content":false,"footnotes":"","jetpack_publicize_message":"","jetpack_publicize_feature_enabled":true,"jetpack_social_post_already_shared":false,"jetpack_social_options":{"image_generator_settings":{"template":"highway","default_image_id":0,"font":"","enabled":false},"version":2}},"categories":[1],"tags":[3284],"class_list":{"0":"post-47570","1":"post","2":"type-post","3":"status-publish","4":"format-standard","6":"category-azares","7":"tag-concurso-panfletonegro-ir-a-la-n-futuro-diversion-antiapocaliptico"},"jetpack_publicize_connections":[],"jetpack_featured_media_url":"","jetpack_shortlink":"https:\/\/wp.me\/pfpCD-cng","jetpack_sharing_enabled":true,"_links":{"self":[{"href":"https:\/\/www.panfletonegro.com\/v\/wp-json\/wp\/v2\/posts\/47570","targetHints":{"allow":["GET"]}}],"collection":[{"href":"https:\/\/www.panfletonegro.com\/v\/wp-json\/wp\/v2\/posts"}],"about":[{"href":"https:\/\/www.panfletonegro.com\/v\/wp-json\/wp\/v2\/types\/post"}],"author":[{"embeddable":true,"href":"https:\/\/www.panfletonegro.com\/v\/wp-json\/wp\/v2\/users\/3191"}],"replies":[{"embeddable":true,"href":"https:\/\/www.panfletonegro.com\/v\/wp-json\/wp\/v2\/comments?post=47570"}],"version-history":[{"count":0,"href":"https:\/\/www.panfletonegro.com\/v\/wp-json\/wp\/v2\/posts\/47570\/revisions"}],"wp:attachment":[{"href":"https:\/\/www.panfletonegro.com\/v\/wp-json\/wp\/v2\/media?parent=47570"}],"wp:term":[{"taxonomy":"category","embeddable":true,"href":"https:\/\/www.panfletonegro.com\/v\/wp-json\/wp\/v2\/categories?post=47570"},{"taxonomy":"post_tag","embeddable":true,"href":"https:\/\/www.panfletonegro.com\/v\/wp-json\/wp\/v2\/tags?post=47570"}],"curies":[{"name":"wp","href":"https:\/\/api.w.org\/{rel}","templated":true}]}}