{"id":46252,"date":"2014-06-03T07:16:37","date_gmt":"2014-06-03T11:46:37","guid":{"rendered":"http:\/\/www.panfletonegro.com\/v\/?p=46252"},"modified":"2015-02-12T15:42:57","modified_gmt":"2015-02-12T20:12:57","slug":"big-mac","status":"publish","type":"post","link":"https:\/\/www.panfletonegro.com\/v\/2014\/06\/03\/big-mac\/","title":{"rendered":"Big Mac Positivo"},"content":{"rendered":"<p><a href=\"http:\/\/www.ibtimes.com\/minutes-minimum-wage-work-buy-big-mac-36-minutes-us-6-hours-afghanistan-1392339\"><img data-recalc-dims=\"1\" loading=\"lazy\" decoding=\"async\" data-attachment-id=\"46253\" data-permalink=\"https:\/\/www.panfletonegro.com\/v\/2014\/06\/03\/big-mac\/minimum-wage-minutes-big-mac-01-1\/\" data-orig-file=\"https:\/\/i0.wp.com\/www.panfletonegro.com\/v\/wp-content\/uploads\/2014\/06\/minimum-wage-minutes-big-mac-01-1.png?fit=770%2C796&amp;ssl=1\" data-orig-size=\"770,796\" data-comments-opened=\"1\" data-image-meta=\"{&quot;aperture&quot;:&quot;0&quot;,&quot;credit&quot;:&quot;&quot;,&quot;camera&quot;:&quot;&quot;,&quot;caption&quot;:&quot;&quot;,&quot;created_timestamp&quot;:&quot;0&quot;,&quot;copyright&quot;:&quot;&quot;,&quot;focal_length&quot;:&quot;0&quot;,&quot;iso&quot;:&quot;0&quot;,&quot;shutter_speed&quot;:&quot;0&quot;,&quot;title&quot;:&quot;&quot;}\" data-image-title=\"minimum-wage-minutes-big-mac-01-1\" data-image-description=\"\" data-image-caption=\"\" data-large-file=\"https:\/\/i0.wp.com\/www.panfletonegro.com\/v\/wp-content\/uploads\/2014\/06\/minimum-wage-minutes-big-mac-01-1.png?fit=696%2C720&amp;ssl=1\" class=\"aligncenter size-full wp-image-46253\" src=\"https:\/\/i0.wp.com\/www.panfletonegro.com\/v\/wp-content\/uploads\/2014\/06\/minimum-wage-minutes-big-mac-01-1.png?resize=696%2C720\" alt=\"minimum-wage-minutes-big-mac-01-1\" width=\"696\" height=\"720\" srcset=\"https:\/\/i0.wp.com\/www.panfletonegro.com\/v\/wp-content\/uploads\/2014\/06\/minimum-wage-minutes-big-mac-01-1.png?w=770&amp;ssl=1 770w, https:\/\/i0.wp.com\/www.panfletonegro.com\/v\/wp-content\/uploads\/2014\/06\/minimum-wage-minutes-big-mac-01-1.png?resize=619%2C640&amp;ssl=1 619w, https:\/\/i0.wp.com\/www.panfletonegro.com\/v\/wp-content\/uploads\/2014\/06\/minimum-wage-minutes-big-mac-01-1.png?resize=320%2C330&amp;ssl=1 320w, https:\/\/i0.wp.com\/www.panfletonegro.com\/v\/wp-content\/uploads\/2014\/06\/minimum-wage-minutes-big-mac-01-1.png?resize=145%2C149&amp;ssl=1 145w, https:\/\/i0.wp.com\/www.panfletonegro.com\/v\/wp-content\/uploads\/2014\/06\/minimum-wage-minutes-big-mac-01-1.png?resize=495%2C511&amp;ssl=1 495w, https:\/\/i0.wp.com\/www.panfletonegro.com\/v\/wp-content\/uploads\/2014\/06\/minimum-wage-minutes-big-mac-01-1.png?resize=670%2C692&amp;ssl=1 670w\" sizes=\"auto, (max-width: 696px) 100vw, 696px\" \/><\/a><\/p>\n<p>\u00bfser\u00eda posible construir (o acaso ya existe y no lo conozco) un \u00edndice de pobreza digamos as\u00ed como % de personas que viven con menos del precio de un Big Mac por d\u00eda? \u2013preguntaba <a href=\"https:\/\/twitter.com\/cortega26\" target=\"_blank\">Carlos<\/a>\u00a0en estos d\u00edas, refiri\u00e9ndose <a href=\"http:\/\/www.economist.com\/content\/big-mac-index\" target=\"_blank\">al cl\u00e1sico \u00edndice Big Mac<\/a>.<\/p>\n<p>Hace pocos meses, los analistas de ConvergEx Group <a href=\"http:\/\/www.ibtimes.com\/minutes-minimum-wage-work-buy-big-mac-36-minutes-us-6-hours-afghanistan-1392339\" target=\"_blank\">publicaron una interpretaci\u00f3n<\/a> de los <a href=\"http:\/\/www.economist.com\/content\/big-mac-index\" target=\"_blank\">\u00faltimos resultados del \u00edndice Big Mac<\/a>\u00a0en la que calcularon cu\u00e1ntas horas deb\u00eda trabajar un asalariado de sueldo m\u00ednimo para pagarse un Big Mac. Este indicador, como bien apunta Carlos, hace referencia al <a href=\"http:\/\/es.wikipedia.org\/wiki\/D%C3%B3lar_internacional\" target=\"_blank\">D\u00f3lar Internacional<\/a> y por lo tanto podr\u00eda ser una buena medida del poder adquisitivo real de un sueldo m\u00ednimo en cada pa\u00eds.<\/p>\n<p>Los resultados <a href=\"http:\/\/www.ibtimes.com\/minutes-minimum-wage-work-buy-big-mac-36-minutes-us-6-hours-afghanistan-1392339\" target=\"_blank\">puedes leerlos aqu\u00ed<\/a>\u00a0y est\u00e1n resumidos en la infograf\u00eda que aparece arriba.<\/p>\n<p>Es interesante que los pa\u00edses m\u00e1s desarrollados son\u2026 dir\u00edamos, \u00abBig Mac Positivo\u00bb. <strong>El salario m\u00ednimo que te pagan por la media hora\u00a0que te toma ir a comer un Big Mac, es mayor que lo que cuesta la hamburguesa<\/strong>.<\/p>\n<p>Piensa en eso un rato.<\/p>\n<p>Esto me record\u00f3 a <a href=\"http:\/\/alejandrotarre.com\/ser-pobre-en-un-pais-rico\/\" target=\"_blank\">un art\u00edculo de Alejandro Tarre de hace unos meses<\/a> en el que hac\u00eda referencia a <a href=\"http:\/\/www-wds.worldbank.org\/external\/default\/WDSContentServer\/IW3P\/IB\/2012\/11\/06\/000158349_20121106085546\/Rendered\/PDF\/wps6259.pdf\" target=\"_blank\">un estudio de 2012 del Banco Mundial<\/a> en el que se evidencia que no es lo mismo ser pobre en un pa\u00eds desarrollado que ser pobre en uno de los BRICs o en el resto del tercer mundo.<\/p>\n<p><a href=\"http:\/\/alejandrotarre.com\/ser-pobre-en-un-pais-rico\/\"><img data-recalc-dims=\"1\" loading=\"lazy\" decoding=\"async\" data-attachment-id=\"46254\" data-permalink=\"https:\/\/www.panfletonegro.com\/v\/2014\/06\/03\/big-mac\/global_domestic_inequality\/\" data-orig-file=\"https:\/\/i0.wp.com\/www.panfletonegro.com\/v\/wp-content\/uploads\/2014\/06\/global_domestic_inequality.png?fit=598%2C459&amp;ssl=1\" data-orig-size=\"598,459\" data-comments-opened=\"1\" data-image-meta=\"{&quot;aperture&quot;:&quot;0&quot;,&quot;credit&quot;:&quot;&quot;,&quot;camera&quot;:&quot;&quot;,&quot;caption&quot;:&quot;&quot;,&quot;created_timestamp&quot;:&quot;0&quot;,&quot;copyright&quot;:&quot;&quot;,&quot;focal_length&quot;:&quot;0&quot;,&quot;iso&quot;:&quot;0&quot;,&quot;shutter_speed&quot;:&quot;0&quot;,&quot;title&quot;:&quot;&quot;}\" data-image-title=\"global_domestic_inequality\" data-image-description=\"\" data-image-caption=\"\" data-large-file=\"https:\/\/i0.wp.com\/www.panfletonegro.com\/v\/wp-content\/uploads\/2014\/06\/global_domestic_inequality.png?fit=598%2C459&amp;ssl=1\" class=\"aligncenter size-full wp-image-46254\" src=\"https:\/\/i0.wp.com\/www.panfletonegro.com\/v\/wp-content\/uploads\/2014\/06\/global_domestic_inequality.png?resize=598%2C459\" alt=\"global_domestic_inequality\" width=\"598\" height=\"459\" srcset=\"https:\/\/i0.wp.com\/www.panfletonegro.com\/v\/wp-content\/uploads\/2014\/06\/global_domestic_inequality.png?w=598&amp;ssl=1 598w, https:\/\/i0.wp.com\/www.panfletonegro.com\/v\/wp-content\/uploads\/2014\/06\/global_domestic_inequality.png?resize=320%2C245&amp;ssl=1 320w, https:\/\/i0.wp.com\/www.panfletonegro.com\/v\/wp-content\/uploads\/2014\/06\/global_domestic_inequality.png?resize=145%2C111&amp;ssl=1 145w, https:\/\/i0.wp.com\/www.panfletonegro.com\/v\/wp-content\/uploads\/2014\/06\/global_domestic_inequality.png?resize=495%2C379&amp;ssl=1 495w\" sizes=\"auto, (max-width: 598px) 100vw, 598px\" \/><\/a><\/p>\n<p>Alejandro lo resume bien:<\/p>\n<div id=\"stcpDiv\">\n<blockquote><p>Ser pobre en Brasil significa estar entre los m\u00e1s pobres del mundo, mientras que ser pobre en Estados Unidos es el equivalente a ser clase media en Brasil o pertenecer a la clase media<em> global<\/em> (indicada por la l\u00ednea punteada).<\/p>\n<p>F\u00edjense que con s\u00f3lo nacer en Estados Unidos un ciudadano ya es, globalmente, miembro de la clase media. As\u00ed que cada vez que escuchan que millones de personas se han unido a la clase media en India o China, no olviden que esa clase media sigue siendo m\u00e1s pobre que los m\u00e1s pobres de Estados Unidos, por no hablar de Alemania y Dinamarca.<\/p><\/blockquote>\n<\/div>\n<p>Cuando te dicen que <a href=\"http:\/\/www.panfletonegro.com\/v\/2013\/09\/13\/venezuela-esta-mejor-que-europa-o-el-ministerio-de-la-verdad\/\" target=\"_blank\">Espa\u00f1a est\u00e1 muy mal y es mejor quedarte en Venezuela<\/a>\u00a0o que <a href=\"http:\/\/www.aporrea.org\/ideologia\/a188882.html\" target=\"_blank\">Canad\u00e1 est\u00e1 peor que Venezuela<\/a>, te est\u00e1n mintiendo categ\u00f3ricamente. Los pobres lo pasan mal en todos los pa\u00edses, pero en\u00a0Venezuela\u00a0lo pasan mucho peor.<\/p>\n<p>&nbsp;<\/p>\n","protected":false},"excerpt":{"rendered":"<p>\u00bfser\u00eda posible construir (o acaso ya existe y no lo conozco) un \u00edndice de pobreza digamos as\u00ed como % de personas que viven con menos del precio de un Big Mac por d\u00eda? \u2013preguntaba Carlos\u00a0en estos d\u00edas, refiri\u00e9ndose al cl\u00e1sico \u00edndice Big Mac. Hace pocos meses, los analistas de ConvergEx Group publicaron una interpretaci\u00f3n de [&hellip;]<\/p>\n","protected":false},"author":1,"featured_media":46253,"comment_status":"open","ping_status":"open","sticky":false,"template":"","format":"standard","meta":{"jetpack_post_was_ever_published":false,"_jetpack_newsletter_access":"","_jetpack_dont_email_post_to_subs":false,"_jetpack_newsletter_tier_id":0,"_jetpack_memberships_contains_paywalled_content":false,"_jetpack_memberships_contains_paid_content":false,"footnotes":"","jetpack_publicize_message":"","jetpack_publicize_feature_enabled":true,"jetpack_social_post_already_shared":false,"jetpack_social_options":{"image_generator_settings":{"template":"highway","default_image_id":0,"font":"","enabled":false},"version":2}},"categories":[3],"tags":[383,3156,1032],"class_list":{"0":"post-46252","1":"post","2":"type-post","3":"status-publish","4":"format-standard","5":"has-post-thumbnail","7":"category-descontento","8":"tag-capitalismo","9":"tag-indice-big-mac","10":"tag-pobreza"},"jetpack_publicize_connections":[],"jetpack_featured_media_url":"https:\/\/i0.wp.com\/www.panfletonegro.com\/v\/wp-content\/uploads\/2014\/06\/minimum-wage-minutes-big-mac-01-1.png?fit=770%2C796&ssl=1","jetpack_shortlink":"https:\/\/wp.me\/pfpCD-c20","jetpack_sharing_enabled":true,"_links":{"self":[{"href":"https:\/\/www.panfletonegro.com\/v\/wp-json\/wp\/v2\/posts\/46252","targetHints":{"allow":["GET"]}}],"collection":[{"href":"https:\/\/www.panfletonegro.com\/v\/wp-json\/wp\/v2\/posts"}],"about":[{"href":"https:\/\/www.panfletonegro.com\/v\/wp-json\/wp\/v2\/types\/post"}],"author":[{"embeddable":true,"href":"https:\/\/www.panfletonegro.com\/v\/wp-json\/wp\/v2\/users\/1"}],"replies":[{"embeddable":true,"href":"https:\/\/www.panfletonegro.com\/v\/wp-json\/wp\/v2\/comments?post=46252"}],"version-history":[{"count":0,"href":"https:\/\/www.panfletonegro.com\/v\/wp-json\/wp\/v2\/posts\/46252\/revisions"}],"wp:featuredmedia":[{"embeddable":true,"href":"https:\/\/www.panfletonegro.com\/v\/wp-json\/wp\/v2\/media\/46253"}],"wp:attachment":[{"href":"https:\/\/www.panfletonegro.com\/v\/wp-json\/wp\/v2\/media?parent=46252"}],"wp:term":[{"taxonomy":"category","embeddable":true,"href":"https:\/\/www.panfletonegro.com\/v\/wp-json\/wp\/v2\/categories?post=46252"},{"taxonomy":"post_tag","embeddable":true,"href":"https:\/\/www.panfletonegro.com\/v\/wp-json\/wp\/v2\/tags?post=46252"}],"curies":[{"name":"wp","href":"https:\/\/api.w.org\/{rel}","templated":true}]}}