{"id":46219,"date":"2014-06-02T12:04:17","date_gmt":"2014-06-02T16:34:17","guid":{"rendered":"http:\/\/www.panfletonegro.com\/v\/?p=46219"},"modified":"2014-06-07T12:16:36","modified_gmt":"2014-06-07T16:46:36","slug":"encarando-esta-edad-de-hierro","status":"publish","type":"post","link":"https:\/\/www.panfletonegro.com\/v\/2014\/06\/02\/encarando-esta-edad-de-hierro\/","title":{"rendered":"Encarando esta Edad de Hierro*"},"content":{"rendered":"<p><a href=\"https:\/\/i0.wp.com\/www.panfletonegro.com\/v\/wp-content\/uploads\/2014\/06\/Portada-Lejano-Oeste.jpg\"><img data-recalc-dims=\"1\" loading=\"lazy\" decoding=\"async\" data-attachment-id=\"46220\" data-permalink=\"https:\/\/www.panfletonegro.com\/v\/2014\/06\/02\/encarando-esta-edad-de-hierro\/portada-lejano-oeste\/\" data-orig-file=\"https:\/\/i0.wp.com\/www.panfletonegro.com\/v\/wp-content\/uploads\/2014\/06\/Portada-Lejano-Oeste.jpg?fit=698%2C1247&amp;ssl=1\" data-orig-size=\"698,1247\" data-comments-opened=\"1\" data-image-meta=\"{&quot;aperture&quot;:&quot;0&quot;,&quot;credit&quot;:&quot;&quot;,&quot;camera&quot;:&quot;&quot;,&quot;caption&quot;:&quot;&quot;,&quot;created_timestamp&quot;:&quot;0&quot;,&quot;copyright&quot;:&quot;&quot;,&quot;focal_length&quot;:&quot;0&quot;,&quot;iso&quot;:&quot;0&quot;,&quot;shutter_speed&quot;:&quot;0&quot;,&quot;title&quot;:&quot;&quot;}\" data-image-title=\"Portada Lejano Oeste\" data-image-description=\"\" data-image-caption=\"\" data-large-file=\"https:\/\/i0.wp.com\/www.panfletonegro.com\/v\/wp-content\/uploads\/2014\/06\/Portada-Lejano-Oeste.jpg?fit=573%2C1024&amp;ssl=1\" class=\"aligncenter size-medium wp-image-46220\" src=\"https:\/\/i0.wp.com\/www.panfletonegro.com\/v\/wp-content\/uploads\/2014\/06\/Portada-Lejano-Oeste-358x640.jpg?resize=358%2C640\" alt=\"Portada Lejano Oeste\" width=\"358\" height=\"640\" srcset=\"https:\/\/i0.wp.com\/www.panfletonegro.com\/v\/wp-content\/uploads\/2014\/06\/Portada-Lejano-Oeste.jpg?resize=358%2C640&amp;ssl=1 358w, https:\/\/i0.wp.com\/www.panfletonegro.com\/v\/wp-content\/uploads\/2014\/06\/Portada-Lejano-Oeste.jpg?resize=573%2C1024&amp;ssl=1 573w, https:\/\/i0.wp.com\/www.panfletonegro.com\/v\/wp-content\/uploads\/2014\/06\/Portada-Lejano-Oeste.jpg?resize=320%2C571&amp;ssl=1 320w, https:\/\/i0.wp.com\/www.panfletonegro.com\/v\/wp-content\/uploads\/2014\/06\/Portada-Lejano-Oeste.jpg?resize=145%2C259&amp;ssl=1 145w, https:\/\/i0.wp.com\/www.panfletonegro.com\/v\/wp-content\/uploads\/2014\/06\/Portada-Lejano-Oeste.jpg?resize=495%2C884&amp;ssl=1 495w, https:\/\/i0.wp.com\/www.panfletonegro.com\/v\/wp-content\/uploads\/2014\/06\/Portada-Lejano-Oeste.jpg?resize=670%2C1196&amp;ssl=1 670w, https:\/\/i0.wp.com\/www.panfletonegro.com\/v\/wp-content\/uploads\/2014\/06\/Portada-Lejano-Oeste.jpg?w=698&amp;ssl=1 698w\" sizes=\"auto, (max-width: 358px) 100vw, 358px\" \/><\/a><\/p>\n<p>\u00ab\u00c9l se ha rebelado contra todo lo que no lo deja ser\u00bb, conclu\u00ed tras haber asistido al recital donde escuch\u00e9 por primera vez a Alejandro Castro. Los primeros poemas que ley\u00f3 en esa ocasi\u00f3n pertenec\u00edan a <strong>No es por vicio ni por fornicio. Uranismo y otras parafilias<\/strong>, el poemario galardonado con el Premio del Concurso para Autores In\u00e9ditos en el 2010, y retrataban a un joven poeta capaz de dialogar las voces m\u00e1s emblem\u00e1ticas de la tradici\u00f3n l\u00edrica homoer\u00f3tica occidental, algo notable de por s\u00ed. Pero cuando lo escuch\u00e9 leer los poemas del libro que iba a ser publicado por bid &amp; co sent\u00ed que eso era rock en estado puro. S\u00ed, como lo est\u00e1n escuchando, rock. Cuando \u00e9l termin\u00f3 de leer su \u201cCanto a Bol\u00edvar\u201d pens\u00e9 algo as\u00ed como: \u00ab\u00a1Esto es como haber escuchado \u201cBorn in the U.S.A.\u201d por primera vez! \u00a1Qu\u00e9 valent\u00eda, qu\u00e9 capacidad para hacer con el chovinismo bolivariano lo que Bruce Springsteen hizo con la egoman\u00eda gringa en plena Era Reagan! \u00a1Qu\u00e9 maravilla que un chamo haya sido capaz de decir con tanta precisi\u00f3n lo que supone haber nacido en este pa\u00eds tan afecto a los gorilas uniformados! Este poema es como \u201cGod Save the Queen\u201d de Sex Pistols, \u201cWhite Riot\u201d de The Clash\u201d o \u201cDemoliendo hoteles\u201d de Charlie Garc\u00eda\u00bb. Tras escucharlo leer \u201cLa zona t\u00f3rrida\u201d y \u201cBellas Artes\u201d, <strong>El lejano oeste<\/strong> pas\u00f3 a ser el poemario que he esperado con m\u00e1s ansias en los \u00faltimos a\u00f1os. Desde ese recital, he vuelto a sentirme como un adolescente a la espera del pr\u00f3ximo LP de su banda de rock favorita. Y eso, en un pa\u00eds cuya actual consigna pareciera ser NO FUTURE, ya merece la eterna gratitud. No es casual que me haya tocado el honor de presentar ese poemario. El azar sabe lo que hace.<\/p>\n<p>Uno lee la primera parte de <strong>El lejano oeste<\/strong> y confirma que, en lo que va de siglo, el sue\u00f1o de Bol\u00edvar ha derivado en una pesadilla dist\u00f3pica. Las tardes en ruinas, las jaur\u00edas motorizadas, las vaguadas que minan y erosionan cerros con pies de barro, la \u201cmaldita circunstancia de vivir rodead[o] de monta\u00f1as sin mar y la pobreza\u201d, han confinado al poeta a un escenario donde se escribe y se sobrevive entre disparos, vallenatos y reguet\u00f3n. La ciudad anunciada por Julio Miranda en <strong>Rock Urbano<\/strong> est\u00e1 de vuelta, pero esta vez no hay lugar para la risa can\u00edbal. En los tiempos del poeta que corri\u00f3 con la suerte de maquillar el cad\u00e1ver de la revoluci\u00f3n hab\u00eda escapatoria, exist\u00eda la posibilidad de que esa ciudad llegara a ser otra cosa, pero henos aqu\u00ed, un cuarto de siglo m\u00e1s tarde, en un escenario donde no hay resquicio para la esperanza. Alejandro Castro pertenece a una generaci\u00f3n que posee razones de sobra para ser reacia a los redentores de oficio, \u00e9l ha padecido la capital de esa \u201cPatria\u201d que Armando Rojas Guardia ha visto enarbolada como blas\u00f3n de los oportunistas, un pa\u00eds envilecido por esa nefasta forma de ciudadan\u00eda que Miguel \u00c1ngel Campos cartografi\u00f3 en <strong>La fe de los traidores<\/strong>. No es casual que el joven poeta de esta bicentenaria \u201czona t\u00f3rrida\u201d prefiera \u201cque otros canten la grandeza ind\u00f3mita\/ de ser pobre y ser bueno\/[\u00c9l sabe] la violencia que cabe en dos d\u00edas\u201d. Con todo, lo m\u00e1s notable de los poemas que conforman la primera parte de este libro es que el temple de su lenguaje solo pudo ser obtenido por un alma en rebeld\u00eda contra esa realidad, tal y como lo demuestran los poemas \u201cCasalta\u201d, \u201cEl d\u00eda despu\u00e9s de los enamorados\u201d, \u201cLa zona t\u00f3rrida\u201d, \u201cBellas Artes\u201d y \u201cCanto a Bol\u00edvar\u201d, entre otros.<\/p>\n<p><a href=\"https:\/\/i0.wp.com\/www.panfletonegro.com\/v\/wp-content\/uploads\/2014\/06\/Canto-a-Bol%C3%ADvar.jpg\"><img data-recalc-dims=\"1\" loading=\"lazy\" decoding=\"async\" data-attachment-id=\"46222\" data-permalink=\"https:\/\/www.panfletonegro.com\/v\/2014\/06\/02\/encarando-esta-edad-de-hierro\/canto-a-bolivar\/\" data-orig-file=\"https:\/\/i0.wp.com\/www.panfletonegro.com\/v\/wp-content\/uploads\/2014\/06\/Canto-a-Bol%C3%ADvar.jpg?fit=609%2C1171&amp;ssl=1\" data-orig-size=\"609,1171\" data-comments-opened=\"1\" data-image-meta=\"{&quot;aperture&quot;:&quot;0&quot;,&quot;credit&quot;:&quot;&quot;,&quot;camera&quot;:&quot;&quot;,&quot;caption&quot;:&quot;&quot;,&quot;created_timestamp&quot;:&quot;0&quot;,&quot;copyright&quot;:&quot;&quot;,&quot;focal_length&quot;:&quot;0&quot;,&quot;iso&quot;:&quot;0&quot;,&quot;shutter_speed&quot;:&quot;0&quot;,&quot;title&quot;:&quot;&quot;}\" data-image-title=\"Canto a Bol\u00edvar\" data-image-description=\"\" data-image-caption=\"\" data-large-file=\"https:\/\/i0.wp.com\/www.panfletonegro.com\/v\/wp-content\/uploads\/2014\/06\/Canto-a-Bol%C3%ADvar.jpg?fit=532%2C1024&amp;ssl=1\" class=\"aligncenter size-medium wp-image-46222\" src=\"https:\/\/i0.wp.com\/www.panfletonegro.com\/v\/wp-content\/uploads\/2014\/06\/Canto-a-Bol%C3%ADvar-332x640.jpg?resize=332%2C640\" alt=\"Canto a Bol\u00edvar\" width=\"332\" height=\"640\" srcset=\"https:\/\/i0.wp.com\/www.panfletonegro.com\/v\/wp-content\/uploads\/2014\/06\/Canto-a-Bol%C3%ADvar.jpg?resize=332%2C640&amp;ssl=1 332w, https:\/\/i0.wp.com\/www.panfletonegro.com\/v\/wp-content\/uploads\/2014\/06\/Canto-a-Bol%C3%ADvar.jpg?resize=532%2C1024&amp;ssl=1 532w\" sizes=\"auto, (max-width: 332px) 100vw, 332px\" \/><\/a><\/p>\n<p>Con ese lenguaje ce\u00f1ido al esp\u00edritu de un joven en abierta rebeld\u00eda ante las imposturas revolucionarias de quienes han inmolado el presente de nuestra naci\u00f3n en aras de un supuesto futuro mejor, el poeta tambi\u00e9n reflexiona sobre su condici\u00f3n homoer\u00f3tica, tal y como lo hiciera en <strong>No es por vicio ni por fornicio<\/strong>. A sus a\u00f1os, el poeta todav\u00eda lleva en s\u00ed a ese ni\u00f1o consciente de lo mal que estaba amar aquello con tanta furia, y ya ha aceptado que \u201chay un hombre\/ corriente que nunca lograr[\u00e1]\/ tener\u201d, pero tambi\u00e9n ha advertido que, a pesar de sus elevadas dosis de testosterona, el padre y muchas otras figuras de autoridad masculina no son m\u00e1s que \u201chist\u00e9rica[s]\/ de pelo en pecho\u201d. Ser\u00e1 precisamente esa capacidad para no dejarse enga\u00f1ar por las apariencias, ese \u201cojo entrenado para la ternura\u201d, lo que le permitir\u00e1 advertir cu\u00e1ndo un reclamo formulado desde la diferencia podr\u00eda estar m\u00e1s cerca de una proclama totalitaria que de un leg\u00edtimo anhelo de justicia, como se advierte en el poema VI de \u201cMonstruaci\u00f3n\u201d.<\/p>\n<p><a href=\"https:\/\/i0.wp.com\/www.panfletonegro.com\/v\/wp-content\/uploads\/2014\/06\/VI.jpg\"><img data-recalc-dims=\"1\" loading=\"lazy\" decoding=\"async\" data-attachment-id=\"46223\" data-permalink=\"https:\/\/www.panfletonegro.com\/v\/2014\/06\/02\/encarando-esta-edad-de-hierro\/vi\/\" data-orig-file=\"https:\/\/i0.wp.com\/www.panfletonegro.com\/v\/wp-content\/uploads\/2014\/06\/VI.jpg?fit=552%2C810&amp;ssl=1\" data-orig-size=\"552,810\" data-comments-opened=\"1\" data-image-meta=\"{&quot;aperture&quot;:&quot;0&quot;,&quot;credit&quot;:&quot;&quot;,&quot;camera&quot;:&quot;&quot;,&quot;caption&quot;:&quot;&quot;,&quot;created_timestamp&quot;:&quot;0&quot;,&quot;copyright&quot;:&quot;&quot;,&quot;focal_length&quot;:&quot;0&quot;,&quot;iso&quot;:&quot;0&quot;,&quot;shutter_speed&quot;:&quot;0&quot;,&quot;title&quot;:&quot;&quot;}\" data-image-title=\"VI\" data-image-description=\"\" data-image-caption=\"\" data-large-file=\"https:\/\/i0.wp.com\/www.panfletonegro.com\/v\/wp-content\/uploads\/2014\/06\/VI.jpg?fit=552%2C810&amp;ssl=1\" class=\"aligncenter size-medium wp-image-46223\" src=\"https:\/\/i0.wp.com\/www.panfletonegro.com\/v\/wp-content\/uploads\/2014\/06\/VI-436x640.jpg?resize=436%2C640\" alt=\"VI\" width=\"436\" height=\"640\" srcset=\"https:\/\/i0.wp.com\/www.panfletonegro.com\/v\/wp-content\/uploads\/2014\/06\/VI.jpg?resize=436%2C640&amp;ssl=1 436w, https:\/\/i0.wp.com\/www.panfletonegro.com\/v\/wp-content\/uploads\/2014\/06\/VI.jpg?resize=320%2C469&amp;ssl=1 320w, https:\/\/i0.wp.com\/www.panfletonegro.com\/v\/wp-content\/uploads\/2014\/06\/VI.jpg?resize=145%2C212&amp;ssl=1 145w, https:\/\/i0.wp.com\/www.panfletonegro.com\/v\/wp-content\/uploads\/2014\/06\/VI.jpg?resize=495%2C726&amp;ssl=1 495w, https:\/\/i0.wp.com\/www.panfletonegro.com\/v\/wp-content\/uploads\/2014\/06\/VI.jpg?w=552&amp;ssl=1 552w\" sizes=\"auto, (max-width: 436px) 100vw, 436px\" \/><\/a><\/p>\n<p>Ni c\u00e1ndida ni c\u00f3mplice, la mirada del poeta que milagrosamente ha sobrevivido a Casalta es la mirada de alguien que en su infancia deseaba ser \u201cun lagarto poderoso\/oler el peligro con la lengua\u201d, y luego fue capaz de rebelarse contra el abolengo inquisidor del padre; por eso ahora percibe con absoluta nitidez los signos de esta edad de hierro, y sabe, como muchos de nosotros, que al final de las \u201cRevoluciones\u201d: \u00abNo tiene memoria\/el pueblo\/tiene hambre\u00bb.<\/p>\n<p>&nbsp;<\/p>\n<p>* Texto le\u00eddo en la presentaci\u00f3n del poemario <strong>El lejano oeste<\/strong>, actividad programada en el marco del II Simposio Internacional \u201cAnormales\u201d realizado en la ciudad de M\u00e9rida, Venezuela, entre el 27 y el 29 de mayo de 2014.<\/p>\n","protected":false},"excerpt":{"rendered":"<p>\u00ab\u00c9l se ha rebelado contra todo lo que no lo deja ser\u00bb, conclu\u00ed tras haber asistido al recital donde escuch\u00e9 por primera vez a Alejandro Castro. Los primeros poemas que ley\u00f3 en esa ocasi\u00f3n pertenec\u00edan a No es por vicio ni por fornicio. Uranismo y otras parafilias, el poemario galardonado con el Premio del Concurso [&hellip;]<\/p>\n","protected":false},"author":1928,"featured_media":46220,"comment_status":"open","ping_status":"open","sticky":false,"template":"","format":"standard","meta":{"jetpack_post_was_ever_published":false,"_jetpack_newsletter_access":"","_jetpack_dont_email_post_to_subs":false,"_jetpack_newsletter_tier_id":0,"_jetpack_memberships_contains_paywalled_content":false,"_jetpack_memberships_contains_paid_content":false,"footnotes":"","jetpack_publicize_message":"","jetpack_publicize_feature_enabled":true,"jetpack_social_post_already_shared":false,"jetpack_social_options":{"image_generator_settings":{"template":"highway","default_image_id":0,"font":"","enabled":false},"version":2}},"categories":[3],"tags":[3154],"class_list":{"0":"post-46219","1":"post","2":"type-post","3":"status-publish","4":"format-standard","5":"has-post-thumbnail","7":"category-descontento","8":"tag-poesia-venezolana-contemporanea"},"jetpack_publicize_connections":[],"jetpack_featured_media_url":"https:\/\/i0.wp.com\/www.panfletonegro.com\/v\/wp-content\/uploads\/2014\/06\/Portada-Lejano-Oeste.jpg?fit=698%2C1247&ssl=1","jetpack_shortlink":"https:\/\/wp.me\/pfpCD-c1t","jetpack_sharing_enabled":true,"_links":{"self":[{"href":"https:\/\/www.panfletonegro.com\/v\/wp-json\/wp\/v2\/posts\/46219","targetHints":{"allow":["GET"]}}],"collection":[{"href":"https:\/\/www.panfletonegro.com\/v\/wp-json\/wp\/v2\/posts"}],"about":[{"href":"https:\/\/www.panfletonegro.com\/v\/wp-json\/wp\/v2\/types\/post"}],"author":[{"embeddable":true,"href":"https:\/\/www.panfletonegro.com\/v\/wp-json\/wp\/v2\/users\/1928"}],"replies":[{"embeddable":true,"href":"https:\/\/www.panfletonegro.com\/v\/wp-json\/wp\/v2\/comments?post=46219"}],"version-history":[{"count":0,"href":"https:\/\/www.panfletonegro.com\/v\/wp-json\/wp\/v2\/posts\/46219\/revisions"}],"wp:featuredmedia":[{"embeddable":true,"href":"https:\/\/www.panfletonegro.com\/v\/wp-json\/wp\/v2\/media\/46220"}],"wp:attachment":[{"href":"https:\/\/www.panfletonegro.com\/v\/wp-json\/wp\/v2\/media?parent=46219"}],"wp:term":[{"taxonomy":"category","embeddable":true,"href":"https:\/\/www.panfletonegro.com\/v\/wp-json\/wp\/v2\/categories?post=46219"},{"taxonomy":"post_tag","embeddable":true,"href":"https:\/\/www.panfletonegro.com\/v\/wp-json\/wp\/v2\/tags?post=46219"}],"curies":[{"name":"wp","href":"https:\/\/api.w.org\/{rel}","templated":true}]}}