{"id":46128,"date":"2014-05-20T14:19:24","date_gmt":"2014-05-20T18:49:24","guid":{"rendered":"http:\/\/www.panfletonegro.com\/v\/?p=46128"},"modified":"2014-07-17T19:40:25","modified_gmt":"2014-07-18T00:10:25","slug":"panfleto-ucevista","status":"publish","type":"post","link":"https:\/\/www.panfletonegro.com\/v\/2014\/05\/20\/panfleto-ucevista\/","title":{"rendered":"Apat\u00eda ucevista."},"content":{"rendered":"<p><img data-recalc-dims=\"1\" loading=\"lazy\" decoding=\"async\" class=\"alignnone\" src=\"https:\/\/i0.wp.com\/www.lapatilla.com\/site\/wp-content\/uploads\/2014\/04\/635321643356601489.jpg?resize=493%2C516\" alt=\"\" width=\"493\" height=\"516\" \/><\/p>\n<p>Siempre lo he dicho: Ser estudiante de Ciencias Pol\u00edticas y vivir lo que estamos viviendo es una suerte de nuestra profesi\u00f3n -no, no es sarcasmo-. Lo digo porque somos los j\u00f3venes quienes vamos a poder recordar los errores que cometieron los d\u00e9spotas del siglo XXI. Soy estudiante de la UCV, y siempre recuerdo esas historias que me contaban mis t\u00edos de esa universidad combativa e irreverente ante cualquier gobierno, cosa que no ha cambiado. Somos los j\u00f3venes quienes podremos decir, con cierto recelo, las arbitrariedades a la que fuimos expuestos en una \u00e9poca tan sombr\u00eda para la Democracia y para el libre pensar. S\u00ed, esa democracia que tanto ha escrito Bobbio en donde las minor\u00edas deben ser respetadas, porque sin minor\u00edas no existir\u00eda la libre disidencia.<\/p>\n<p>El d\u00eda 14 de mayo se ten\u00eda previsto una marcha desde Chaca\u00edto hasta el Ministerio P\u00fablico exigiendo la liberaci\u00f3n de nuestros compa\u00f1eros <a href=\"http:\/\/www.lapatilla.com\/site\/2014\/05\/10\/detenidos-del-pnud-y-la-sadel-llegan-al-palacio-de-justicia\/\" target=\"_blank\">detenidos<\/a> en los \u00bbcampamentos de libertad\u00bb en Chacao, Los Palos Grandes y Baruta. Cuando nos dispusimos a hablar con la PNB, nos dijeron que la marcha no sal\u00eda por \u00bbordenes de arriba\u00bb. Para evitar, pues, una arremetida y m\u00e1s detenidos nos dirigimos hacia la sede del PNUD (Programa de las Naciones Unidas para el Desarrollo) a entregar una carta a una fiscal que nos estaba esperando all\u00ed. La marcha se realiz\u00f3 con normalidad. Cantos a favor de las luchas estudiantiles y contra las injustas detenciones. Al llegar al PNUD se enton\u00f3 el himno nacional -no soy para nada patriota-, y se realizaron algunas consignas. Al mismo tiempo, un grupo se dispuso a trancar la calle. Pasaron menos de 10 minutos cuando nos embosca la GNB con, al menos, 60 motos con parrilleros. Resultado: 105 detenidos ese d\u00eda, de los cuales 40 son Ucevistas. Otro golpe a la libertad y al libre pensamiento. Consternado por lo sucedido, y al ver a varios compa\u00f1eros y amigos entre los detenidos, pens\u00e9 -so\u00f1\u00e9- que la UCV al d\u00eda siguiente iba a estar alborotada, movida y tambi\u00e9n conmovida por las detenciones, pero no fue as\u00ed. Ambiente de tranquilidad, en el cafet\u00edn de Ingenier\u00eda la gente re\u00eda, caminaba y se tomaba los famosos jugos de fresa que venden desde tiempos inmemoriales. En Arquitectura suced\u00eda lo mismo, y as\u00ed en toda la UCV -a excepci\u00f3n de Derecho d\u00f3nde estudiantes realizaron un <a href=\"https:\/\/twitter.com\/LitisUCV\/status\/466913449378058241\/photo\/1\" target=\"_blank\">pupitrazo<\/a>\u00a0en protesta a las detenciones injustas-. Pero nada del otro mundo. El reloj de plaza el rectorado segu\u00eda movi\u00e9ndose, el comedor segu\u00eda entregando comida, los salones segu\u00edan\u00a0impartiendo clases.<\/p>\n<p>Pens\u00e9 poder escribir un art\u00edculo de \u00bban\u00e1lisis\u00bb pero se me hace muy dif\u00edcil ser objetivo, pragm\u00e1tico y avalorativo cuando veo a compa\u00f1eros de salones, compa\u00f1eros con quien uno ha discutido y\/o debatido y de vez en cuando echarse unos tragos, que se encuentran en una jaula preso del sistema y de la super-estructura. Es muy dif\u00edcil ser una ap\u00e1tico en momentos as\u00ed, porque si eres ap\u00e1tico s\u00f3lo eres una sombra que camina sin rumbo ni fin. Tampoco dir\u00e9 que \u00bbestamos del lado correcto de la historia\u00bb, porque tambi\u00e9n nosotros cometemos errores como humanos, como j\u00f3venes, como universitarios. Pens\u00e9, pues, en hacer un an\u00e1lisis de altura, pero la agon\u00eda de mi generaci\u00f3n no me deja respirar. Me duele ver c\u00f3mo esas mismas sombras ap\u00e1ticas caminan por los mismos pasillos por donde pasaron grandes luchadores y defensores de la Universidad ideal, de la universidad gratuita y de calidad. Me duele ver c\u00f3mo hay estudiantes que est\u00e1n de acuerdo con la detenci\u00f3n de manifestantes, c\u00f3mo hay estudiantes que prefieren no opinar por no comprometerse a nada. \u00bfSomos, acaso, la nueva generaci\u00f3n boba a las que pertenecieron nuestros padres? No nos sintamos orgullosos del presente, sintamonos orgullosos de la construcci\u00f3n del futuro, porque estudiantes somos todos.<\/p>\n<blockquote>\n<p style=\"text-align: right\"><span style=\"font-style: normal;color: #545454\">\u00ab<\/span><em style=\"font-weight: bold;font-style: normal;color: #545454\">Nuestra esperanza<\/em><span style=\"font-style: normal;color: #545454\">\u00a0s\u00f3lo puede venir de los sin esperanza.\u00bb Mayo 68&#8242;<\/span><\/p>\n<\/blockquote>\n<p>&nbsp;<\/p>\n","protected":false},"excerpt":{"rendered":"<p>Siempre lo he dicho: Ser estudiante de Ciencias Pol\u00edticas y vivir lo que estamos viviendo es una suerte de nuestra profesi\u00f3n -no, no es sarcasmo-. Lo digo porque somos los j\u00f3venes quienes vamos a poder recordar los errores que cometieron los d\u00e9spotas del siglo XXI. Soy estudiante de la UCV, y siempre recuerdo esas historias [&hellip;]<\/p>\n","protected":false},"author":1506,"featured_media":0,"comment_status":"open","ping_status":"open","sticky":false,"template":"","format":"standard","meta":{"jetpack_post_was_ever_published":false,"_jetpack_newsletter_access":"","_jetpack_dont_email_post_to_subs":false,"_jetpack_newsletter_tier_id":0,"_jetpack_memberships_contains_paywalled_content":false,"_jetpack_memberships_contains_paid_content":false,"footnotes":"","jetpack_publicize_message":"","jetpack_publicize_feature_enabled":true,"jetpack_social_post_already_shared":false,"jetpack_social_options":{"image_generator_settings":{"template":"highway","default_image_id":0,"font":"","enabled":false},"version":2}},"categories":[2439],"tags":[3148,62,1031,413,3150,3152,2563,3151,1338,1475,3149,44],"class_list":{"0":"post-46128","1":"post","2":"type-post","3":"status-publish","4":"format-standard","6":"category-arte","7":"tag-apatia","8":"tag-caracas","9":"tag-crisis","10":"tag-estudiantes","11":"tag-fcu","12":"tag-luchas","13":"tag-marcha","14":"tag-panfleto","15":"tag-ucv","16":"tag-universidad-central-de-venezuela","17":"tag-universitarios","18":"tag-venezuela"},"jetpack_publicize_connections":[],"jetpack_featured_media_url":"","jetpack_shortlink":"https:\/\/wp.me\/pfpCD-c00","jetpack_sharing_enabled":true,"_links":{"self":[{"href":"https:\/\/www.panfletonegro.com\/v\/wp-json\/wp\/v2\/posts\/46128","targetHints":{"allow":["GET"]}}],"collection":[{"href":"https:\/\/www.panfletonegro.com\/v\/wp-json\/wp\/v2\/posts"}],"about":[{"href":"https:\/\/www.panfletonegro.com\/v\/wp-json\/wp\/v2\/types\/post"}],"author":[{"embeddable":true,"href":"https:\/\/www.panfletonegro.com\/v\/wp-json\/wp\/v2\/users\/1506"}],"replies":[{"embeddable":true,"href":"https:\/\/www.panfletonegro.com\/v\/wp-json\/wp\/v2\/comments?post=46128"}],"version-history":[{"count":0,"href":"https:\/\/www.panfletonegro.com\/v\/wp-json\/wp\/v2\/posts\/46128\/revisions"}],"wp:attachment":[{"href":"https:\/\/www.panfletonegro.com\/v\/wp-json\/wp\/v2\/media?parent=46128"}],"wp:term":[{"taxonomy":"category","embeddable":true,"href":"https:\/\/www.panfletonegro.com\/v\/wp-json\/wp\/v2\/categories?post=46128"},{"taxonomy":"post_tag","embeddable":true,"href":"https:\/\/www.panfletonegro.com\/v\/wp-json\/wp\/v2\/tags?post=46128"}],"curies":[{"name":"wp","href":"https:\/\/api.w.org\/{rel}","templated":true}]}}