{"id":46097,"date":"2014-05-15T11:58:44","date_gmt":"2014-05-15T16:28:44","guid":{"rendered":"http:\/\/www.panfletonegro.com\/v\/?p=46097"},"modified":"2014-06-07T11:50:52","modified_gmt":"2014-06-07T16:20:52","slug":"el-fin-de-los-tiempos-o-duda-patafisca","status":"publish","type":"post","link":"https:\/\/www.panfletonegro.com\/v\/2014\/05\/15\/el-fin-de-los-tiempos-o-duda-patafisca\/","title":{"rendered":"El fin de los tiempos o duda pataf\u00edsca."},"content":{"rendered":"<figure id=\"attachment_46098\" aria-describedby=\"caption-attachment-46098\" style=\"width: 314px\" class=\"wp-caption alignright\"><a href=\"https:\/\/i0.wp.com\/www.panfletonegro.com\/v\/wp-content\/uploads\/2014\/05\/gato.jpg\"><img data-recalc-dims=\"1\" loading=\"lazy\" decoding=\"async\" data-attachment-id=\"46098\" data-permalink=\"https:\/\/www.panfletonegro.com\/v\/2014\/05\/15\/el-fin-de-los-tiempos-o-duda-patafisca\/gato\/\" data-orig-file=\"https:\/\/i0.wp.com\/www.panfletonegro.com\/v\/wp-content\/uploads\/2014\/05\/gato.jpg?fit=314%2C423&amp;ssl=1\" data-orig-size=\"314,423\" data-comments-opened=\"1\" data-image-meta=\"{&quot;aperture&quot;:&quot;0&quot;,&quot;credit&quot;:&quot;&quot;,&quot;camera&quot;:&quot;&quot;,&quot;caption&quot;:&quot;&quot;,&quot;created_timestamp&quot;:&quot;0&quot;,&quot;copyright&quot;:&quot;&quot;,&quot;focal_length&quot;:&quot;0&quot;,&quot;iso&quot;:&quot;0&quot;,&quot;shutter_speed&quot;:&quot;0&quot;,&quot;title&quot;:&quot;&quot;}\" data-image-title=\"gato\" data-image-description=\"\" data-image-caption=\"&lt;p&gt;Ivan Rios.&lt;\/p&gt;\n\" data-large-file=\"https:\/\/i0.wp.com\/www.panfletonegro.com\/v\/wp-content\/uploads\/2014\/05\/gato.jpg?fit=314%2C423&amp;ssl=1\" class=\"size-full wp-image-46098\" src=\"https:\/\/i0.wp.com\/www.panfletonegro.com\/v\/wp-content\/uploads\/2014\/05\/gato.jpg?resize=314%2C423\" alt=\"Ivan Rios.\" width=\"314\" height=\"423\" srcset=\"https:\/\/i0.wp.com\/www.panfletonegro.com\/v\/wp-content\/uploads\/2014\/05\/gato.jpg?w=314&amp;ssl=1 314w, https:\/\/i0.wp.com\/www.panfletonegro.com\/v\/wp-content\/uploads\/2014\/05\/gato.jpg?resize=145%2C195&amp;ssl=1 145w\" sizes=\"auto, (max-width: 314px) 100vw, 314px\" \/><\/a><figcaption id=\"caption-attachment-46098\" class=\"wp-caption-text\">Ivan R\u00edos.<\/figcaption><\/figure>\n<p><strong>P<\/strong>ara la gente normal, enti\u00e9ndase por gente normal, la que no contempla el color de las flores silvestre que han nacido en el borde del camino de piedras, o el que cocina pero no le echa clavitos de olor a la carne roja. Hay otro tipo de gentes, las que se llaman artistas. En estos tiempos de crisis idealistas, de sublevaciones, de m\u00e1s fanatismo y m\u00e1s privilegios a la hora de ser aceptado por un grupo social; seas trans, bi, defensor de las focas o los perros callejeros. Hay \u00a0toda clase de gentes. Ves montarse en el autob\u00fas a gente pidiendo dinero para un sobrino o una mam\u00e1 enferma en el hospital central, la gente que conoce el proceder de algunas de estas personas, dice abiertamente \u201c<em>no le den plata, qu\u00e9 trabaje<\/em>\u201d \u201c<em>\u00e9se lo vi fumarse todo el dinero<\/em> <em>que recogi\u00f3 en un<\/em> <em>d\u00eda<\/em>\u201d. Hoy muchos somos m\u00e1s nobles y damos nuestra limosna diaria, ya sea los domingos en misa o alg\u00fan fulano que huele mal y quieres que se aleje lo antes posible. Pero siempre ha sido as\u00ed- eso me dec\u00eda mi abuela-. La vida es la misma, cambia la ropa y la manera de llamar las cosas. \u201c<em>Yo planchaba con plancha de carb\u00f3n<\/em>, <em>t\u00fa ahora usas plancha de vapor\u201d.<\/em> A\u00fan, viendo las cosas as\u00ed solo puedo lucubrar, perderme en los porqu\u00e9 de esta raza. \u201c<em>He mamado la leche de mi raza<\/em>\u201d dec\u00eda El Tuerto L\u00f3pez, porque con tanto fanatismo no pod\u00eda irse a la cama sin persignarse.<\/p>\n","protected":false},"excerpt":{"rendered":"<p>Para la gente normal, enti\u00e9ndase por gente normal, la que no contempla el color de las flores silvestre que han nacido en el borde del camino de piedras, o el que cocina pero no le echa clavitos de olor a la carne roja. Hay otro tipo de gentes, las que se llaman artistas. En estos [&hellip;]<\/p>\n","protected":false},"author":1151,"featured_media":46098,"comment_status":"open","ping_status":"open","sticky":false,"template":"","format":"standard","meta":{"jetpack_post_was_ever_published":false,"_jetpack_newsletter_access":"","_jetpack_dont_email_post_to_subs":false,"_jetpack_newsletter_tier_id":0,"_jetpack_memberships_contains_paywalled_content":false,"_jetpack_memberships_contains_paid_content":false,"footnotes":"","jetpack_publicize_message":"","jetpack_publicize_feature_enabled":true,"jetpack_social_post_already_shared":false,"jetpack_social_options":{"image_generator_settings":{"template":"highway","default_image_id":0,"font":"","enabled":false},"version":2}},"categories":[2439],"tags":[],"class_list":{"0":"post-46097","1":"post","2":"type-post","3":"status-publish","4":"format-standard","5":"has-post-thumbnail","7":"category-arte"},"jetpack_publicize_connections":[],"jetpack_featured_media_url":"https:\/\/i0.wp.com\/www.panfletonegro.com\/v\/wp-content\/uploads\/2014\/05\/gato.jpg?fit=314%2C423&ssl=1","jetpack_shortlink":"https:\/\/wp.me\/pfpCD-bZv","jetpack_sharing_enabled":true,"_links":{"self":[{"href":"https:\/\/www.panfletonegro.com\/v\/wp-json\/wp\/v2\/posts\/46097","targetHints":{"allow":["GET"]}}],"collection":[{"href":"https:\/\/www.panfletonegro.com\/v\/wp-json\/wp\/v2\/posts"}],"about":[{"href":"https:\/\/www.panfletonegro.com\/v\/wp-json\/wp\/v2\/types\/post"}],"author":[{"embeddable":true,"href":"https:\/\/www.panfletonegro.com\/v\/wp-json\/wp\/v2\/users\/1151"}],"replies":[{"embeddable":true,"href":"https:\/\/www.panfletonegro.com\/v\/wp-json\/wp\/v2\/comments?post=46097"}],"version-history":[{"count":0,"href":"https:\/\/www.panfletonegro.com\/v\/wp-json\/wp\/v2\/posts\/46097\/revisions"}],"wp:featuredmedia":[{"embeddable":true,"href":"https:\/\/www.panfletonegro.com\/v\/wp-json\/wp\/v2\/media\/46098"}],"wp:attachment":[{"href":"https:\/\/www.panfletonegro.com\/v\/wp-json\/wp\/v2\/media?parent=46097"}],"wp:term":[{"taxonomy":"category","embeddable":true,"href":"https:\/\/www.panfletonegro.com\/v\/wp-json\/wp\/v2\/categories?post=46097"},{"taxonomy":"post_tag","embeddable":true,"href":"https:\/\/www.panfletonegro.com\/v\/wp-json\/wp\/v2\/tags?post=46097"}],"curies":[{"name":"wp","href":"https:\/\/api.w.org\/{rel}","templated":true}]}}